{"id":88698,"date":"2024-01-03T19:31:09","date_gmt":"2024-01-03T19:31:09","guid":{"rendered":"https:\/\/estado29.mx\/?p=88698"},"modified":"2024-01-03T19:31:11","modified_gmt":"2024-01-03T19:31:11","slug":"presupuesto-de-2024-tiene-como-objetivo-el-combate-a-la-marginacion-y-pobreza","status":"publish","type":"post","link":"https:\/\/estado29.mx\/?p=88698","title":{"rendered":"Presupuesto de 2024 tiene como objetivo el combate a la marginaci\u00f3n y pobreza."},"content":{"rendered":"\n<p>El Diputado Federal por el Distrito 1, Tlaxcala, Jos\u00e9 Alejandro Aguilar L\u00f3pez, detall\u00f3 que el presupuesto aprobado para el presente a\u00f1o, tiene como objetivo el combate a la marginaci\u00f3n y la pobreza.<\/p>\n\n\n\n<p><br>Aguilar L\u00f3pez agreg\u00f3 que ya se logrado un avance considerable, por lo que se espera que en este a\u00f1o, dar continuidad al combate en el rezago en los diferentes sectores \u201ccon mucho gusto te puedo decir que, es un presupuesto que va a ayudar a superar marginaci\u00f3n, pobreza, se est\u00e1 logrando ya un avance considerable\u201d.<\/p>\n\n\n<figure class=\"wp-block-post-featured-image\"><img loading=\"lazy\" decoding=\"async\" width=\"2560\" height=\"1920\" src=\"https:\/\/estado29.mx\/wp-content\/uploads\/2023\/12\/IMG_20231229_093017-min-scaled.jpg\" class=\"attachment-post-thumbnail size-post-thumbnail wp-post-image\" alt=\"\" style=\"object-fit:cover;\" srcset=\"https:\/\/estado29.mx\/wp-content\/uploads\/2023\/12\/IMG_20231229_093017-min-scaled.jpg 2560w, https:\/\/estado29.mx\/wp-content\/uploads\/2023\/12\/IMG_20231229_093017-min-300x225.jpg 300w, https:\/\/estado29.mx\/wp-content\/uploads\/2023\/12\/IMG_20231229_093017-min-1024x768.jpg 1024w, https:\/\/estado29.mx\/wp-content\/uploads\/2023\/12\/IMG_20231229_093017-min-768x576.jpg 768w, https:\/\/estado29.mx\/wp-content\/uploads\/2023\/12\/IMG_20231229_093017-min-1536x1152.jpg 1536w, https:\/\/estado29.mx\/wp-content\/uploads\/2023\/12\/IMG_20231229_093017-min-2048x1536.jpg 2048w, https:\/\/estado29.mx\/wp-content\/uploads\/2023\/12\/IMG_20231229_093017-min-750x563.jpg 750w, https:\/\/estado29.mx\/wp-content\/uploads\/2023\/12\/IMG_20231229_093017-min-1140x855.jpg 1140w\" sizes=\"auto, (max-width: 2560px) 100vw, 2560px\" \/><\/figure>\n\n\n<p><br>El Diputado Federal, coment\u00f3 que dicho presupuesto tiene un crecimiento del 4.2 por ciento \u201cvemos que nuestro pa\u00eds va por buen camino, Tlaxcala va por buen camino, el presupuesto que se aprob\u00f3 fue de 9 billones 66 mil 45 punto ocho millones de pesos, es un presupuesto que en t\u00e9rminos reales, tiene en crecimiento de 4.2 por ciento\u201d.<\/p>\n","protected":false},"excerpt":{"rendered":"<p>El Diputado Federal por el Distrito 1, Tlaxcala, Jos\u00e9 Alejandro Aguilar L\u00f3pez, detall\u00f3 que el presupuesto aprobado para el presente a\u00f1o, tiene como objetivo el combate a la marginaci\u00f3n y la pobreza. Aguilar L\u00f3pez agreg\u00f3 que ya se logrado un avance considerable, por lo que se espera que en este a\u00f1o, dar continuidad al combate [&hellip;]<\/p>\n","protected":false},"author":7,"featured_media":88677,"comment_status":"open","ping_status":"open","sticky":false,"template":"","format":"standard","meta":{"om_disable_all_campaigns":false,"_monsterinsights_skip_tracking":false,"_monsterinsights_sitenote_active":false,"_monsterinsights_sitenote_note":"","_monsterinsights_sitenote_category":0,"jnews-multi-image_gallery":[],"jnews_single_post":{"subtitle":"","format":"standard","video":"","gallery":"","source_name":"","source_url":"","via_name":"","via_url":"","override_template":"0","override":[{"template":"1","single_blog_custom":"","parallax":"1","fullscreen":"1","layout":"right-sidebar","sidebar":"default-sidebar","second_sidebar":"default-sidebar","sticky_sidebar":"1","share_position":"top","share_float_style":"share-monocrhome","show_share_counter":"1","show_view_counter":"1","show_featured":"1","show_post_meta":"1","show_post_author":"1","show_post_author_image":"1","show_post_date":"1","post_date_format":"default","post_date_format_custom":"Y\/m\/d","show_post_category":"1","show_post_reading_time":"0","post_reading_time_wpm":"300","show_zoom_button":"0","zoom_button_out_step":"2","zoom_button_in_step":"3","show_post_tag":"1","show_prev_next_post":"1","show_popup_post":"1","number_popup_post":"1","show_author_box":"1","show_post_related":"0","show_inline_post_related":"0"}],"override_image_size":"0","image_override":[{"single_post_thumbnail_size":"crop-500","single_post_gallery_size":"crop-500"}],"trending_post":"0","trending_post_position":"meta","trending_post_label":"Trending","sponsored_post":"0","sponsored_post_label":"Sponsored by","sponsored_post_name":"","sponsored_post_url":"","sponsored_post_logo_enable":"0","sponsored_post_logo":"","sponsored_post_desc":"","disable_ad":"0"},"jnews_primary_category":{"id":""},"footnotes":""},"categories":[1],"tags":[],"class_list":["post-88698","post","type-post","status-publish","format-standard","has-post-thumbnail","hentry","category-uncategorized"],"aioseo_notices":[],"_links":{"self":[{"href":"https:\/\/estado29.mx\/index.php?rest_route=\/wp\/v2\/posts\/88698","targetHints":{"allow":["GET"]}}],"collection":[{"href":"https:\/\/estado29.mx\/index.php?rest_route=\/wp\/v2\/posts"}],"about":[{"href":"https:\/\/estado29.mx\/index.php?rest_route=\/wp\/v2\/types\/post"}],"author":[{"embeddable":true,"href":"https:\/\/estado29.mx\/index.php?rest_route=\/wp\/v2\/users\/7"}],"replies":[{"embeddable":true,"href":"https:\/\/estado29.mx\/index.php?rest_route=%2Fwp%2Fv2%2Fcomments&post=88698"}],"version-history":[{"count":1,"href":"https:\/\/estado29.mx\/index.php?rest_route=\/wp\/v2\/posts\/88698\/revisions"}],"predecessor-version":[{"id":88699,"href":"https:\/\/estado29.mx\/index.php?rest_route=\/wp\/v2\/posts\/88698\/revisions\/88699"}],"wp:featuredmedia":[{"embeddable":true,"href":"https:\/\/estado29.mx\/index.php?rest_route=\/wp\/v2\/media\/88677"}],"wp:attachment":[{"href":"https:\/\/estado29.mx\/index.php?rest_route=%2Fwp%2Fv2%2Fmedia&parent=88698"}],"wp:term":[{"taxonomy":"category","embeddable":true,"href":"https:\/\/estado29.mx\/index.php?rest_route=%2Fwp%2Fv2%2Fcategories&post=88698"},{"taxonomy":"post_tag","embeddable":true,"href":"https:\/\/estado29.mx\/index.php?rest_route=%2Fwp%2Fv2%2Ftags&post=88698"}],"curies":[{"name":"wp","href":"https:\/\/api.w.org\/{rel}","templated":true}]}}