{"id":88700,"date":"2024-01-03T19:33:47","date_gmt":"2024-01-03T19:33:47","guid":{"rendered":"https:\/\/estado29.mx\/?p=88700"},"modified":"2024-01-03T19:33:48","modified_gmt":"2024-01-03T19:33:48","slug":"autoridades-de-atltzayanca-buscan-combatir-desabasto-de-agua-potable-en-comunidades","status":"publish","type":"post","link":"https:\/\/estado29.mx\/?p=88700","title":{"rendered":"Autoridades de Atltzayanca buscan combatir desabasto de agua potable en comunidades."},"content":{"rendered":"\n<p>El Presidente Municipal de Atltzayanca, Gustavo Parada Matamoros, refiri\u00f3 que los problemas de abastecimiento en el servicio de agua potable, son principalmente en las comunidades que se encuentran ubicadas en las zonas altas del municipio.<\/p>\n\n\n\n<p><br>En este sentido, Parada Matamoros, enfatiz\u00f3 que ya se ya tratado de regular este problema, asimismo, resalt\u00f3 que una de las comunidades que se han complicado es Nexnopala y La Garita \u201chemos tratado de regularla, tenemos un poco de complicaci\u00f3n en Nexnopala, en La Garita ya est\u00e1 equipado todo, ya nos dimos a la tarea de armar y equipar, pero paramos por un permiso, que tiene que d\u00e1rnoslo, Ixtacamaxtitl\u00e1n, Puebla, porque ustedes saben que la mitad es Puebla y la mitad es Tlaxcala\u201d.<\/p>\n\n\n<figure class=\"wp-block-post-featured-image\"><img loading=\"lazy\" decoding=\"async\" width=\"701\" height=\"437\" src=\"https:\/\/estado29.mx\/wp-content\/uploads\/2023\/04\/images-7.jpeg\" class=\"attachment-post-thumbnail size-post-thumbnail wp-post-image\" alt=\"\" style=\"object-fit:cover;\" srcset=\"https:\/\/estado29.mx\/wp-content\/uploads\/2023\/04\/images-7.jpeg 701w, https:\/\/estado29.mx\/wp-content\/uploads\/2023\/04\/images-7-300x187.jpeg 300w\" sizes=\"auto, (max-width: 701px) 100vw, 701px\" \/><\/figure>\n\n\n<p><br>De igual manera, coment\u00f3 que en La Garita, ya se tiene equipado un pozo para que los pobladores cuenten con el servicio y que s\u00f3lo est\u00e1n en espera de un permiso por parte de autoridades de Puebla \u201clo que nos toca hacer a nosotros como autoridad, ya equipamos, ya pusimos todo lo que se requiere, pero yo creo que en estos d\u00edas, ya se esta trabajando para que ya tengan agua en La Garita\u201d.<\/p>\n","protected":false},"excerpt":{"rendered":"<p>El Presidente Municipal de Atltzayanca, Gustavo Parada Matamoros, refiri\u00f3 que los problemas de abastecimiento en el servicio de agua potable, son principalmente en las comunidades que se encuentran ubicadas en las zonas altas del municipio. En este sentido, Parada Matamoros, enfatiz\u00f3 que ya se ya tratado de regular este problema, asimismo, resalt\u00f3 que una de [&hellip;]<\/p>\n","protected":false},"author":7,"featured_media":85651,"comment_status":"open","ping_status":"open","sticky":false,"template":"","format":"standard","meta":{"om_disable_all_campaigns":false,"_monsterinsights_skip_tracking":false,"_monsterinsights_sitenote_active":false,"_monsterinsights_sitenote_note":"","_monsterinsights_sitenote_category":0,"jnews-multi-image_gallery":[],"jnews_single_post":{"subtitle":"","format":"standard","video":"","gallery":"","source_name":"","source_url":"","via_name":"","via_url":"","override_template":"0","override":[{"template":"1","single_blog_custom":"","parallax":"1","fullscreen":"1","layout":"right-sidebar","sidebar":"default-sidebar","second_sidebar":"default-sidebar","sticky_sidebar":"1","share_position":"top","share_float_style":"share-monocrhome","show_share_counter":"1","show_view_counter":"1","show_featured":"1","show_post_meta":"1","show_post_author":"1","show_post_author_image":"1","show_post_date":"1","post_date_format":"default","post_date_format_custom":"Y\/m\/d","show_post_category":"1","show_post_reading_time":"0","post_reading_time_wpm":"300","show_zoom_button":"0","zoom_button_out_step":"2","zoom_button_in_step":"3","show_post_tag":"1","show_prev_next_post":"1","show_popup_post":"1","number_popup_post":"1","show_author_box":"1","show_post_related":"0","show_inline_post_related":"0"}],"override_image_size":"0","image_override":[{"single_post_thumbnail_size":"crop-500","single_post_gallery_size":"crop-500"}],"trending_post":"0","trending_post_position":"meta","trending_post_label":"Trending","sponsored_post":"0","sponsored_post_label":"Sponsored by","sponsored_post_name":"","sponsored_post_url":"","sponsored_post_logo_enable":"0","sponsored_post_logo":"","sponsored_post_desc":"","disable_ad":"0"},"jnews_primary_category":{"id":""},"footnotes":""},"categories":[1],"tags":[],"class_list":["post-88700","post","type-post","status-publish","format-standard","has-post-thumbnail","hentry","category-uncategorized"],"aioseo_notices":[],"_links":{"self":[{"href":"https:\/\/estado29.mx\/index.php?rest_route=\/wp\/v2\/posts\/88700","targetHints":{"allow":["GET"]}}],"collection":[{"href":"https:\/\/estado29.mx\/index.php?rest_route=\/wp\/v2\/posts"}],"about":[{"href":"https:\/\/estado29.mx\/index.php?rest_route=\/wp\/v2\/types\/post"}],"author":[{"embeddable":true,"href":"https:\/\/estado29.mx\/index.php?rest_route=\/wp\/v2\/users\/7"}],"replies":[{"embeddable":true,"href":"https:\/\/estado29.mx\/index.php?rest_route=%2Fwp%2Fv2%2Fcomments&post=88700"}],"version-history":[{"count":1,"href":"https:\/\/estado29.mx\/index.php?rest_route=\/wp\/v2\/posts\/88700\/revisions"}],"predecessor-version":[{"id":88701,"href":"https:\/\/estado29.mx\/index.php?rest_route=\/wp\/v2\/posts\/88700\/revisions\/88701"}],"wp:featuredmedia":[{"embeddable":true,"href":"https:\/\/estado29.mx\/index.php?rest_route=\/wp\/v2\/media\/85651"}],"wp:attachment":[{"href":"https:\/\/estado29.mx\/index.php?rest_route=%2Fwp%2Fv2%2Fmedia&parent=88700"}],"wp:term":[{"taxonomy":"category","embeddable":true,"href":"https:\/\/estado29.mx\/index.php?rest_route=%2Fwp%2Fv2%2Fcategories&post=88700"},{"taxonomy":"post_tag","embeddable":true,"href":"https:\/\/estado29.mx\/index.php?rest_route=%2Fwp%2Fv2%2Ftags&post=88700"}],"curies":[{"name":"wp","href":"https:\/\/api.w.org\/{rel}","templated":true}]}}