{"id":88709,"date":"2024-01-04T18:14:07","date_gmt":"2024-01-04T18:14:07","guid":{"rendered":"https:\/\/estado29.mx\/?p=88709"},"modified":"2024-01-04T18:14:09","modified_gmt":"2024-01-04T18:14:09","slug":"registra-avances-considerables-el-tema-de-reduccion-en-la-jornada-laboral","status":"publish","type":"post","link":"https:\/\/estado29.mx\/?p=88709","title":{"rendered":"Registra avances considerables el tema de reducci\u00f3n en la Jornada Laboral."},"content":{"rendered":"\n<p>El Diputado Federal por el Distrito 1, Tlaxcala, Jos\u00e9 Alejandro Aguilar L\u00f3pez, refiri\u00f3 que en el tema de la reducci\u00f3n en la jornada laboral, que ser\u00eda de 48 a 40 horas semanales, detall\u00f3 que se han realizado mesas de trabajo que han generado avances considerables \u201calgo muy importante que nos han pedido las organizaciones es que los ayudemos con esta jornada laboral tan importante, reducirla de 48 a 40 horas\u201d.<\/p>\n\n\n\n<p><br>En este sentido, Aguilar L\u00f3pez coment\u00f3 que ser\u00eda por la primera quincena de febrero que se tenga una respuesta final, en donde con esta reducci\u00f3n, los trabajadores van a tener mas tiempo de convivencia familiar y desarrollar otras actividades \u201cse est\u00e1n haciendo las mesas correspondientes de trabajo, ya hay avances considerables y vamos a tener buenas noticias all\u00e1 en la primera quincena de febrero, a donde es muy probable que haya una reducci\u00f3n, para que nuestras amigas y amigos trabajadores, puedan tener m\u00e1s espacio para convivir y compartir con su familia, m\u00e1s tiempo y tambi\u00e9n para desarrollar otras actividades, hasta personales, ejercicio, u otra actividad que deseen\u201d.<\/p>\n\n\n<figure class=\"wp-block-post-featured-image\"><img loading=\"lazy\" decoding=\"async\" width=\"2560\" height=\"1922\" src=\"https:\/\/estado29.mx\/wp-content\/uploads\/2023\/08\/IMG_20230824_141519-min2-scaled.jpg\" class=\"attachment-post-thumbnail size-post-thumbnail wp-post-image\" alt=\"\" style=\"object-fit:cover;\" srcset=\"https:\/\/estado29.mx\/wp-content\/uploads\/2023\/08\/IMG_20230824_141519-min2-scaled.jpg 2560w, https:\/\/estado29.mx\/wp-content\/uploads\/2023\/08\/IMG_20230824_141519-min2-300x225.jpg 300w, https:\/\/estado29.mx\/wp-content\/uploads\/2023\/08\/IMG_20230824_141519-min2-1024x769.jpg 1024w, https:\/\/estado29.mx\/wp-content\/uploads\/2023\/08\/IMG_20230824_141519-min2-768x577.jpg 768w, https:\/\/estado29.mx\/wp-content\/uploads\/2023\/08\/IMG_20230824_141519-min2-1536x1153.jpg 1536w, https:\/\/estado29.mx\/wp-content\/uploads\/2023\/08\/IMG_20230824_141519-min2-2048x1538.jpg 2048w, https:\/\/estado29.mx\/wp-content\/uploads\/2023\/08\/IMG_20230824_141519-min2-750x563.jpg 750w, https:\/\/estado29.mx\/wp-content\/uploads\/2023\/08\/IMG_20230824_141519-min2-1140x856.jpg 1140w\" sizes=\"auto, (max-width: 2560px) 100vw, 2560px\" \/><\/figure>","protected":false},"excerpt":{"rendered":"<p>El Diputado Federal por el Distrito 1, Tlaxcala, Jos\u00e9 Alejandro Aguilar L\u00f3pez, refiri\u00f3 que en el tema de la reducci\u00f3n en la jornada laboral, que ser\u00eda de 48 a 40 horas semanales, detall\u00f3 que se han realizado mesas de trabajo que han generado avances considerables \u201calgo muy importante que nos han pedido las organizaciones es [&hellip;]<\/p>\n","protected":false},"author":7,"featured_media":87734,"comment_status":"open","ping_status":"open","sticky":false,"template":"","format":"standard","meta":{"om_disable_all_campaigns":false,"_monsterinsights_skip_tracking":false,"_monsterinsights_sitenote_active":false,"_monsterinsights_sitenote_note":"","_monsterinsights_sitenote_category":0,"jnews-multi-image_gallery":[],"jnews_single_post":{"subtitle":"","format":"standard","video":"","gallery":"","source_name":"","source_url":"","via_name":"","via_url":"","override_template":"0","override":[{"template":"1","single_blog_custom":"","parallax":"1","fullscreen":"1","layout":"right-sidebar","sidebar":"default-sidebar","second_sidebar":"default-sidebar","sticky_sidebar":"1","share_position":"top","share_float_style":"share-monocrhome","show_share_counter":"1","show_view_counter":"1","show_featured":"1","show_post_meta":"1","show_post_author":"1","show_post_author_image":"1","show_post_date":"1","post_date_format":"default","post_date_format_custom":"Y\/m\/d","show_post_category":"1","show_post_reading_time":"0","post_reading_time_wpm":"300","show_zoom_button":"0","zoom_button_out_step":"2","zoom_button_in_step":"3","show_post_tag":"1","show_prev_next_post":"1","show_popup_post":"1","number_popup_post":"1","show_author_box":"1","show_post_related":"0","show_inline_post_related":"0"}],"override_image_size":"0","image_override":[{"single_post_thumbnail_size":"crop-500","single_post_gallery_size":"crop-500"}],"trending_post":"0","trending_post_position":"meta","trending_post_label":"Trending","sponsored_post":"0","sponsored_post_label":"Sponsored by","sponsored_post_name":"","sponsored_post_url":"","sponsored_post_logo_enable":"0","sponsored_post_logo":"","sponsored_post_desc":"","disable_ad":"0"},"jnews_primary_category":{"id":""},"footnotes":""},"categories":[1],"tags":[],"class_list":["post-88709","post","type-post","status-publish","format-standard","has-post-thumbnail","hentry","category-uncategorized"],"aioseo_notices":[],"_links":{"self":[{"href":"https:\/\/estado29.mx\/index.php?rest_route=\/wp\/v2\/posts\/88709","targetHints":{"allow":["GET"]}}],"collection":[{"href":"https:\/\/estado29.mx\/index.php?rest_route=\/wp\/v2\/posts"}],"about":[{"href":"https:\/\/estado29.mx\/index.php?rest_route=\/wp\/v2\/types\/post"}],"author":[{"embeddable":true,"href":"https:\/\/estado29.mx\/index.php?rest_route=\/wp\/v2\/users\/7"}],"replies":[{"embeddable":true,"href":"https:\/\/estado29.mx\/index.php?rest_route=%2Fwp%2Fv2%2Fcomments&post=88709"}],"version-history":[{"count":1,"href":"https:\/\/estado29.mx\/index.php?rest_route=\/wp\/v2\/posts\/88709\/revisions"}],"predecessor-version":[{"id":88710,"href":"https:\/\/estado29.mx\/index.php?rest_route=\/wp\/v2\/posts\/88709\/revisions\/88710"}],"wp:featuredmedia":[{"embeddable":true,"href":"https:\/\/estado29.mx\/index.php?rest_route=\/wp\/v2\/media\/87734"}],"wp:attachment":[{"href":"https:\/\/estado29.mx\/index.php?rest_route=%2Fwp%2Fv2%2Fmedia&parent=88709"}],"wp:term":[{"taxonomy":"category","embeddable":true,"href":"https:\/\/estado29.mx\/index.php?rest_route=%2Fwp%2Fv2%2Fcategories&post=88709"},{"taxonomy":"post_tag","embeddable":true,"href":"https:\/\/estado29.mx\/index.php?rest_route=%2Fwp%2Fv2%2Ftags&post=88709"}],"curies":[{"name":"wp","href":"https:\/\/api.w.org\/{rel}","templated":true}]}}