{"id":88711,"date":"2024-01-04T18:32:21","date_gmt":"2024-01-04T18:32:21","guid":{"rendered":"https:\/\/estado29.mx\/?p=88711"},"modified":"2024-01-04T18:32:22","modified_gmt":"2024-01-04T18:32:22","slug":"se-realiza-con-exito-la-segunda-gran-feria-de-empleo-en-huamantla","status":"publish","type":"post","link":"https:\/\/estado29.mx\/?p=88711","title":{"rendered":"Se realiza con \u00e9xito la Segunda Gran Feria de Empleo en Huamantla."},"content":{"rendered":"\n<p>Hoy jueves 4 de enero del a\u00f1o en curso, se llev\u00f3 a cabo en el Municipio de Huamantla, La Segunda Gran Feria de Empleo, el evento tuvo lugar en las instalaciones de la Cancha 13, en donde m\u00e1s de 20 empresas se dieron cita para ofertar oportunidad de empleo a la ciudadan\u00eda.<\/p>\n\n\n\n<figure class=\"wp-block-image size-large is-resized\"><img loading=\"lazy\" decoding=\"async\" src=\"https:\/\/estado29.mx\/wp-content\/uploads\/2024\/01\/IMG_20240104_101519-min-768x1024.jpg\" alt=\"\" class=\"wp-image-88713\" width=\"305\" height=\"407\" srcset=\"https:\/\/estado29.mx\/wp-content\/uploads\/2024\/01\/IMG_20240104_101519-min-768x1024.jpg 768w, https:\/\/estado29.mx\/wp-content\/uploads\/2024\/01\/IMG_20240104_101519-min-225x300.jpg 225w, https:\/\/estado29.mx\/wp-content\/uploads\/2024\/01\/IMG_20240104_101519-min-1152x1536.jpg 1152w, https:\/\/estado29.mx\/wp-content\/uploads\/2024\/01\/IMG_20240104_101519-min-1536x2048.jpg 1536w, https:\/\/estado29.mx\/wp-content\/uploads\/2024\/01\/IMG_20240104_101519-min-750x1000.jpg 750w, https:\/\/estado29.mx\/wp-content\/uploads\/2024\/01\/IMG_20240104_101519-min-1140x1520.jpg 1140w, https:\/\/estado29.mx\/wp-content\/uploads\/2024\/01\/IMG_20240104_101519-min-scaled.jpg 1920w\" sizes=\"auto, (max-width: 305px) 100vw, 305px\" \/><\/figure>\n\n\n\n<p><br>La Coordinadora de Desarrollo Econ\u00f3mico en el lugar, Amada Acoltzi Gonz\u00e1lez, refiri\u00f3 que este tipo de acciones se implementan con el objetivo de brindar a pobladores de Huamantla y municipios vecinos, la oportunidad de acceso a un empleo \u201cgracias por esta oportunidad que nos dan de, dar a conocer, este gran evento que hemos organizado, dentro de las actividades de Aldea M\u00e1gica, el Presidente Municipal, nos dio la instrucci\u00f3n, de que se realizara precisamente, en los primeros d\u00edas de enero esta gran feria, porque pues bueno, mucha gente empieza el a\u00f1o queriendo trabajar, queriendo cambiar de trabajo, buscar nuevas alternativas, afortunadamente se abri\u00f3 esta gran oportunidad, para las empresas y para los buscadores de empleo\u201d.<\/p>\n\n\n\n<figure class=\"wp-block-image size-large\"><img loading=\"lazy\" decoding=\"async\" width=\"768\" height=\"1024\" src=\"https:\/\/estado29.mx\/wp-content\/uploads\/2024\/01\/IMG_20240104_101427-min-768x1024.jpg\" alt=\"\" class=\"wp-image-88714\" srcset=\"https:\/\/estado29.mx\/wp-content\/uploads\/2024\/01\/IMG_20240104_101427-min-768x1024.jpg 768w, https:\/\/estado29.mx\/wp-content\/uploads\/2024\/01\/IMG_20240104_101427-min-225x300.jpg 225w, https:\/\/estado29.mx\/wp-content\/uploads\/2024\/01\/IMG_20240104_101427-min-1152x1536.jpg 1152w, https:\/\/estado29.mx\/wp-content\/uploads\/2024\/01\/IMG_20240104_101427-min-1536x2048.jpg 1536w, https:\/\/estado29.mx\/wp-content\/uploads\/2024\/01\/IMG_20240104_101427-min-750x1000.jpg 750w, https:\/\/estado29.mx\/wp-content\/uploads\/2024\/01\/IMG_20240104_101427-min-1140x1520.jpg 1140w, https:\/\/estado29.mx\/wp-content\/uploads\/2024\/01\/IMG_20240104_101427-min-scaled.jpg 1920w\" sizes=\"auto, (max-width: 768px) 100vw, 768px\" \/><\/figure>\n\n\n\n<p><br>Acoltzi Gonz\u00e1lez, agreg\u00f3 que en esta ocasi\u00f3n, se tiene la participaci\u00f3n de mas de veinte empresas \u201cen esta ocasi\u00f3n est\u00e1n participando mas de veinte empresas que vienen ofreciendo diferentes vacantes a los buscadores de empleo, nos da muchos gusto, empezamos con doce y mira tenemos veintid\u00f3s empresas registradas\u201d<\/p>\n\n\n<figure class=\"wp-block-post-featured-image\"><img loading=\"lazy\" decoding=\"async\" width=\"2560\" height=\"1920\" src=\"https:\/\/estado29.mx\/wp-content\/uploads\/2024\/01\/IMG_20240104_105610-min-scaled.jpg\" class=\"attachment-post-thumbnail size-post-thumbnail wp-post-image\" alt=\"\" style=\"object-fit:cover;\" srcset=\"https:\/\/estado29.mx\/wp-content\/uploads\/2024\/01\/IMG_20240104_105610-min-scaled.jpg 2560w, https:\/\/estado29.mx\/wp-content\/uploads\/2024\/01\/IMG_20240104_105610-min-300x225.jpg 300w, https:\/\/estado29.mx\/wp-content\/uploads\/2024\/01\/IMG_20240104_105610-min-1024x768.jpg 1024w, https:\/\/estado29.mx\/wp-content\/uploads\/2024\/01\/IMG_20240104_105610-min-768x576.jpg 768w, https:\/\/estado29.mx\/wp-content\/uploads\/2024\/01\/IMG_20240104_105610-min-1536x1152.jpg 1536w, https:\/\/estado29.mx\/wp-content\/uploads\/2024\/01\/IMG_20240104_105610-min-2048x1536.jpg 2048w, https:\/\/estado29.mx\/wp-content\/uploads\/2024\/01\/IMG_20240104_105610-min-750x563.jpg 750w, https:\/\/estado29.mx\/wp-content\/uploads\/2024\/01\/IMG_20240104_105610-min-1140x855.jpg 1140w\" sizes=\"auto, (max-width: 2560px) 100vw, 2560px\" \/><\/figure>\n\n\n<p>Asimismo, Jorge Luis Ju\u00e1rez, que viene representando a la tienda Dafer Textil, ubicada en Santa Ana Chiautempan, dijo que este tipo de eventos representan una oportunidad, tanto para las empresas como para los ciudadanos \u201csomos una empresa que se dedica a la venta tanto de ropa, como de productos textiles en general, nuestra matriz se encuentra ubicada en Chiautempan y tenemos varias sucursales en el estado, las vacantes que ahorita estamos promocionando, son de vendedor de piso y tenemos de analista junior en sistemas, realmente si se ha visto participaci\u00f3n, este tipo de eventos representa una gran oportunidad para las empresas como para quienes est\u00e1n en busca de un empleo\u201d.<\/p>\n","protected":false},"excerpt":{"rendered":"<p>Hoy jueves 4 de enero del a\u00f1o en curso, se llev\u00f3 a cabo en el Municipio de Huamantla, La Segunda Gran Feria de Empleo, el evento tuvo lugar en las instalaciones de la Cancha 13, en donde m\u00e1s de 20 empresas se dieron cita para ofertar oportunidad de empleo a la ciudadan\u00eda. La Coordinadora de [&hellip;]<\/p>\n","protected":false},"author":7,"featured_media":88712,"comment_status":"open","ping_status":"open","sticky":false,"template":"","format":"standard","meta":{"om_disable_all_campaigns":false,"_monsterinsights_skip_tracking":false,"_monsterinsights_sitenote_active":false,"_monsterinsights_sitenote_note":"","_monsterinsights_sitenote_category":0,"jnews-multi-image_gallery":[],"jnews_single_post":{"subtitle":"","format":"standard","video":"","gallery":"","source_name":"","source_url":"","via_name":"","via_url":"","override_template":"0","override":[{"template":"1","single_blog_custom":"","parallax":"1","fullscreen":"1","layout":"right-sidebar","sidebar":"default-sidebar","second_sidebar":"default-sidebar","sticky_sidebar":"1","share_position":"top","share_float_style":"share-monocrhome","show_share_counter":"1","show_view_counter":"1","show_featured":"1","show_post_meta":"1","show_post_author":"1","show_post_author_image":"1","show_post_date":"1","post_date_format":"default","post_date_format_custom":"Y\/m\/d","show_post_category":"1","show_post_reading_time":"0","post_reading_time_wpm":"300","show_zoom_button":"0","zoom_button_out_step":"2","zoom_button_in_step":"3","show_post_tag":"1","show_prev_next_post":"1","show_popup_post":"1","number_popup_post":"1","show_author_box":"1","show_post_related":"0","show_inline_post_related":"0"}],"override_image_size":"0","image_override":[{"single_post_thumbnail_size":"crop-500","single_post_gallery_size":"crop-500"}],"trending_post":"0","trending_post_position":"meta","trending_post_label":"Trending","sponsored_post":"0","sponsored_post_label":"Sponsored by","sponsored_post_name":"","sponsored_post_url":"","sponsored_post_logo_enable":"0","sponsored_post_logo":"","sponsored_post_desc":"","disable_ad":"0"},"jnews_primary_category":{"id":""},"footnotes":""},"categories":[1],"tags":[],"class_list":["post-88711","post","type-post","status-publish","format-standard","has-post-thumbnail","hentry","category-uncategorized"],"aioseo_notices":[],"_links":{"self":[{"href":"https:\/\/estado29.mx\/index.php?rest_route=\/wp\/v2\/posts\/88711","targetHints":{"allow":["GET"]}}],"collection":[{"href":"https:\/\/estado29.mx\/index.php?rest_route=\/wp\/v2\/posts"}],"about":[{"href":"https:\/\/estado29.mx\/index.php?rest_route=\/wp\/v2\/types\/post"}],"author":[{"embeddable":true,"href":"https:\/\/estado29.mx\/index.php?rest_route=\/wp\/v2\/users\/7"}],"replies":[{"embeddable":true,"href":"https:\/\/estado29.mx\/index.php?rest_route=%2Fwp%2Fv2%2Fcomments&post=88711"}],"version-history":[{"count":1,"href":"https:\/\/estado29.mx\/index.php?rest_route=\/wp\/v2\/posts\/88711\/revisions"}],"predecessor-version":[{"id":88715,"href":"https:\/\/estado29.mx\/index.php?rest_route=\/wp\/v2\/posts\/88711\/revisions\/88715"}],"wp:featuredmedia":[{"embeddable":true,"href":"https:\/\/estado29.mx\/index.php?rest_route=\/wp\/v2\/media\/88712"}],"wp:attachment":[{"href":"https:\/\/estado29.mx\/index.php?rest_route=%2Fwp%2Fv2%2Fmedia&parent=88711"}],"wp:term":[{"taxonomy":"category","embeddable":true,"href":"https:\/\/estado29.mx\/index.php?rest_route=%2Fwp%2Fv2%2Fcategories&post=88711"},{"taxonomy":"post_tag","embeddable":true,"href":"https:\/\/estado29.mx\/index.php?rest_route=%2Fwp%2Fv2%2Ftags&post=88711"}],"curies":[{"name":"wp","href":"https:\/\/api.w.org\/{rel}","templated":true}]}}