{"id":88728,"date":"2024-01-05T01:19:26","date_gmt":"2024-01-05T01:19:26","guid":{"rendered":"https:\/\/estado29.mx\/?p=88728"},"modified":"2024-01-05T01:19:28","modified_gmt":"2024-01-05T01:19:28","slug":"por-lo-menos-12-pueblos-otomies-participaran-en-tercer-encuentro-nacional-de-esta-cultura-en-ixtenco","status":"publish","type":"post","link":"https:\/\/estado29.mx\/?p=88728","title":{"rendered":"Por lo menos 12 pueblos Otom\u00edes participar\u00e1n en Tercer Encuentro Nacional de esta Cultura en Ixtenco."},"content":{"rendered":"\n<p>El Presidente Municipal de Ixtenco, Renato S\u00e1nchez Rojas, refiri\u00f3 que por lo menos, 12 pueblos que mantienen la cultura otom\u00ed, participar\u00e1n en el Tercer Encuentro Nacional, que dar\u00e1 inicio hoy viernes cinco de enero del a\u00f1o en curso, a partir de las seis de la tarde, esto, dentro del marco del 493 aniversario del lugar.<\/p>\n\n\n\n<figure class=\"wp-block-image size-large\"><img loading=\"lazy\" decoding=\"async\" width=\"1024\" height=\"768\" src=\"http:\/\/estado29.mx\/wp-content\/uploads\/2023\/08\/IMG_20230727_123140-min-1-1024x768.jpg\" alt=\"\" class=\"wp-image-87750\" srcset=\"https:\/\/estado29.mx\/wp-content\/uploads\/2023\/08\/IMG_20230727_123140-min-1-1024x768.jpg 1024w, https:\/\/estado29.mx\/wp-content\/uploads\/2023\/08\/IMG_20230727_123140-min-1-300x225.jpg 300w, https:\/\/estado29.mx\/wp-content\/uploads\/2023\/08\/IMG_20230727_123140-min-1-768x576.jpg 768w, https:\/\/estado29.mx\/wp-content\/uploads\/2023\/08\/IMG_20230727_123140-min-1-1536x1152.jpg 1536w, https:\/\/estado29.mx\/wp-content\/uploads\/2023\/08\/IMG_20230727_123140-min-1-2048x1536.jpg 2048w, https:\/\/estado29.mx\/wp-content\/uploads\/2023\/08\/IMG_20230727_123140-min-1-750x563.jpg 750w, https:\/\/estado29.mx\/wp-content\/uploads\/2023\/08\/IMG_20230727_123140-min-1-1140x855.jpg 1140w\" sizes=\"auto, (max-width: 1024px) 100vw, 1024px\" \/><\/figure>\n\n\n\n<p><br>Sumado a ello, el alcalde dijo que este evento forma parte de una iniciativa, en donde Ixtenco se convertir\u00e1 en Capital del Pueblo Otom\u00ed por un d\u00eda \u201cel Encuentro Nacional Otom\u00ed que es una iniciativa cultural, es una festival cultural que re\u00fane a los pueblos m\u00e1gicos otom\u00edes de M\u00e9xico, adem\u00e1s la idea por un d\u00eda Ixtenco se convierte en la capital del pueblo otom\u00ed no, la naci\u00f3n otom\u00ed de M\u00e9xico\u201d.<\/p>\n\n\n\n<p><br>Asimismo, coment\u00f3 que este a\u00f1o, el artista especial invitado, son Los de Abajo \u201ceste a\u00f1o el invitado especial son los de abajo, que adem\u00e1s van a recabar juguetes y los van a entregar el d\u00eda seis, entonces es muy padre de parte de ellos\u201d.<br>S\u00e1nchez Rojas, coment\u00f3 que del 5 al 7 de enero, se realizar\u00e1n una serie de eventos culturales, que van desde conferencias, bailes, lengua otom\u00ed y rituales ceremoniales \u201cvamos a tener la presencia de por lo menos 12 pueblos m\u00e1gicos otom\u00edes aqu\u00ed en el municipio de Ixtenco, divididos en conferencias, divididos en bailes, divididos en lengua, divididos en m\u00fasica y rituales ceremoniales, durante los tres d\u00edas, cinco, seis y siete, en el marco del 493 aniversario del pueblo\u201d.<\/p>\n\n\n<figure class=\"wp-block-post-featured-image\"><img loading=\"lazy\" decoding=\"async\" width=\"2560\" height=\"1920\" src=\"https:\/\/estado29.mx\/wp-content\/uploads\/2023\/09\/IMG_20230926_115056-min-scaled.jpg\" class=\"attachment-post-thumbnail size-post-thumbnail wp-post-image\" alt=\"\" style=\"object-fit:cover;\" srcset=\"https:\/\/estado29.mx\/wp-content\/uploads\/2023\/09\/IMG_20230926_115056-min-scaled.jpg 2560w, https:\/\/estado29.mx\/wp-content\/uploads\/2023\/09\/IMG_20230926_115056-min-300x225.jpg 300w, https:\/\/estado29.mx\/wp-content\/uploads\/2023\/09\/IMG_20230926_115056-min-1024x768.jpg 1024w, https:\/\/estado29.mx\/wp-content\/uploads\/2023\/09\/IMG_20230926_115056-min-768x576.jpg 768w, https:\/\/estado29.mx\/wp-content\/uploads\/2023\/09\/IMG_20230926_115056-min-1536x1152.jpg 1536w, https:\/\/estado29.mx\/wp-content\/uploads\/2023\/09\/IMG_20230926_115056-min-2048x1536.jpg 2048w, https:\/\/estado29.mx\/wp-content\/uploads\/2023\/09\/IMG_20230926_115056-min-750x563.jpg 750w, https:\/\/estado29.mx\/wp-content\/uploads\/2023\/09\/IMG_20230926_115056-min-1140x855.jpg 1140w\" sizes=\"auto, (max-width: 2560px) 100vw, 2560px\" \/><\/figure>","protected":false},"excerpt":{"rendered":"<p>El Presidente Municipal de Ixtenco, Renato S\u00e1nchez Rojas, refiri\u00f3 que por lo menos, 12 pueblos que mantienen la cultura otom\u00ed, participar\u00e1n en el Tercer Encuentro Nacional, que dar\u00e1 inicio hoy viernes cinco de enero del a\u00f1o en curso, a partir de las seis de la tarde, esto, dentro del marco del 493 aniversario del lugar. [&hellip;]<\/p>\n","protected":false},"author":7,"featured_media":88082,"comment_status":"open","ping_status":"open","sticky":false,"template":"","format":"standard","meta":{"om_disable_all_campaigns":false,"_monsterinsights_skip_tracking":false,"_monsterinsights_sitenote_active":false,"_monsterinsights_sitenote_note":"","_monsterinsights_sitenote_category":0,"jnews-multi-image_gallery":[],"jnews_single_post":{"format":"standard"},"jnews_primary_category":[],"footnotes":""},"categories":[1],"tags":[],"class_list":["post-88728","post","type-post","status-publish","format-standard","has-post-thumbnail","hentry","category-uncategorized"],"aioseo_notices":[],"_links":{"self":[{"href":"https:\/\/estado29.mx\/index.php?rest_route=\/wp\/v2\/posts\/88728","targetHints":{"allow":["GET"]}}],"collection":[{"href":"https:\/\/estado29.mx\/index.php?rest_route=\/wp\/v2\/posts"}],"about":[{"href":"https:\/\/estado29.mx\/index.php?rest_route=\/wp\/v2\/types\/post"}],"author":[{"embeddable":true,"href":"https:\/\/estado29.mx\/index.php?rest_route=\/wp\/v2\/users\/7"}],"replies":[{"embeddable":true,"href":"https:\/\/estado29.mx\/index.php?rest_route=%2Fwp%2Fv2%2Fcomments&post=88728"}],"version-history":[{"count":1,"href":"https:\/\/estado29.mx\/index.php?rest_route=\/wp\/v2\/posts\/88728\/revisions"}],"predecessor-version":[{"id":88729,"href":"https:\/\/estado29.mx\/index.php?rest_route=\/wp\/v2\/posts\/88728\/revisions\/88729"}],"wp:featuredmedia":[{"embeddable":true,"href":"https:\/\/estado29.mx\/index.php?rest_route=\/wp\/v2\/media\/88082"}],"wp:attachment":[{"href":"https:\/\/estado29.mx\/index.php?rest_route=%2Fwp%2Fv2%2Fmedia&parent=88728"}],"wp:term":[{"taxonomy":"category","embeddable":true,"href":"https:\/\/estado29.mx\/index.php?rest_route=%2Fwp%2Fv2%2Fcategories&post=88728"},{"taxonomy":"post_tag","embeddable":true,"href":"https:\/\/estado29.mx\/index.php?rest_route=%2Fwp%2Fv2%2Ftags&post=88728"}],"curies":[{"name":"wp","href":"https:\/\/api.w.org\/{rel}","templated":true}]}}