{"id":88732,"date":"2024-01-05T18:59:20","date_gmt":"2024-01-05T18:59:20","guid":{"rendered":"https:\/\/estado29.mx\/?p=88732"},"modified":"2024-01-05T18:59:21","modified_gmt":"2024-01-05T18:59:21","slug":"brindara-financiera-del-bienestar-capacitacion-a-emprendedores-en-coordinacion-con-ayuntamiento-de-huamantla","status":"publish","type":"post","link":"https:\/\/estado29.mx\/?p=88732","title":{"rendered":"Brindar\u00e1 Financiera del Bienestar capacitaci\u00f3n a emprendedores en coordinaci\u00f3n con ayuntamiento de Huamantla."},"content":{"rendered":"\n<p>La Coordinadora de Desarrollo Econ\u00f3mico en el Municipio de Huamantla, Amada Acoltzi Gonz\u00e1lez, refiri\u00f3 que como parte de las capacitaciones que se han realizado con emprendedores del lugar, en pr\u00f3ximos d\u00edas, se llevar\u00e1 a cabo una pl\u00e1tica por parte de personal de la Financiera Bienestar, en coordinaci\u00f3n con esta \u00e1rea del ayuntamiento.<\/p>\n\n\n\n<p><br>Acoltzi Gonz\u00e1lez, coment\u00f3 que el objetivo de estas pl\u00e1ticas, es brindar a los pobladores las herramientas necesarias, para que emprendedores y poblaci\u00f3n en general, sepan c\u00f3mo invertir sus ahorros y los servicios y beneficios que ofrece, esta financiera a trav\u00e9s de la inversi\u00f3n \u201chace unos d\u00edas, bueno en los \u00faltimos d\u00edas de diciembre, tuvimos la apertura de la Financiera del Bienestar, en las oficinas de Cis, en Boulevard Cuamanco esquina con Reforma, se inauguraron estas oficinas y bueno pues, el presidente municipal Salvador Santos Cedillo, siempre ha contribuido, ha apoyado a las instancias del Gobierno Estatal y Federal, para que podamos sumar esfuerzos y podamos brindar mayores y mejores beneficios a la poblaci\u00f3n de Huamantla y la regi\u00f3n\u201d.<\/p>\n\n\n\n<p><br>Acoltzi Gonz\u00e1lez, dijo que hasta ahora se ha tenido buena participaci\u00f3n ciudadana, pero muchos de ellos a\u00fan tienen dudas de los servicios y beneficios que ofrece esta financiera, as\u00ed como los procesos a seguir en su plataforma digital \u201cdecirte que a partir de que se apertur\u00f3 esta oficina, estos servicios de Financiera del Bienestar, ha habido, afortunadamente, participaci\u00f3n de parte de la gente, sin embargo, tuvimos una reuni\u00f3n con un grupo de emprendedoras, los \u00faltimos d\u00edas de diciembre, en donde el personal de Financiera Bienestar, les mostr\u00f3, los servicios que ofrece, la posibilidad del ahorro a la inversi\u00f3n, a veces escuchamos \u201cinversi\u00f3n\u201d y creemos que debemos tener much\u00edsimo dinero para poder invertir, ellos nos dicen que desde cien pesos, pueden invertir\u201d.<\/p>\n\n\n<figure class=\"wp-block-post-featured-image\"><img loading=\"lazy\" decoding=\"async\" width=\"2560\" height=\"1838\" src=\"https:\/\/estado29.mx\/wp-content\/uploads\/2024\/01\/IMG_20240104_105512-min2-scaled.jpg\" class=\"attachment-post-thumbnail size-post-thumbnail wp-post-image\" alt=\"\" style=\"object-fit:cover;\" srcset=\"https:\/\/estado29.mx\/wp-content\/uploads\/2024\/01\/IMG_20240104_105512-min2-scaled.jpg 2560w, https:\/\/estado29.mx\/wp-content\/uploads\/2024\/01\/IMG_20240104_105512-min2-300x215.jpg 300w, https:\/\/estado29.mx\/wp-content\/uploads\/2024\/01\/IMG_20240104_105512-min2-1024x735.jpg 1024w, https:\/\/estado29.mx\/wp-content\/uploads\/2024\/01\/IMG_20240104_105512-min2-768x551.jpg 768w, https:\/\/estado29.mx\/wp-content\/uploads\/2024\/01\/IMG_20240104_105512-min2-1536x1103.jpg 1536w, https:\/\/estado29.mx\/wp-content\/uploads\/2024\/01\/IMG_20240104_105512-min2-2048x1471.jpg 2048w, https:\/\/estado29.mx\/wp-content\/uploads\/2024\/01\/IMG_20240104_105512-min2-120x86.jpg 120w, https:\/\/estado29.mx\/wp-content\/uploads\/2024\/01\/IMG_20240104_105512-min2-350x250.jpg 350w, https:\/\/estado29.mx\/wp-content\/uploads\/2024\/01\/IMG_20240104_105512-min2-750x539.jpg 750w, https:\/\/estado29.mx\/wp-content\/uploads\/2024\/01\/IMG_20240104_105512-min2-1140x819.jpg 1140w\" sizes=\"auto, (max-width: 2560px) 100vw, 2560px\" \/><\/figure>","protected":false},"excerpt":{"rendered":"<p>La Coordinadora de Desarrollo Econ\u00f3mico en el Municipio de Huamantla, Amada Acoltzi Gonz\u00e1lez, refiri\u00f3 que como parte de las capacitaciones que se han realizado con emprendedores del lugar, en pr\u00f3ximos d\u00edas, se llevar\u00e1 a cabo una pl\u00e1tica por parte de personal de la Financiera Bienestar, en coordinaci\u00f3n con esta \u00e1rea del ayuntamiento. Acoltzi Gonz\u00e1lez, coment\u00f3 [&hellip;]<\/p>\n","protected":false},"author":7,"featured_media":88733,"comment_status":"open","ping_status":"open","sticky":false,"template":"","format":"standard","meta":{"om_disable_all_campaigns":false,"_monsterinsights_skip_tracking":false,"_monsterinsights_sitenote_active":false,"_monsterinsights_sitenote_note":"","_monsterinsights_sitenote_category":0,"jnews-multi-image_gallery":[],"jnews_single_post":{"subtitle":"","format":"standard","video":"","gallery":"","source_name":"","source_url":"","via_name":"","via_url":"","override_template":"0","override":[{"template":"1","single_blog_custom":"","parallax":"1","fullscreen":"1","layout":"right-sidebar","sidebar":"default-sidebar","second_sidebar":"default-sidebar","sticky_sidebar":"1","share_position":"top","share_float_style":"share-monocrhome","show_share_counter":"1","show_view_counter":"1","show_featured":"1","show_post_meta":"1","show_post_author":"1","show_post_author_image":"1","show_post_date":"1","post_date_format":"default","post_date_format_custom":"Y\/m\/d","show_post_category":"1","show_post_reading_time":"0","post_reading_time_wpm":"300","show_zoom_button":"0","zoom_button_out_step":"2","zoom_button_in_step":"3","show_post_tag":"1","show_prev_next_post":"1","show_popup_post":"1","number_popup_post":"1","show_author_box":"1","show_post_related":"0","show_inline_post_related":"0"}],"override_image_size":"0","image_override":[{"single_post_thumbnail_size":"crop-500","single_post_gallery_size":"crop-500"}],"trending_post":"0","trending_post_position":"meta","trending_post_label":"Trending","sponsored_post":"0","sponsored_post_label":"Sponsored by","sponsored_post_name":"","sponsored_post_url":"","sponsored_post_logo_enable":"0","sponsored_post_logo":"","sponsored_post_desc":"","disable_ad":"0"},"jnews_primary_category":{"id":""},"footnotes":""},"categories":[1],"tags":[],"class_list":["post-88732","post","type-post","status-publish","format-standard","has-post-thumbnail","hentry","category-uncategorized"],"aioseo_notices":[],"_links":{"self":[{"href":"https:\/\/estado29.mx\/index.php?rest_route=\/wp\/v2\/posts\/88732","targetHints":{"allow":["GET"]}}],"collection":[{"href":"https:\/\/estado29.mx\/index.php?rest_route=\/wp\/v2\/posts"}],"about":[{"href":"https:\/\/estado29.mx\/index.php?rest_route=\/wp\/v2\/types\/post"}],"author":[{"embeddable":true,"href":"https:\/\/estado29.mx\/index.php?rest_route=\/wp\/v2\/users\/7"}],"replies":[{"embeddable":true,"href":"https:\/\/estado29.mx\/index.php?rest_route=%2Fwp%2Fv2%2Fcomments&post=88732"}],"version-history":[{"count":1,"href":"https:\/\/estado29.mx\/index.php?rest_route=\/wp\/v2\/posts\/88732\/revisions"}],"predecessor-version":[{"id":88734,"href":"https:\/\/estado29.mx\/index.php?rest_route=\/wp\/v2\/posts\/88732\/revisions\/88734"}],"wp:featuredmedia":[{"embeddable":true,"href":"https:\/\/estado29.mx\/index.php?rest_route=\/wp\/v2\/media\/88733"}],"wp:attachment":[{"href":"https:\/\/estado29.mx\/index.php?rest_route=%2Fwp%2Fv2%2Fmedia&parent=88732"}],"wp:term":[{"taxonomy":"category","embeddable":true,"href":"https:\/\/estado29.mx\/index.php?rest_route=%2Fwp%2Fv2%2Fcategories&post=88732"},{"taxonomy":"post_tag","embeddable":true,"href":"https:\/\/estado29.mx\/index.php?rest_route=%2Fwp%2Fv2%2Ftags&post=88732"}],"curies":[{"name":"wp","href":"https:\/\/api.w.org\/{rel}","templated":true}]}}