{"id":88760,"date":"2024-01-10T18:37:17","date_gmt":"2024-01-10T18:37:17","guid":{"rendered":"https:\/\/estado29.mx\/?p=88760"},"modified":"2024-01-10T18:37:19","modified_gmt":"2024-01-10T18:37:19","slug":"acceso-al-agua-un-acto-de-justicia-y-dignidad-para-la-poblacion-armenta","status":"publish","type":"post","link":"https:\/\/estado29.mx\/?p=88760","title":{"rendered":"Acceso al agua, un acto de justicia y dignidad para la poblaci\u00f3n: Armenta"},"content":{"rendered":"\n<p><\/p>\n\n\n\n<p>\u2022 Debe dejar de verse como una mercanc\u00eda, dijo, \u201ces un derecho humano que vamos a defender\u201d<\/p>\n\n\n\n<p>\u201cTenemos una agenda legislativa clara y definida en beneficio de Puebla y hay un tema fundamental, por eso vamos a estar pendientes de la nueva Ley General de Agua, que reconoce el derecho al acceso al vital l\u00edquido con un enfoque de equidad, de justicia social, porque se trata de entender que este servicio no es <a><\/a>una mercanc\u00eda, sino un acto que merece toda persona por el hecho de serlo, por eso vamos a promover y apoyar desde el Congreso, las acciones necesarias para fortalecer toda actividad encaminada a lograr este fin\u201d, asegur\u00f3 el senador Alejandro Armenta.<\/p>\n\n\n\n<p>En entrevista con medios de comunicaci\u00f3n, reiter\u00f3 que el acceso al agua representa cubrir una necesidad primordial para la vida digna de la poblaci\u00f3n \u201cpor eso les reitero que trabajaremos para que el ejercicio pleno de este derecho se cumpla a cabalidad, como lo hemos hecho hasta ahora\u201d.<\/p>\n\n\n\n<p>Adem\u00e1s, al ser cuestionado sobre el tema de las pensiones, explic\u00f3 que este asunto tambi\u00e9n ocupa un lugar primordial en la agenda legislativa \u201cporque tiene que ver con los recursos p\u00fablicos, con la pir\u00e1mide poblacional, es decir, tiene que observarse y explicarse de manera integral, por ejemplo, desde 2013 el segmento de j\u00f3venes dej\u00f3 de crecer en M\u00e9xico y antes era el mayoritario, esto significa que para 2050 los adultos mayores seremos el sector m\u00e1s robusto\u201d.<\/p>\n\n\n\n<p>En este sentido, agreg\u00f3 que esta realidad tiene que ver con las implicaciones presupuestales \u201cpor eso, insisto deben observarse con una visi\u00f3n integral y precisa hacia el futuro, para pensar, por poner un tema sobre la mesa, en una reforma hacendaria, a trav\u00e9s primero de una convenci\u00f3n que nos lleve a abordar los temas de la Ley de Coordinaci\u00f3n Fiscal, as\u00ed como los del \u00e1mbito municipal, estatal y federal hacendario, solamente as\u00ed es posible atender de fondo este asunto que es primordial\u201d.<\/p>\n\n\n\n<p>Y puntualiz\u00f3 \u201ces la din\u00e1mica poblacional, es la realidad y tenemos primero que entenderla todos, para encontrar la mejor soluci\u00f3n tambi\u00e9n para todos y escuchando a las voces que est\u00e1n inmersa en el tema, que no son pocas\u201d.<\/p>\n","protected":false},"excerpt":{"rendered":"<p>\u2022 Debe dejar de verse como una mercanc\u00eda, dijo, \u201ces un derecho humano que vamos a defender\u201d \u201cTenemos una agenda legislativa clara y definida en beneficio de Puebla y hay un tema fundamental, por eso vamos a estar pendientes de la nueva Ley General de Agua, que reconoce el derecho al acceso al vital l\u00edquido [&hellip;]<\/p>\n","protected":false},"author":4,"featured_media":88761,"comment_status":"open","ping_status":"open","sticky":false,"template":"","format":"standard","meta":{"om_disable_all_campaigns":false,"_monsterinsights_skip_tracking":false,"_monsterinsights_sitenote_active":false,"_monsterinsights_sitenote_note":"","_monsterinsights_sitenote_category":0,"jnews-multi-image_gallery":[],"jnews_single_post":{"subtitle":"","format":"standard","video":"","gallery":"","source_name":"","source_url":"","via_name":"","via_url":"","override_template":"0","override":[{"template":"1","single_blog_custom":"","parallax":"1","fullscreen":"1","layout":"right-sidebar","sidebar":"default-sidebar","second_sidebar":"default-sidebar","sticky_sidebar":"1","share_position":"top","share_float_style":"share-monocrhome","show_share_counter":"1","show_view_counter":"1","show_featured":"1","show_post_meta":"1","show_post_author":"1","show_post_author_image":"1","show_post_date":"1","post_date_format":"default","post_date_format_custom":"Y\/m\/d","show_post_category":"1","show_post_reading_time":"0","post_reading_time_wpm":"300","show_zoom_button":"0","zoom_button_out_step":"2","zoom_button_in_step":"3","show_post_tag":"1","show_prev_next_post":"1","show_popup_post":"1","number_popup_post":"1","show_author_box":"1","show_post_related":"0","show_inline_post_related":"0"}],"override_image_size":"0","image_override":[{"single_post_thumbnail_size":"crop-500","single_post_gallery_size":"crop-500"}],"trending_post":"0","trending_post_position":"meta","trending_post_label":"Trending","sponsored_post":"0","sponsored_post_label":"Sponsored by","sponsored_post_name":"","sponsored_post_url":"","sponsored_post_logo_enable":"0","sponsored_post_logo":"","sponsored_post_desc":"","disable_ad":"0"},"jnews_primary_category":{"id":""},"footnotes":""},"categories":[1],"tags":[],"class_list":["post-88760","post","type-post","status-publish","format-standard","has-post-thumbnail","hentry","category-uncategorized"],"aioseo_notices":[],"_links":{"self":[{"href":"https:\/\/estado29.mx\/index.php?rest_route=\/wp\/v2\/posts\/88760","targetHints":{"allow":["GET"]}}],"collection":[{"href":"https:\/\/estado29.mx\/index.php?rest_route=\/wp\/v2\/posts"}],"about":[{"href":"https:\/\/estado29.mx\/index.php?rest_route=\/wp\/v2\/types\/post"}],"author":[{"embeddable":true,"href":"https:\/\/estado29.mx\/index.php?rest_route=\/wp\/v2\/users\/4"}],"replies":[{"embeddable":true,"href":"https:\/\/estado29.mx\/index.php?rest_route=%2Fwp%2Fv2%2Fcomments&post=88760"}],"version-history":[{"count":1,"href":"https:\/\/estado29.mx\/index.php?rest_route=\/wp\/v2\/posts\/88760\/revisions"}],"predecessor-version":[{"id":88762,"href":"https:\/\/estado29.mx\/index.php?rest_route=\/wp\/v2\/posts\/88760\/revisions\/88762"}],"wp:featuredmedia":[{"embeddable":true,"href":"https:\/\/estado29.mx\/index.php?rest_route=\/wp\/v2\/media\/88761"}],"wp:attachment":[{"href":"https:\/\/estado29.mx\/index.php?rest_route=%2Fwp%2Fv2%2Fmedia&parent=88760"}],"wp:term":[{"taxonomy":"category","embeddable":true,"href":"https:\/\/estado29.mx\/index.php?rest_route=%2Fwp%2Fv2%2Fcategories&post=88760"},{"taxonomy":"post_tag","embeddable":true,"href":"https:\/\/estado29.mx\/index.php?rest_route=%2Fwp%2Fv2%2Ftags&post=88760"}],"curies":[{"name":"wp","href":"https:\/\/api.w.org\/{rel}","templated":true}]}}