{"id":88778,"date":"2024-01-11T20:00:35","date_gmt":"2024-01-11T20:00:35","guid":{"rendered":"https:\/\/estado29.mx\/?p=88778"},"modified":"2024-01-11T20:00:36","modified_gmt":"2024-01-11T20:00:36","slug":"seguridad-prioridad-de-la-agenda-legislativa-armenta","status":"publish","type":"post","link":"https:\/\/estado29.mx\/?p=88778","title":{"rendered":"Seguridad, prioridad de la Agenda Legislativa: Armenta"},"content":{"rendered":"\n<p>\u25e6 Consider\u00f3 que la cultura contribuye a la convivencia arm\u00f3nica<\/p>\n\n\n\n<p>Al tiempo de reconocer que ha habido importantes avances en materia de seguridad en el estado y el pa\u00eds, el senador Alejandro Armenta indic\u00f3 que se trata de un tema \u201cdel que estaremos pendientes, nos interesa que todos sientan, perciban, las condiciones adecuadas para vivir tranquilos\u201d; en este sentido, abund\u00f3 que desde el Poder Legislativo, como parte de la <a><\/a>4T, abona al proyecto de Naci\u00f3n y se ha mantenido pendiente de los aspectos que suman al desarrollo de los poblanos de una manera integral, atendiendo diversos aspectos que van desde la protecci\u00f3n al medio ambiente, hasta el impulso a la econom\u00eda circular o el aprovechamiento de recursos.<\/p>\n\n\n\n<p>Al respecto, detall\u00f3 a medios de comunicaci\u00f3n que es un convencido de que la educaci\u00f3n, deporte y cultura, son aspectos fundamentales para fortalecer a las familias y con ello a la sociedad \u201cpor eso mi agenda en el Senado es muy clara, tenemos la tarea de valorar y fomentar la creatividad cultural que contribuye a la evoluci\u00f3n y el enriquecimiento de las sociedades\u201d.<\/p>\n\n\n\n<p>Argument\u00f3 que para lograrlo, es indispensable \u201cel di\u00e1logo y la comunicaci\u00f3n entre diferentes culturas, por eso soy insistente en reconocer y valorar la variedad de tradiciones, idiomas, costumbres y perspectivas que existen en el mundo, porque respetar las diferencias nos enriquece\u201d.<\/p>\n\n\n\n<p>En esta reuni\u00f3n con diferentes medios de comunicaci\u00f3n tambi\u00e9n abord\u00f3 la importancia de promover la igualdad de derechos y oportunidades para todas las personas.<\/p>\n\n\n\n<p>Finalmente, refiri\u00f3 que otro punto esencial de su agenda legislativa es la identidad cultural \u201creconocerla para fortalecer la autoestima y de esta forma trabajar en equipo en la preservaci\u00f3n del patrimonio material e inmaterial para transmitir nuestra propia historia, adem\u00e1s de inculcar el respeto, la tolerancia, frente a las diferencias ideol\u00f3gicas y religiosas o de cualquier otra \u00edndole, lo que nos llevar\u00e1 al objetivo de lograr una convivencia arm\u00f3nica\u201d.<\/p>\n","protected":false},"excerpt":{"rendered":"<p>\u25e6 Consider\u00f3 que la cultura contribuye a la convivencia arm\u00f3nica Al tiempo de reconocer que ha habido importantes avances en materia de seguridad en el estado y el pa\u00eds, el senador Alejandro Armenta indic\u00f3 que se trata de un tema \u201cdel que estaremos pendientes, nos interesa que todos sientan, perciban, las condiciones adecuadas para vivir [&hellip;]<\/p>\n","protected":false},"author":4,"featured_media":88779,"comment_status":"open","ping_status":"open","sticky":false,"template":"","format":"standard","meta":{"om_disable_all_campaigns":false,"_monsterinsights_skip_tracking":false,"_monsterinsights_sitenote_active":false,"_monsterinsights_sitenote_note":"","_monsterinsights_sitenote_category":0,"jnews-multi-image_gallery":[],"jnews_single_post":{"subtitle":"","format":"standard","video":"","gallery":"","source_name":"","source_url":"","via_name":"","via_url":"","override_template":"0","override":[{"template":"1","single_blog_custom":"","parallax":"1","fullscreen":"1","layout":"right-sidebar","sidebar":"default-sidebar","second_sidebar":"default-sidebar","sticky_sidebar":"1","share_position":"top","share_float_style":"share-monocrhome","show_share_counter":"1","show_view_counter":"1","show_featured":"1","show_post_meta":"1","show_post_author":"1","show_post_author_image":"1","show_post_date":"1","post_date_format":"default","post_date_format_custom":"Y\/m\/d","show_post_category":"1","show_post_reading_time":"0","post_reading_time_wpm":"300","show_zoom_button":"0","zoom_button_out_step":"2","zoom_button_in_step":"3","show_post_tag":"1","show_prev_next_post":"1","show_popup_post":"1","number_popup_post":"1","show_author_box":"1","show_post_related":"0","show_inline_post_related":"0"}],"override_image_size":"0","image_override":[{"single_post_thumbnail_size":"crop-500","single_post_gallery_size":"crop-500"}],"trending_post":"0","trending_post_position":"meta","trending_post_label":"Trending","sponsored_post":"0","sponsored_post_label":"Sponsored by","sponsored_post_name":"","sponsored_post_url":"","sponsored_post_logo_enable":"0","sponsored_post_logo":"","sponsored_post_desc":"","disable_ad":"0"},"jnews_primary_category":{"id":""},"footnotes":""},"categories":[1],"tags":[],"class_list":["post-88778","post","type-post","status-publish","format-standard","has-post-thumbnail","hentry","category-uncategorized"],"aioseo_notices":[],"_links":{"self":[{"href":"https:\/\/estado29.mx\/index.php?rest_route=\/wp\/v2\/posts\/88778","targetHints":{"allow":["GET"]}}],"collection":[{"href":"https:\/\/estado29.mx\/index.php?rest_route=\/wp\/v2\/posts"}],"about":[{"href":"https:\/\/estado29.mx\/index.php?rest_route=\/wp\/v2\/types\/post"}],"author":[{"embeddable":true,"href":"https:\/\/estado29.mx\/index.php?rest_route=\/wp\/v2\/users\/4"}],"replies":[{"embeddable":true,"href":"https:\/\/estado29.mx\/index.php?rest_route=%2Fwp%2Fv2%2Fcomments&post=88778"}],"version-history":[{"count":1,"href":"https:\/\/estado29.mx\/index.php?rest_route=\/wp\/v2\/posts\/88778\/revisions"}],"predecessor-version":[{"id":88780,"href":"https:\/\/estado29.mx\/index.php?rest_route=\/wp\/v2\/posts\/88778\/revisions\/88780"}],"wp:featuredmedia":[{"embeddable":true,"href":"https:\/\/estado29.mx\/index.php?rest_route=\/wp\/v2\/media\/88779"}],"wp:attachment":[{"href":"https:\/\/estado29.mx\/index.php?rest_route=%2Fwp%2Fv2%2Fmedia&parent=88778"}],"wp:term":[{"taxonomy":"category","embeddable":true,"href":"https:\/\/estado29.mx\/index.php?rest_route=%2Fwp%2Fv2%2Fcategories&post=88778"},{"taxonomy":"post_tag","embeddable":true,"href":"https:\/\/estado29.mx\/index.php?rest_route=%2Fwp%2Fv2%2Ftags&post=88778"}],"curies":[{"name":"wp","href":"https:\/\/api.w.org\/{rel}","templated":true}]}}