{"id":88811,"date":"2024-01-16T19:54:51","date_gmt":"2024-01-16T19:54:51","guid":{"rendered":"https:\/\/estado29.mx\/?p=88811"},"modified":"2024-01-16T19:54:52","modified_gmt":"2024-01-16T19:54:52","slug":"pobladores-de-comunidad-felipe-carrillo-puerto-se-manifiestan-ante-desabasto-de-servicio-de-agua-potable","status":"publish","type":"post","link":"https:\/\/estado29.mx\/?p=88811","title":{"rendered":"Pobladores de Comunidad Felipe Carrillo Puerto se manifiestan ante desabasto de servicio de agua potable."},"content":{"rendered":"\n<p>La ma\u00f1ana de este martes 16 de enero del a\u00f1o en curso, pobladores de la Comunidad Felipe Carrillo Puerto, perteneciente al municipio de Altzayanca, ante el desacuerdo en el desabasto de agua potable procedieron a cerrar la carretera de paso a otras comunidades.<\/p>\n\n\n<figure class=\"wp-block-post-featured-image\"><img loading=\"lazy\" decoding=\"async\" width=\"2560\" height=\"1920\" src=\"https:\/\/estado29.mx\/wp-content\/uploads\/2024\/01\/IMG_20240116_122453-min-scaled.jpg\" class=\"attachment-post-thumbnail size-post-thumbnail wp-post-image\" alt=\"\" style=\"object-fit:cover;\" srcset=\"https:\/\/estado29.mx\/wp-content\/uploads\/2024\/01\/IMG_20240116_122453-min-scaled.jpg 2560w, https:\/\/estado29.mx\/wp-content\/uploads\/2024\/01\/IMG_20240116_122453-min-300x225.jpg 300w, https:\/\/estado29.mx\/wp-content\/uploads\/2024\/01\/IMG_20240116_122453-min-1024x768.jpg 1024w, https:\/\/estado29.mx\/wp-content\/uploads\/2024\/01\/IMG_20240116_122453-min-768x576.jpg 768w, https:\/\/estado29.mx\/wp-content\/uploads\/2024\/01\/IMG_20240116_122453-min-1536x1152.jpg 1536w, https:\/\/estado29.mx\/wp-content\/uploads\/2024\/01\/IMG_20240116_122453-min-2048x1536.jpg 2048w, https:\/\/estado29.mx\/wp-content\/uploads\/2024\/01\/IMG_20240116_122453-min-750x563.jpg 750w, https:\/\/estado29.mx\/wp-content\/uploads\/2024\/01\/IMG_20240116_122453-min-1140x855.jpg 1140w\" sizes=\"auto, (max-width: 2560px) 100vw, 2560px\" \/><\/figure>\n\n\n<p><br>De acuerdo con la versi\u00f3n de los mismos pobladores, ya llevan dos a\u00f1os con desabasto del vital l\u00edquido y no se ten\u00eda una fecha estimada para reactivar el servicio en su totalidad.<\/p>\n\n\n\n<p><br>Aunado a ellos, en sus versiones comentaron algunos que este problema, se ha tenido a que en desacuerdo por los integrantes del comit\u00e9 o problemas personales, se han negado a pagar el servicio.<\/p>\n\n\n\n<p><br>Asimismo, el procedimiento que se sigui\u00f3 fue acudir con las autoridades municipales quienes en otra ocasiones han saldado la cuota ante Comisi\u00f3n Federal de Electricidad.<\/p>\n","protected":false},"excerpt":{"rendered":"<p>La ma\u00f1ana de este martes 16 de enero del a\u00f1o en curso, pobladores de la Comunidad Felipe Carrillo Puerto, perteneciente al municipio de Altzayanca, ante el desacuerdo en el desabasto de agua potable procedieron a cerrar la carretera de paso a otras comunidades. De acuerdo con la versi\u00f3n de los mismos pobladores, ya llevan dos [&hellip;]<\/p>\n","protected":false},"author":7,"featured_media":88812,"comment_status":"open","ping_status":"open","sticky":false,"template":"","format":"standard","meta":{"om_disable_all_campaigns":false,"_monsterinsights_skip_tracking":false,"_monsterinsights_sitenote_active":false,"_monsterinsights_sitenote_note":"","_monsterinsights_sitenote_category":0,"jnews-multi-image_gallery":[],"jnews_single_post":{"subtitle":"","format":"standard","video":"","gallery":"","source_name":"","source_url":"","via_name":"","via_url":"","override_template":"0","override":[{"template":"1","single_blog_custom":"","parallax":"1","fullscreen":"1","layout":"right-sidebar","sidebar":"default-sidebar","second_sidebar":"default-sidebar","sticky_sidebar":"1","share_position":"top","share_float_style":"share-monocrhome","show_share_counter":"1","show_view_counter":"1","show_featured":"1","show_post_meta":"1","show_post_author":"1","show_post_author_image":"1","show_post_date":"1","post_date_format":"default","post_date_format_custom":"Y\/m\/d","show_post_category":"1","show_post_reading_time":"0","post_reading_time_wpm":"300","show_zoom_button":"0","zoom_button_out_step":"2","zoom_button_in_step":"3","show_post_tag":"1","show_prev_next_post":"1","show_popup_post":"1","number_popup_post":"1","show_author_box":"1","show_post_related":"0","show_inline_post_related":"0"}],"override_image_size":"0","image_override":[{"single_post_thumbnail_size":"crop-500","single_post_gallery_size":"crop-500"}],"trending_post":"0","trending_post_position":"meta","trending_post_label":"Trending","sponsored_post":"0","sponsored_post_label":"Sponsored by","sponsored_post_name":"","sponsored_post_url":"","sponsored_post_logo_enable":"0","sponsored_post_logo":"","sponsored_post_desc":"","disable_ad":"0"},"jnews_primary_category":{"id":""},"footnotes":""},"categories":[1],"tags":[],"class_list":["post-88811","post","type-post","status-publish","format-standard","has-post-thumbnail","hentry","category-uncategorized"],"aioseo_notices":[],"_links":{"self":[{"href":"https:\/\/estado29.mx\/index.php?rest_route=\/wp\/v2\/posts\/88811","targetHints":{"allow":["GET"]}}],"collection":[{"href":"https:\/\/estado29.mx\/index.php?rest_route=\/wp\/v2\/posts"}],"about":[{"href":"https:\/\/estado29.mx\/index.php?rest_route=\/wp\/v2\/types\/post"}],"author":[{"embeddable":true,"href":"https:\/\/estado29.mx\/index.php?rest_route=\/wp\/v2\/users\/7"}],"replies":[{"embeddable":true,"href":"https:\/\/estado29.mx\/index.php?rest_route=%2Fwp%2Fv2%2Fcomments&post=88811"}],"version-history":[{"count":1,"href":"https:\/\/estado29.mx\/index.php?rest_route=\/wp\/v2\/posts\/88811\/revisions"}],"predecessor-version":[{"id":88813,"href":"https:\/\/estado29.mx\/index.php?rest_route=\/wp\/v2\/posts\/88811\/revisions\/88813"}],"wp:featuredmedia":[{"embeddable":true,"href":"https:\/\/estado29.mx\/index.php?rest_route=\/wp\/v2\/media\/88812"}],"wp:attachment":[{"href":"https:\/\/estado29.mx\/index.php?rest_route=%2Fwp%2Fv2%2Fmedia&parent=88811"}],"wp:term":[{"taxonomy":"category","embeddable":true,"href":"https:\/\/estado29.mx\/index.php?rest_route=%2Fwp%2Fv2%2Fcategories&post=88811"},{"taxonomy":"post_tag","embeddable":true,"href":"https:\/\/estado29.mx\/index.php?rest_route=%2Fwp%2Fv2%2Ftags&post=88811"}],"curies":[{"name":"wp","href":"https:\/\/api.w.org\/{rel}","templated":true}]}}