{"id":88818,"date":"2024-01-16T20:01:19","date_gmt":"2024-01-16T20:01:19","guid":{"rendered":"https:\/\/estado29.mx\/?p=88818"},"modified":"2024-01-16T20:01:20","modified_gmt":"2024-01-16T20:01:20","slug":"invita-coordinacion-de-desarrollo-economico-de-huamantla-a-platica-con-financiera-para-el-bienestar","status":"publish","type":"post","link":"https:\/\/estado29.mx\/?p=88818","title":{"rendered":"Invita Coordinaci\u00f3n de Desarrollo Econ\u00f3mico de Huamantla a pl\u00e1tica con Financiera para el Bienestar."},"content":{"rendered":"\n<p>La Coordinadora de Desarrollo Econ\u00f3mico en el Municipio de Huamantla, Amada Acoltzi Gonz\u00e1lez, hace la invitaci\u00f3n a la ciudadan\u00eda para que acudan a la pl\u00e1tica que ser\u00e1 impartida este jueves 18 de enero, en el auditorio de Casa de Cultura, a las diez de la ma\u00f1ana, por lo que los interesados deber\u00e1n registrar su asistencia a este evento \u201cse ha dado ya, amplia difusi\u00f3n a una actividad que tenemos, va a ser con Financiera del Bienestar, a mediados del mes de diciembre, se apertur\u00f3 una sucursal aqu\u00ed en Huamantla, esto facilita much\u00edsimo, el poder realizar diferentes servicios bancarios al alcance de la mano, son comisiones tan excesivas como las que los bancos manejan, y sobre todo que trae servicios de gran inter\u00e9s para la poblaci\u00f3n en general, en diciembre se apertur\u00f3 esta sucursal, es la n\u00famero 13, contamos con la presencia en ese momento del Secretario Marroqu\u00edn, del Delegado del Bienestar, Carlos Luna y nuestro presidente municipal, Salvador Santos Cedillo, quien ha facilitado las instalaciones y todo lo necesario para que esta sucursal se aperturara ac\u00e1, no solo queremos el beneficio para la poblaci\u00f3n de Huamantla, sino tambi\u00e9n para la gente de la regi\u00f3n\u201d.<\/p>\n\n\n\n<p><br>Acoltzi Gonz\u00e1lez destac\u00f3 que este tipo de pl\u00e1ticas se realizan con el objetivo de que los pobladores aclaren sus dudas respecto a los servicios que ofrece esta financiera, pues comenta que hay pobladores que se han acercado con la idea de que otorgan programas de apoyo econ\u00f3mico \u201cha sido el inter\u00e9s del presidente que le demos mayor prioridad y por eso pude llevarse a cabo una segunda pl\u00e1tica, con personal de Financiera para el Bienestar, para que den a conocer a m\u00e1s gente los servicios que ofrece, que vale la pena acercarse a esta pl\u00e1tica, la primera se realiz\u00f3 con emprendedoras, que fue con quienes se organiz\u00f3 en un primer momento, de todos los servicios que ofrecen y la ventaja de pasar, de ahorrar a invertir, a veces para invertir creemos que necesitamos grandes cantidades de dinero y pues no lo vemos al alcance, si embargo, ellos nos dec\u00edan, desde cien pesos, t\u00fa puedes empezar a invertir, entonces esta parte nos interes\u00f3, les interes\u00f3 a este primer grupo\u201d.<\/p>\n\n\n<figure class=\"wp-block-post-featured-image\"><img loading=\"lazy\" decoding=\"async\" width=\"2560\" height=\"1920\" src=\"https:\/\/estado29.mx\/wp-content\/uploads\/2023\/12\/IMG_20231214_113408-min-scaled.jpg\" class=\"attachment-post-thumbnail size-post-thumbnail wp-post-image\" alt=\"\" style=\"object-fit:cover;\" srcset=\"https:\/\/estado29.mx\/wp-content\/uploads\/2023\/12\/IMG_20231214_113408-min-scaled.jpg 2560w, https:\/\/estado29.mx\/wp-content\/uploads\/2023\/12\/IMG_20231214_113408-min-300x225.jpg 300w, https:\/\/estado29.mx\/wp-content\/uploads\/2023\/12\/IMG_20231214_113408-min-1024x768.jpg 1024w, https:\/\/estado29.mx\/wp-content\/uploads\/2023\/12\/IMG_20231214_113408-min-768x576.jpg 768w, https:\/\/estado29.mx\/wp-content\/uploads\/2023\/12\/IMG_20231214_113408-min-1536x1152.jpg 1536w, https:\/\/estado29.mx\/wp-content\/uploads\/2023\/12\/IMG_20231214_113408-min-2048x1536.jpg 2048w, https:\/\/estado29.mx\/wp-content\/uploads\/2023\/12\/IMG_20231214_113408-min-750x563.jpg 750w, https:\/\/estado29.mx\/wp-content\/uploads\/2023\/12\/IMG_20231214_113408-min-1140x855.jpg 1140w\" sizes=\"auto, (max-width: 2560px) 100vw, 2560px\" \/><\/figure>\n\n\n<p><br>Asimismo, destac\u00f3 que la segunda pl\u00e1tica, es para la poblaci\u00f3n en general, para que conozcan los servicios y beneficios que ofrece esta financiera \u201cla segunda pl\u00e1tica ser\u00e1 el pr\u00f3ximo jueves 18 de enero, a las diez de la ma\u00f1ana, en el auditorio de Casa de Cultura, reintero que vale la pena acercarse y conocer los servicios y beneficios que ofrece esta financiera a la poblaci\u00f3n, si alguna persona tiene inter\u00e9s puede acercarse con nosotros y hacer su registro\u201d.<\/p>\n","protected":false},"excerpt":{"rendered":"<p>La Coordinadora de Desarrollo Econ\u00f3mico en el Municipio de Huamantla, Amada Acoltzi Gonz\u00e1lez, hace la invitaci\u00f3n a la ciudadan\u00eda para que acudan a la pl\u00e1tica que ser\u00e1 impartida este jueves 18 de enero, en el auditorio de Casa de Cultura, a las diez de la ma\u00f1ana, por lo que los interesados deber\u00e1n registrar su asistencia [&hellip;]<\/p>\n","protected":false},"author":7,"featured_media":88556,"comment_status":"open","ping_status":"open","sticky":false,"template":"","format":"standard","meta":{"om_disable_all_campaigns":false,"_monsterinsights_skip_tracking":false,"_monsterinsights_sitenote_active":false,"_monsterinsights_sitenote_note":"","_monsterinsights_sitenote_category":0,"jnews-multi-image_gallery":[],"jnews_single_post":{"subtitle":"","format":"standard","video":"","gallery":"","source_name":"","source_url":"","via_name":"","via_url":"","override_template":"0","override":[{"template":"1","single_blog_custom":"","parallax":"1","fullscreen":"1","layout":"right-sidebar","sidebar":"default-sidebar","second_sidebar":"default-sidebar","sticky_sidebar":"1","share_position":"top","share_float_style":"share-monocrhome","show_share_counter":"1","show_view_counter":"1","show_featured":"1","show_post_meta":"1","show_post_author":"1","show_post_author_image":"1","show_post_date":"1","post_date_format":"default","post_date_format_custom":"Y\/m\/d","show_post_category":"1","show_post_reading_time":"0","post_reading_time_wpm":"300","show_zoom_button":"0","zoom_button_out_step":"2","zoom_button_in_step":"3","show_post_tag":"1","show_prev_next_post":"1","show_popup_post":"1","number_popup_post":"1","show_author_box":"1","show_post_related":"0","show_inline_post_related":"0"}],"override_image_size":"0","image_override":[{"single_post_thumbnail_size":"crop-500","single_post_gallery_size":"crop-500"}],"trending_post":"0","trending_post_position":"meta","trending_post_label":"Trending","sponsored_post":"0","sponsored_post_label":"Sponsored by","sponsored_post_name":"","sponsored_post_url":"","sponsored_post_logo_enable":"0","sponsored_post_logo":"","sponsored_post_desc":"","disable_ad":"0"},"jnews_primary_category":{"id":""},"footnotes":""},"categories":[1],"tags":[],"class_list":["post-88818","post","type-post","status-publish","format-standard","has-post-thumbnail","hentry","category-uncategorized"],"aioseo_notices":[],"_links":{"self":[{"href":"https:\/\/estado29.mx\/index.php?rest_route=\/wp\/v2\/posts\/88818","targetHints":{"allow":["GET"]}}],"collection":[{"href":"https:\/\/estado29.mx\/index.php?rest_route=\/wp\/v2\/posts"}],"about":[{"href":"https:\/\/estado29.mx\/index.php?rest_route=\/wp\/v2\/types\/post"}],"author":[{"embeddable":true,"href":"https:\/\/estado29.mx\/index.php?rest_route=\/wp\/v2\/users\/7"}],"replies":[{"embeddable":true,"href":"https:\/\/estado29.mx\/index.php?rest_route=%2Fwp%2Fv2%2Fcomments&post=88818"}],"version-history":[{"count":1,"href":"https:\/\/estado29.mx\/index.php?rest_route=\/wp\/v2\/posts\/88818\/revisions"}],"predecessor-version":[{"id":88819,"href":"https:\/\/estado29.mx\/index.php?rest_route=\/wp\/v2\/posts\/88818\/revisions\/88819"}],"wp:featuredmedia":[{"embeddable":true,"href":"https:\/\/estado29.mx\/index.php?rest_route=\/wp\/v2\/media\/88556"}],"wp:attachment":[{"href":"https:\/\/estado29.mx\/index.php?rest_route=%2Fwp%2Fv2%2Fmedia&parent=88818"}],"wp:term":[{"taxonomy":"category","embeddable":true,"href":"https:\/\/estado29.mx\/index.php?rest_route=%2Fwp%2Fv2%2Fcategories&post=88818"},{"taxonomy":"post_tag","embeddable":true,"href":"https:\/\/estado29.mx\/index.php?rest_route=%2Fwp%2Fv2%2Ftags&post=88818"}],"curies":[{"name":"wp","href":"https:\/\/api.w.org\/{rel}","templated":true}]}}