{"id":88822,"date":"2024-01-17T18:49:17","date_gmt":"2024-01-17T18:49:17","guid":{"rendered":"https:\/\/estado29.mx\/?p=88822"},"modified":"2024-01-17T18:49:18","modified_gmt":"2024-01-17T18:49:18","slug":"cedis-huamantla-sera-uno-de-los-mas-grandes-en-latinoamerica","status":"publish","type":"post","link":"https:\/\/estado29.mx\/?p=88822","title":{"rendered":"CeDis Huamantla ser\u00e1 uno de los m\u00e1s grandes en Latinoam\u00e9rica."},"content":{"rendered":"\n<p>El Diputado Federal por el Distrito 1, Tlaxcala, Jos\u00e9 Alejandro Aguilar L\u00f3pez, refiri\u00f3 que el Centro de Distribuci\u00f3n que ser\u00e1 construido en el Municipio de Huamantla, ser\u00e1 uno de los m\u00e1s grandes en Latinoam\u00e9rica, por lo que con este tipo de proyectos se generar\u00e1 mayor desarrollo en la Zona Oriente de Tlaxcala.<\/p>\n\n\n\n<p><br>En este sentido, Aguilar L\u00f3pez destac\u00f3 y reconoci\u00f3 el esfuerzo que ha hecho la gobernadora Lorena Cuellar Cisneros, en generar las condiciones para que empresas acepten invertir en Huamantla \u201cnuestra gobernadora Lorena Cuellar Cisneros, es una gente trabajadora, es una gente que no descansa y que est\u00e1 muy atenta mediante las diversas secretar\u00edas, para generar las condiciones y puedan venir empresas y acepten invertir aqu\u00ed en Huamantla, hay mucho inter\u00e9s\u201d.<\/p>\n\n\n\n<p><br>El Diputado Federal agreg\u00f3 que \u201cesto va a hacer que crezca, que se desarrolle nuestro estado, sobre todo la parte oriente, tambi\u00e9n, donde hace unos d\u00edas, nuestra gobernadora y directivos de Cedis, vinieron a poner y colocar la primera piedra para un Centro de Distribuci\u00f3n muy importante, de los m\u00e1s grandes de Latinoam\u00e9rica, entonces est\u00e1 en Huamantla\u201d.<\/p>\n\n\n<figure class=\"wp-block-post-featured-image\"><img loading=\"lazy\" decoding=\"async\" width=\"2560\" height=\"1922\" src=\"https:\/\/estado29.mx\/wp-content\/uploads\/2023\/08\/IMG_20230824_141519-min2-scaled.jpg\" class=\"attachment-post-thumbnail size-post-thumbnail wp-post-image\" alt=\"\" style=\"object-fit:cover;\" srcset=\"https:\/\/estado29.mx\/wp-content\/uploads\/2023\/08\/IMG_20230824_141519-min2-scaled.jpg 2560w, https:\/\/estado29.mx\/wp-content\/uploads\/2023\/08\/IMG_20230824_141519-min2-300x225.jpg 300w, https:\/\/estado29.mx\/wp-content\/uploads\/2023\/08\/IMG_20230824_141519-min2-1024x769.jpg 1024w, https:\/\/estado29.mx\/wp-content\/uploads\/2023\/08\/IMG_20230824_141519-min2-768x577.jpg 768w, https:\/\/estado29.mx\/wp-content\/uploads\/2023\/08\/IMG_20230824_141519-min2-1536x1153.jpg 1536w, https:\/\/estado29.mx\/wp-content\/uploads\/2023\/08\/IMG_20230824_141519-min2-2048x1538.jpg 2048w, https:\/\/estado29.mx\/wp-content\/uploads\/2023\/08\/IMG_20230824_141519-min2-750x563.jpg 750w, https:\/\/estado29.mx\/wp-content\/uploads\/2023\/08\/IMG_20230824_141519-min2-1140x856.jpg 1140w\" sizes=\"auto, (max-width: 2560px) 100vw, 2560px\" \/><\/figure>","protected":false},"excerpt":{"rendered":"<p>El Diputado Federal por el Distrito 1, Tlaxcala, Jos\u00e9 Alejandro Aguilar L\u00f3pez, refiri\u00f3 que el Centro de Distribuci\u00f3n que ser\u00e1 construido en el Municipio de Huamantla, ser\u00e1 uno de los m\u00e1s grandes en Latinoam\u00e9rica, por lo que con este tipo de proyectos se generar\u00e1 mayor desarrollo en la Zona Oriente de Tlaxcala. En este sentido, [&hellip;]<\/p>\n","protected":false},"author":7,"featured_media":87734,"comment_status":"open","ping_status":"open","sticky":false,"template":"","format":"standard","meta":{"om_disable_all_campaigns":false,"_monsterinsights_skip_tracking":false,"_monsterinsights_sitenote_active":false,"_monsterinsights_sitenote_note":"","_monsterinsights_sitenote_category":0,"jnews-multi-image_gallery":[],"jnews_single_post":[],"jnews_primary_category":[],"footnotes":""},"categories":[1],"tags":[],"class_list":["post-88822","post","type-post","status-publish","format-standard","has-post-thumbnail","hentry","category-uncategorized"],"aioseo_notices":[],"_links":{"self":[{"href":"https:\/\/estado29.mx\/index.php?rest_route=\/wp\/v2\/posts\/88822","targetHints":{"allow":["GET"]}}],"collection":[{"href":"https:\/\/estado29.mx\/index.php?rest_route=\/wp\/v2\/posts"}],"about":[{"href":"https:\/\/estado29.mx\/index.php?rest_route=\/wp\/v2\/types\/post"}],"author":[{"embeddable":true,"href":"https:\/\/estado29.mx\/index.php?rest_route=\/wp\/v2\/users\/7"}],"replies":[{"embeddable":true,"href":"https:\/\/estado29.mx\/index.php?rest_route=%2Fwp%2Fv2%2Fcomments&post=88822"}],"version-history":[{"count":1,"href":"https:\/\/estado29.mx\/index.php?rest_route=\/wp\/v2\/posts\/88822\/revisions"}],"predecessor-version":[{"id":88823,"href":"https:\/\/estado29.mx\/index.php?rest_route=\/wp\/v2\/posts\/88822\/revisions\/88823"}],"wp:featuredmedia":[{"embeddable":true,"href":"https:\/\/estado29.mx\/index.php?rest_route=\/wp\/v2\/media\/87734"}],"wp:attachment":[{"href":"https:\/\/estado29.mx\/index.php?rest_route=%2Fwp%2Fv2%2Fmedia&parent=88822"}],"wp:term":[{"taxonomy":"category","embeddable":true,"href":"https:\/\/estado29.mx\/index.php?rest_route=%2Fwp%2Fv2%2Fcategories&post=88822"},{"taxonomy":"post_tag","embeddable":true,"href":"https:\/\/estado29.mx\/index.php?rest_route=%2Fwp%2Fv2%2Ftags&post=88822"}],"curies":[{"name":"wp","href":"https:\/\/api.w.org\/{rel}","templated":true}]}}