{"id":88832,"date":"2024-01-18T19:06:26","date_gmt":"2024-01-18T19:06:26","guid":{"rendered":"https:\/\/estado29.mx\/?p=88832"},"modified":"2024-01-18T19:06:27","modified_gmt":"2024-01-18T19:06:27","slug":"con-exito-se-realiza-segunda-platica-impartida-por-personal-de-financiera-para-el-bienestar","status":"publish","type":"post","link":"https:\/\/estado29.mx\/?p=88832","title":{"rendered":"Con \u00e9xito se realiza Segunda Pl\u00e1tica impartida por personal de Financiera para el Bienestar."},"content":{"rendered":"\n<p>Hoy jueves 18 de enero del presente a\u00f1o, se llev\u00f3 a cabo en el municipio de Huamantla, la Segunda Pl\u00e1tica impartida por personal de Financiera para el Bienestar n\u00famero 13, ubicada en Boulevard Cuamanco, de este lugar.<br>El evento tuvo lugar, en las instalaciones del Auditorio de Casa de la Cultura, Amada Acoltzi Gonz\u00e1lez, Coordinadora de Desarrollo Econ\u00f3mico, en representaci\u00f3n de Salvador Santos Cedillo, en su mensaje de bienvenida, dijo que estas acciones se realizan con la intenci\u00f3n de que los pobladores tengan conocimiento y acceso de los servicios que se ofrecen, as\u00ed como el uso de la plataforma para acceder a un cr\u00e9dito o a cualquier servicio por internet \u201cmuy buenos d\u00edas a todos los asistentes, agradecemos su disposici\u00f3n por acudir a esta pl\u00e1tica, la segunda impartida por Financiera para el Bienestar, el presidente Chava Santos, en el \u00e1nimo de que los pobladores de Huamantla tengan mayor accesos a los diversos servicios que se ofrecen, propicia las condiciones para que ustedes tengan los conocimientos que esta financiera tiene para ustedes, as\u00ed como los beneficios\u201d.<\/p>\n\n\n\n<figure class=\"wp-block-image size-large\"><img loading=\"lazy\" decoding=\"async\" width=\"1024\" height=\"768\" src=\"https:\/\/estado29.mx\/wp-content\/uploads\/2024\/01\/IMG_20240118_104224-min-1024x768.jpg\" alt=\"\" class=\"wp-image-88834\" srcset=\"https:\/\/estado29.mx\/wp-content\/uploads\/2024\/01\/IMG_20240118_104224-min-1024x768.jpg 1024w, https:\/\/estado29.mx\/wp-content\/uploads\/2024\/01\/IMG_20240118_104224-min-300x225.jpg 300w, https:\/\/estado29.mx\/wp-content\/uploads\/2024\/01\/IMG_20240118_104224-min-768x576.jpg 768w, https:\/\/estado29.mx\/wp-content\/uploads\/2024\/01\/IMG_20240118_104224-min-1536x1152.jpg 1536w, https:\/\/estado29.mx\/wp-content\/uploads\/2024\/01\/IMG_20240118_104224-min-2048x1536.jpg 2048w, https:\/\/estado29.mx\/wp-content\/uploads\/2024\/01\/IMG_20240118_104224-min-750x563.jpg 750w, https:\/\/estado29.mx\/wp-content\/uploads\/2024\/01\/IMG_20240118_104224-min-1140x855.jpg 1140w\" sizes=\"auto, (max-width: 1024px) 100vw, 1024px\" \/><\/figure>\n\n\n\n<p><br>Acoltzi Gonz\u00e1lez agreg\u00f3 que \u201cojal\u00e1 esta pl\u00e1tica sea de su inter\u00e9s y les permita aclarar sus dudas, el \u00e1rea de Desarrollo Econ\u00f3mico, est\u00e1 en la disposici\u00f3n de brindar cualquier informaci\u00f3n, no duden en acercarse con nosotros, a su vez los invitamos a que est\u00e9n pendientes a trav\u00e9s de las redes sociales del Gobierno Municipal para que se informen de las diversas actividades y convocatorias que se tienen, sean ustedes bienvenidos\u201d.<\/p>\n\n\n<figure class=\"wp-block-post-featured-image\"><img loading=\"lazy\" decoding=\"async\" width=\"2560\" height=\"1920\" src=\"https:\/\/estado29.mx\/wp-content\/uploads\/2024\/01\/IMG_20240118_104909-min-scaled.jpg\" class=\"attachment-post-thumbnail size-post-thumbnail wp-post-image\" alt=\"\" style=\"object-fit:cover;\" srcset=\"https:\/\/estado29.mx\/wp-content\/uploads\/2024\/01\/IMG_20240118_104909-min-scaled.jpg 2560w, https:\/\/estado29.mx\/wp-content\/uploads\/2024\/01\/IMG_20240118_104909-min-300x225.jpg 300w, https:\/\/estado29.mx\/wp-content\/uploads\/2024\/01\/IMG_20240118_104909-min-1024x768.jpg 1024w, https:\/\/estado29.mx\/wp-content\/uploads\/2024\/01\/IMG_20240118_104909-min-768x576.jpg 768w, https:\/\/estado29.mx\/wp-content\/uploads\/2024\/01\/IMG_20240118_104909-min-1536x1152.jpg 1536w, https:\/\/estado29.mx\/wp-content\/uploads\/2024\/01\/IMG_20240118_104909-min-2048x1536.jpg 2048w, https:\/\/estado29.mx\/wp-content\/uploads\/2024\/01\/IMG_20240118_104909-min-750x563.jpg 750w, https:\/\/estado29.mx\/wp-content\/uploads\/2024\/01\/IMG_20240118_104909-min-1140x855.jpg 1140w\" sizes=\"auto, (max-width: 2560px) 100vw, 2560px\" \/><\/figure>","protected":false},"excerpt":{"rendered":"<p>Hoy jueves 18 de enero del presente a\u00f1o, se llev\u00f3 a cabo en el municipio de Huamantla, la Segunda Pl\u00e1tica impartida por personal de Financiera para el Bienestar n\u00famero 13, ubicada en Boulevard Cuamanco, de este lugar.El evento tuvo lugar, en las instalaciones del Auditorio de Casa de la Cultura, Amada Acoltzi Gonz\u00e1lez, Coordinadora de [&hellip;]<\/p>\n","protected":false},"author":7,"featured_media":88833,"comment_status":"open","ping_status":"open","sticky":false,"template":"","format":"standard","meta":{"om_disable_all_campaigns":false,"_monsterinsights_skip_tracking":false,"_monsterinsights_sitenote_active":false,"_monsterinsights_sitenote_note":"","_monsterinsights_sitenote_category":0,"jnews-multi-image_gallery":[],"jnews_single_post":{"subtitle":"","format":"standard","video":"","gallery":"","source_name":"","source_url":"","via_name":"","via_url":"","override_template":"0","override":[{"template":"1","single_blog_custom":"","parallax":"1","fullscreen":"1","layout":"right-sidebar","sidebar":"default-sidebar","second_sidebar":"default-sidebar","sticky_sidebar":"1","share_position":"top","share_float_style":"share-monocrhome","show_share_counter":"1","show_view_counter":"1","show_featured":"1","show_post_meta":"1","show_post_author":"1","show_post_author_image":"1","show_post_date":"1","post_date_format":"default","post_date_format_custom":"Y\/m\/d","show_post_category":"1","show_post_reading_time":"0","post_reading_time_wpm":"300","show_zoom_button":"0","zoom_button_out_step":"2","zoom_button_in_step":"3","show_post_tag":"1","show_prev_next_post":"1","show_popup_post":"1","number_popup_post":"1","show_author_box":"1","show_post_related":"0","show_inline_post_related":"0"}],"override_image_size":"0","image_override":[{"single_post_thumbnail_size":"crop-500","single_post_gallery_size":"crop-500"}],"trending_post":"0","trending_post_position":"meta","trending_post_label":"Trending","sponsored_post":"0","sponsored_post_label":"Sponsored by","sponsored_post_name":"","sponsored_post_url":"","sponsored_post_logo_enable":"0","sponsored_post_logo":"","sponsored_post_desc":"","disable_ad":"0"},"jnews_primary_category":{"id":""},"footnotes":""},"categories":[1],"tags":[],"class_list":["post-88832","post","type-post","status-publish","format-standard","has-post-thumbnail","hentry","category-uncategorized"],"aioseo_notices":[],"_links":{"self":[{"href":"https:\/\/estado29.mx\/index.php?rest_route=\/wp\/v2\/posts\/88832","targetHints":{"allow":["GET"]}}],"collection":[{"href":"https:\/\/estado29.mx\/index.php?rest_route=\/wp\/v2\/posts"}],"about":[{"href":"https:\/\/estado29.mx\/index.php?rest_route=\/wp\/v2\/types\/post"}],"author":[{"embeddable":true,"href":"https:\/\/estado29.mx\/index.php?rest_route=\/wp\/v2\/users\/7"}],"replies":[{"embeddable":true,"href":"https:\/\/estado29.mx\/index.php?rest_route=%2Fwp%2Fv2%2Fcomments&post=88832"}],"version-history":[{"count":1,"href":"https:\/\/estado29.mx\/index.php?rest_route=\/wp\/v2\/posts\/88832\/revisions"}],"predecessor-version":[{"id":88835,"href":"https:\/\/estado29.mx\/index.php?rest_route=\/wp\/v2\/posts\/88832\/revisions\/88835"}],"wp:featuredmedia":[{"embeddable":true,"href":"https:\/\/estado29.mx\/index.php?rest_route=\/wp\/v2\/media\/88833"}],"wp:attachment":[{"href":"https:\/\/estado29.mx\/index.php?rest_route=%2Fwp%2Fv2%2Fmedia&parent=88832"}],"wp:term":[{"taxonomy":"category","embeddable":true,"href":"https:\/\/estado29.mx\/index.php?rest_route=%2Fwp%2Fv2%2Fcategories&post=88832"},{"taxonomy":"post_tag","embeddable":true,"href":"https:\/\/estado29.mx\/index.php?rest_route=%2Fwp%2Fv2%2Ftags&post=88832"}],"curies":[{"name":"wp","href":"https:\/\/api.w.org\/{rel}","templated":true}]}}