{"id":88839,"date":"2024-01-18T19:31:06","date_gmt":"2024-01-18T19:31:06","guid":{"rendered":"https:\/\/estado29.mx\/?p=88839"},"modified":"2024-01-18T19:31:07","modified_gmt":"2024-01-18T19:31:07","slug":"empresas-se-acercan-a-area-de-desarrollo-economico-de-huamantla-para-hacer-reclutamiento-de-personal","status":"publish","type":"post","link":"https:\/\/estado29.mx\/?p=88839","title":{"rendered":"Empresas se acercan a \u00e1rea de Desarrollo Econ\u00f3mico de Huamantla para hacer reclutamiento de personal."},"content":{"rendered":"\n<p>La Coordinadora de Desarrollo Econ\u00f3mico en el Municipio de Huamantla, Amada Acoltzi Gonz\u00e1lez, destac\u00f3 el acercamiento que han generado algunas empresas para realizar reclutamiento de personal.<\/p>\n\n\n\n<figure class=\"wp-block-image size-large is-resized\"><img loading=\"lazy\" decoding=\"async\" src=\"https:\/\/estado29.mx\/wp-content\/uploads\/2024\/01\/IMG-20240118-WA0001-1-605x1024.jpg\" alt=\"\" class=\"wp-image-88842\" width=\"300\" height=\"507\" srcset=\"https:\/\/estado29.mx\/wp-content\/uploads\/2024\/01\/IMG-20240118-WA0001-1-605x1024.jpg 605w, https:\/\/estado29.mx\/wp-content\/uploads\/2024\/01\/IMG-20240118-WA0001-1-177x300.jpg 177w, https:\/\/estado29.mx\/wp-content\/uploads\/2024\/01\/IMG-20240118-WA0001-1.jpg 638w\" sizes=\"auto, (max-width: 300px) 100vw, 300px\" \/><\/figure>\n\n\n\n<p><br>Acoltzi Gonz\u00e1lez, refiri\u00f3 que algunas de ellas han solicitado las instalaciones de esta oficina para que las personas que est\u00e9n interesadas en alguna vacante, acudan a informarse \u201cesta semana he os tenido actividad importante afortunadamente los d\u00edas lunes, martes, hoy jueves y ma\u00f1ana viernes ha estado reclutando una empresa de seguridad privada, que ha funcionado muy bien, que brinda servicio a Ciudad Industrial Xicot\u00e9ncatl I y II, que particip\u00f3 con nosotros en la feria de empleo que tuvimos hace unos d\u00edas, nos solicit\u00f3 el espacio en las oficinas de Desarrollo Econ\u00f3mico, para realizar reclutamiento hoy por la tarde\u201d.<\/p>\n\n\n<figure class=\"wp-block-post-featured-image\"><img loading=\"lazy\" decoding=\"async\" width=\"1280\" height=\"853\" src=\"https:\/\/estado29.mx\/wp-content\/uploads\/2024\/01\/IMG-20240117-WA0013.jpg\" class=\"attachment-post-thumbnail size-post-thumbnail wp-post-image\" alt=\"\" style=\"object-fit:cover;\" srcset=\"https:\/\/estado29.mx\/wp-content\/uploads\/2024\/01\/IMG-20240117-WA0013.jpg 1280w, https:\/\/estado29.mx\/wp-content\/uploads\/2024\/01\/IMG-20240117-WA0013-300x200.jpg 300w, https:\/\/estado29.mx\/wp-content\/uploads\/2024\/01\/IMG-20240117-WA0013-1024x682.jpg 1024w, https:\/\/estado29.mx\/wp-content\/uploads\/2024\/01\/IMG-20240117-WA0013-768x512.jpg 768w, https:\/\/estado29.mx\/wp-content\/uploads\/2024\/01\/IMG-20240117-WA0013-750x500.jpg 750w, https:\/\/estado29.mx\/wp-content\/uploads\/2024\/01\/IMG-20240117-WA0013-1140x760.jpg 1140w\" sizes=\"auto, (max-width: 1280px) 100vw, 1280px\" \/><\/figure>\n\n\n<p><br>Asimismo, coment\u00f3 que \u201ctambi\u00e9n te comparto, Cebi se acaba de comunicar con nosotros est\u00e1 instalada aqu\u00ed en Ciudad Industrial Xicot\u00e9ncatl II ac\u00e1 en Huamantla, nos acaba de decir que tiene 15 espacios para operadores generales, entonces quien est\u00e9 interesado, hombre o mujer, acudir a las instalaciones de la empresa, para obtener m\u00e1s informaci\u00f3n\u201d.<\/p>\n","protected":false},"excerpt":{"rendered":"<p>La Coordinadora de Desarrollo Econ\u00f3mico en el Municipio de Huamantla, Amada Acoltzi Gonz\u00e1lez, destac\u00f3 el acercamiento que han generado algunas empresas para realizar reclutamiento de personal. Acoltzi Gonz\u00e1lez, refiri\u00f3 que algunas de ellas han solicitado las instalaciones de esta oficina para que las personas que est\u00e9n interesadas en alguna vacante, acudan a informarse \u201cesta semana [&hellip;]<\/p>\n","protected":false},"author":7,"featured_media":88841,"comment_status":"open","ping_status":"open","sticky":false,"template":"","format":"standard","meta":{"om_disable_all_campaigns":false,"_monsterinsights_skip_tracking":false,"_monsterinsights_sitenote_active":false,"_monsterinsights_sitenote_note":"","_monsterinsights_sitenote_category":0,"jnews-multi-image_gallery":[],"jnews_single_post":{"subtitle":"","format":"standard","video":"","gallery":"","source_name":"","source_url":"","via_name":"","via_url":"","override_template":"0","override":[{"template":"1","single_blog_custom":"","parallax":"1","fullscreen":"1","layout":"right-sidebar","sidebar":"default-sidebar","second_sidebar":"default-sidebar","sticky_sidebar":"1","share_position":"top","share_float_style":"share-monocrhome","show_share_counter":"1","show_view_counter":"1","show_featured":"1","show_post_meta":"1","show_post_author":"1","show_post_author_image":"1","show_post_date":"1","post_date_format":"default","post_date_format_custom":"Y\/m\/d","show_post_category":"1","show_post_reading_time":"0","post_reading_time_wpm":"300","show_zoom_button":"0","zoom_button_out_step":"2","zoom_button_in_step":"3","show_post_tag":"1","show_prev_next_post":"1","show_popup_post":"1","number_popup_post":"1","show_author_box":"1","show_post_related":"0","show_inline_post_related":"0"}],"override_image_size":"0","image_override":[{"single_post_thumbnail_size":"crop-500","single_post_gallery_size":"crop-500"}],"trending_post":"0","trending_post_position":"meta","trending_post_label":"Trending","sponsored_post":"0","sponsored_post_label":"Sponsored by","sponsored_post_name":"","sponsored_post_url":"","sponsored_post_logo_enable":"0","sponsored_post_logo":"","sponsored_post_desc":"","disable_ad":"0"},"jnews_primary_category":{"id":""},"footnotes":""},"categories":[1],"tags":[],"class_list":["post-88839","post","type-post","status-publish","format-standard","has-post-thumbnail","hentry","category-uncategorized"],"aioseo_notices":[],"_links":{"self":[{"href":"https:\/\/estado29.mx\/index.php?rest_route=\/wp\/v2\/posts\/88839","targetHints":{"allow":["GET"]}}],"collection":[{"href":"https:\/\/estado29.mx\/index.php?rest_route=\/wp\/v2\/posts"}],"about":[{"href":"https:\/\/estado29.mx\/index.php?rest_route=\/wp\/v2\/types\/post"}],"author":[{"embeddable":true,"href":"https:\/\/estado29.mx\/index.php?rest_route=\/wp\/v2\/users\/7"}],"replies":[{"embeddable":true,"href":"https:\/\/estado29.mx\/index.php?rest_route=%2Fwp%2Fv2%2Fcomments&post=88839"}],"version-history":[{"count":1,"href":"https:\/\/estado29.mx\/index.php?rest_route=\/wp\/v2\/posts\/88839\/revisions"}],"predecessor-version":[{"id":88843,"href":"https:\/\/estado29.mx\/index.php?rest_route=\/wp\/v2\/posts\/88839\/revisions\/88843"}],"wp:featuredmedia":[{"embeddable":true,"href":"https:\/\/estado29.mx\/index.php?rest_route=\/wp\/v2\/media\/88841"}],"wp:attachment":[{"href":"https:\/\/estado29.mx\/index.php?rest_route=%2Fwp%2Fv2%2Fmedia&parent=88839"}],"wp:term":[{"taxonomy":"category","embeddable":true,"href":"https:\/\/estado29.mx\/index.php?rest_route=%2Fwp%2Fv2%2Fcategories&post=88839"},{"taxonomy":"post_tag","embeddable":true,"href":"https:\/\/estado29.mx\/index.php?rest_route=%2Fwp%2Fv2%2Ftags&post=88839"}],"curies":[{"name":"wp","href":"https:\/\/api.w.org\/{rel}","templated":true}]}}