{"id":88853,"date":"2024-01-22T19:23:12","date_gmt":"2024-01-22T19:23:12","guid":{"rendered":"https:\/\/estado29.mx\/?p=88853"},"modified":"2024-01-22T19:23:13","modified_gmt":"2024-01-22T19:23:13","slug":"restablecen-el-servicio-de-agua-potable-en-comunidad-de-felipe-carrillo-puerto","status":"publish","type":"post","link":"https:\/\/estado29.mx\/?p=88853","title":{"rendered":"Restablecen el servicio de agua potable en comunidad de Felipe Carrillo Puerto."},"content":{"rendered":"\n<p>Despu\u00e9s de permanecer algunos d\u00edas sin servicio de agua potable en la comunidad Felipe Carrillo Puerto, perteneciente al municipio de Atltzayanca, motivo por el cual pobladores en d\u00edas anteriores bloquearon la carretera por unas horas, pues Comisi\u00f3n Federal de Electricidad les cancel\u00f3 el contrato por falta de algunos pagos.<\/p>\n\n\n\n<p><br>El Presidente de Comunidad, Marcos Galaviz S\u00e1nchez, refiri\u00f3 que las autoridades municipales, una vez m\u00e1s procedieron a pagar el nuevo contrato de energ\u00eda el\u00e9ctrica para restablecer el servicio, el cu\u00e1l fue de m\u00e1s de 120 mil pesos.<\/p>\n\n\n\n<p><br>Galaviz S\u00e1nchez invit\u00f3 a los habitantes de esta comunidad, a pagar los adeudos que tienen, para evitar que nuevamente les cancelen el contrato por falta de pago, pues desde octubre pasado, la comunidad ten\u00eda adeudo en las cuotas correspondientes.<\/p>\n\n\n<figure class=\"wp-block-post-featured-image\"><img loading=\"lazy\" decoding=\"async\" width=\"2560\" height=\"1920\" src=\"https:\/\/estado29.mx\/wp-content\/uploads\/2024\/01\/IMG_20240116_122453-min-scaled.jpg\" class=\"attachment-post-thumbnail size-post-thumbnail wp-post-image\" alt=\"\" style=\"object-fit:cover;\" srcset=\"https:\/\/estado29.mx\/wp-content\/uploads\/2024\/01\/IMG_20240116_122453-min-scaled.jpg 2560w, https:\/\/estado29.mx\/wp-content\/uploads\/2024\/01\/IMG_20240116_122453-min-300x225.jpg 300w, https:\/\/estado29.mx\/wp-content\/uploads\/2024\/01\/IMG_20240116_122453-min-1024x768.jpg 1024w, https:\/\/estado29.mx\/wp-content\/uploads\/2024\/01\/IMG_20240116_122453-min-768x576.jpg 768w, https:\/\/estado29.mx\/wp-content\/uploads\/2024\/01\/IMG_20240116_122453-min-1536x1152.jpg 1536w, https:\/\/estado29.mx\/wp-content\/uploads\/2024\/01\/IMG_20240116_122453-min-2048x1536.jpg 2048w, https:\/\/estado29.mx\/wp-content\/uploads\/2024\/01\/IMG_20240116_122453-min-750x563.jpg 750w, https:\/\/estado29.mx\/wp-content\/uploads\/2024\/01\/IMG_20240116_122453-min-1140x855.jpg 1140w\" sizes=\"auto, (max-width: 2560px) 100vw, 2560px\" \/><\/figure>","protected":false},"excerpt":{"rendered":"<p>Despu\u00e9s de permanecer algunos d\u00edas sin servicio de agua potable en la comunidad Felipe Carrillo Puerto, perteneciente al municipio de Atltzayanca, motivo por el cual pobladores en d\u00edas anteriores bloquearon la carretera por unas horas, pues Comisi\u00f3n Federal de Electricidad les cancel\u00f3 el contrato por falta de algunos pagos. El Presidente de Comunidad, Marcos Galaviz [&hellip;]<\/p>\n","protected":false},"author":7,"featured_media":88812,"comment_status":"open","ping_status":"open","sticky":false,"template":"","format":"standard","meta":{"om_disable_all_campaigns":false,"_monsterinsights_skip_tracking":false,"_monsterinsights_sitenote_active":false,"_monsterinsights_sitenote_note":"","_monsterinsights_sitenote_category":0,"jnews-multi-image_gallery":[],"jnews_single_post":{"subtitle":"","format":"standard","video":"","gallery":"","source_name":"","source_url":"","via_name":"","via_url":"","override_template":"0","override":[{"template":"1","single_blog_custom":"","parallax":"1","fullscreen":"1","layout":"right-sidebar","sidebar":"default-sidebar","second_sidebar":"default-sidebar","sticky_sidebar":"1","share_position":"top","share_float_style":"share-monocrhome","show_share_counter":"1","show_view_counter":"1","show_featured":"1","show_post_meta":"1","show_post_author":"1","show_post_author_image":"1","show_post_date":"1","post_date_format":"default","post_date_format_custom":"Y\/m\/d","show_post_category":"1","show_post_reading_time":"0","post_reading_time_wpm":"300","show_zoom_button":"0","zoom_button_out_step":"2","zoom_button_in_step":"3","show_post_tag":"1","show_prev_next_post":"1","show_popup_post":"1","number_popup_post":"1","show_author_box":"1","show_post_related":"0","show_inline_post_related":"0"}],"override_image_size":"0","image_override":[{"single_post_thumbnail_size":"crop-500","single_post_gallery_size":"crop-500"}],"trending_post":"0","trending_post_position":"meta","trending_post_label":"Trending","sponsored_post":"0","sponsored_post_label":"Sponsored by","sponsored_post_name":"","sponsored_post_url":"","sponsored_post_logo_enable":"0","sponsored_post_logo":"","sponsored_post_desc":"","disable_ad":"0"},"jnews_primary_category":{"id":""},"footnotes":""},"categories":[1],"tags":[],"class_list":["post-88853","post","type-post","status-publish","format-standard","has-post-thumbnail","hentry","category-uncategorized"],"aioseo_notices":[],"_links":{"self":[{"href":"https:\/\/estado29.mx\/index.php?rest_route=\/wp\/v2\/posts\/88853","targetHints":{"allow":["GET"]}}],"collection":[{"href":"https:\/\/estado29.mx\/index.php?rest_route=\/wp\/v2\/posts"}],"about":[{"href":"https:\/\/estado29.mx\/index.php?rest_route=\/wp\/v2\/types\/post"}],"author":[{"embeddable":true,"href":"https:\/\/estado29.mx\/index.php?rest_route=\/wp\/v2\/users\/7"}],"replies":[{"embeddable":true,"href":"https:\/\/estado29.mx\/index.php?rest_route=%2Fwp%2Fv2%2Fcomments&post=88853"}],"version-history":[{"count":1,"href":"https:\/\/estado29.mx\/index.php?rest_route=\/wp\/v2\/posts\/88853\/revisions"}],"predecessor-version":[{"id":88854,"href":"https:\/\/estado29.mx\/index.php?rest_route=\/wp\/v2\/posts\/88853\/revisions\/88854"}],"wp:featuredmedia":[{"embeddable":true,"href":"https:\/\/estado29.mx\/index.php?rest_route=\/wp\/v2\/media\/88812"}],"wp:attachment":[{"href":"https:\/\/estado29.mx\/index.php?rest_route=%2Fwp%2Fv2%2Fmedia&parent=88853"}],"wp:term":[{"taxonomy":"category","embeddable":true,"href":"https:\/\/estado29.mx\/index.php?rest_route=%2Fwp%2Fv2%2Fcategories&post=88853"},{"taxonomy":"post_tag","embeddable":true,"href":"https:\/\/estado29.mx\/index.php?rest_route=%2Fwp%2Fv2%2Ftags&post=88853"}],"curies":[{"name":"wp","href":"https:\/\/api.w.org\/{rel}","templated":true}]}}