{"id":88876,"date":"2024-01-26T18:24:39","date_gmt":"2024-01-26T18:24:39","guid":{"rendered":"https:\/\/estado29.mx\/?p=88876"},"modified":"2024-01-26T18:24:40","modified_gmt":"2024-01-26T18:24:40","slug":"mas-frio-se-preve-para-tlaxcala-en-los-proximos-dias","status":"publish","type":"post","link":"https:\/\/estado29.mx\/?p=88876","title":{"rendered":"M\u00e1s fr\u00edo se prev\u00e9 para Tlaxcala en los pr\u00f3ximos d\u00edas."},"content":{"rendered":"\n<p>El Integrante del Grupo Tornados M\u00e9xico, Gerardo Espinoza Jim\u00e9nez, refiri\u00f3 que se prev\u00e9 contin\u00faen los fr\u00edos en Tlaxcala.<\/p>\n\n\n\n<p><br>Espinoza Jim\u00e9nez detall\u00f3 que a pesar de que halla presencia de lluvias, \u00e9stas podr\u00edan traer consigo granizadas y tolvaneras, por lo que hace el llamado a la poblaci\u00f3n a mantenerse pendiente de las condiciones clim\u00e1ticas y a mantenerse abrigados en caso de ser necesario \u201cnosotros todos los d\u00edas, estamos en pleno contacto con el Grupo Tornados M\u00e9xico, que es el que nos hace llegar las temperaturas y qu\u00e9 nos espera, estado por estado y en este caso para Tlaxcala vamos a estar igual, yo espero que haya un peque\u00f1o repunte en cuanto a lluvias, desafortunadamente creo que los vientos se nos vienen m\u00e1s fuertes, tolvaneras y estamos esperando que en estos d\u00edas caigan fuertes granizadas, sobre todo aqu\u00ed en la cabecera municipal\u201d.<\/p>\n\n\n<figure class=\"wp-block-post-featured-image\"><img loading=\"lazy\" decoding=\"async\" width=\"294\" height=\"296\" src=\"https:\/\/estado29.mx\/wp-content\/uploads\/2024\/01\/IMG-20240110-WA0004.jpg\" class=\"attachment-post-thumbnail size-post-thumbnail wp-post-image\" alt=\"\" style=\"object-fit:cover;\" srcset=\"https:\/\/estado29.mx\/wp-content\/uploads\/2024\/01\/IMG-20240110-WA0004.jpg 294w, https:\/\/estado29.mx\/wp-content\/uploads\/2024\/01\/IMG-20240110-WA0004-150x150.jpg 150w, https:\/\/estado29.mx\/wp-content\/uploads\/2024\/01\/IMG-20240110-WA0004-75x75.jpg 75w\" sizes=\"auto, (max-width: 294px) 100vw, 294px\" \/><\/figure>\n\n\n<p><br>Dijo que si la ca\u00eda de granizo se registra antes de que haya cosecha, esto resulta ben\u00e9fico para el campo \u201cyo quiero pensar de que antes que sean las cosechas, pues ya aunque caiga granizo eso beneficia, pero el problema es cuando ya est\u00e1n las cosechas, lo que pedimos, esta os solicitando que todos se resguarden, que esto no ha acabado, no ha pasado todav\u00eda, estamos en pleno auge del cambio clim\u00e1tico\u201d.<\/p>\n","protected":false},"excerpt":{"rendered":"<p>El Integrante del Grupo Tornados M\u00e9xico, Gerardo Espinoza Jim\u00e9nez, refiri\u00f3 que se prev\u00e9 contin\u00faen los fr\u00edos en Tlaxcala. Espinoza Jim\u00e9nez detall\u00f3 que a pesar de que halla presencia de lluvias, \u00e9stas podr\u00edan traer consigo granizadas y tolvaneras, por lo que hace el llamado a la poblaci\u00f3n a mantenerse pendiente de las condiciones clim\u00e1ticas y a [&hellip;]<\/p>\n","protected":false},"author":7,"featured_media":88845,"comment_status":"open","ping_status":"open","sticky":false,"template":"","format":"standard","meta":{"om_disable_all_campaigns":false,"_monsterinsights_skip_tracking":false,"_monsterinsights_sitenote_active":false,"_monsterinsights_sitenote_note":"","_monsterinsights_sitenote_category":0,"jnews-multi-image_gallery":[],"jnews_single_post":{"subtitle":"","format":"standard","video":"","gallery":"","source_name":"","source_url":"","via_name":"","via_url":"","override_template":"0","override":[{"template":"1","single_blog_custom":"","parallax":"1","fullscreen":"1","layout":"right-sidebar","sidebar":"default-sidebar","second_sidebar":"default-sidebar","sticky_sidebar":"1","share_position":"top","share_float_style":"share-monocrhome","show_share_counter":"1","show_view_counter":"1","show_featured":"1","show_post_meta":"1","show_post_author":"1","show_post_author_image":"1","show_post_date":"1","post_date_format":"default","post_date_format_custom":"Y\/m\/d","show_post_category":"1","show_post_reading_time":"0","post_reading_time_wpm":"300","show_zoom_button":"0","zoom_button_out_step":"2","zoom_button_in_step":"3","show_post_tag":"1","show_prev_next_post":"1","show_popup_post":"1","number_popup_post":"1","show_author_box":"1","show_post_related":"0","show_inline_post_related":"0"}],"override_image_size":"0","image_override":[{"single_post_thumbnail_size":"crop-500","single_post_gallery_size":"crop-500"}],"trending_post":"0","trending_post_position":"meta","trending_post_label":"Trending","sponsored_post":"0","sponsored_post_label":"Sponsored by","sponsored_post_name":"","sponsored_post_url":"","sponsored_post_logo_enable":"0","sponsored_post_logo":"","sponsored_post_desc":"","disable_ad":"0"},"jnews_primary_category":{"id":""},"footnotes":""},"categories":[1],"tags":[],"class_list":["post-88876","post","type-post","status-publish","format-standard","has-post-thumbnail","hentry","category-uncategorized"],"aioseo_notices":[],"_links":{"self":[{"href":"https:\/\/estado29.mx\/index.php?rest_route=\/wp\/v2\/posts\/88876","targetHints":{"allow":["GET"]}}],"collection":[{"href":"https:\/\/estado29.mx\/index.php?rest_route=\/wp\/v2\/posts"}],"about":[{"href":"https:\/\/estado29.mx\/index.php?rest_route=\/wp\/v2\/types\/post"}],"author":[{"embeddable":true,"href":"https:\/\/estado29.mx\/index.php?rest_route=\/wp\/v2\/users\/7"}],"replies":[{"embeddable":true,"href":"https:\/\/estado29.mx\/index.php?rest_route=%2Fwp%2Fv2%2Fcomments&post=88876"}],"version-history":[{"count":1,"href":"https:\/\/estado29.mx\/index.php?rest_route=\/wp\/v2\/posts\/88876\/revisions"}],"predecessor-version":[{"id":88877,"href":"https:\/\/estado29.mx\/index.php?rest_route=\/wp\/v2\/posts\/88876\/revisions\/88877"}],"wp:featuredmedia":[{"embeddable":true,"href":"https:\/\/estado29.mx\/index.php?rest_route=\/wp\/v2\/media\/88845"}],"wp:attachment":[{"href":"https:\/\/estado29.mx\/index.php?rest_route=%2Fwp%2Fv2%2Fmedia&parent=88876"}],"wp:term":[{"taxonomy":"category","embeddable":true,"href":"https:\/\/estado29.mx\/index.php?rest_route=%2Fwp%2Fv2%2Fcategories&post=88876"},{"taxonomy":"post_tag","embeddable":true,"href":"https:\/\/estado29.mx\/index.php?rest_route=%2Fwp%2Fv2%2Ftags&post=88876"}],"curies":[{"name":"wp","href":"https:\/\/api.w.org\/{rel}","templated":true}]}}