{"id":88878,"date":"2024-01-26T18:45:18","date_gmt":"2024-01-26T18:45:18","guid":{"rendered":"https:\/\/estado29.mx\/?p=88878"},"modified":"2024-01-26T18:45:19","modified_gmt":"2024-01-26T18:45:19","slug":"invitan-a-productores-a-sumarse-a-tianguis-mis-semillas-huamantlecas","status":"publish","type":"post","link":"https:\/\/estado29.mx\/?p=88878","title":{"rendered":"Invitan a productores a sumarse a Tianguis Mis Semillas Huamantlecas."},"content":{"rendered":"\n<p>Este viernes 26 de enero del a\u00f1o en curso, se instal\u00f3 el Tianguis Mis Semillas Huamantlecas en la Plazuela Santa Cruz de este municipio de Huamantla.<\/p>\n\n\n\n<figure class=\"wp-block-image size-large is-resized\"><img loading=\"lazy\" decoding=\"async\" src=\"https:\/\/estado29.mx\/wp-content\/uploads\/2024\/01\/IMG_20240126_110046-min-1024x768.jpg\" alt=\"\" class=\"wp-image-88883\" width=\"272\" height=\"204\" srcset=\"https:\/\/estado29.mx\/wp-content\/uploads\/2024\/01\/IMG_20240126_110046-min-1024x768.jpg 1024w, https:\/\/estado29.mx\/wp-content\/uploads\/2024\/01\/IMG_20240126_110046-min-300x225.jpg 300w, https:\/\/estado29.mx\/wp-content\/uploads\/2024\/01\/IMG_20240126_110046-min-768x576.jpg 768w, https:\/\/estado29.mx\/wp-content\/uploads\/2024\/01\/IMG_20240126_110046-min-1536x1152.jpg 1536w, https:\/\/estado29.mx\/wp-content\/uploads\/2024\/01\/IMG_20240126_110046-min-2048x1536.jpg 2048w, https:\/\/estado29.mx\/wp-content\/uploads\/2024\/01\/IMG_20240126_110046-min-750x563.jpg 750w, https:\/\/estado29.mx\/wp-content\/uploads\/2024\/01\/IMG_20240126_110046-min-1140x855.jpg 1140w\" sizes=\"auto, (max-width: 272px) 100vw, 272px\" \/><\/figure>\n\n\n\n<p><br>Silvia Salazar Cruz, Coordinadora de Agricultura y Desarrollo Rural, indic\u00f3 que el Presidente Municipal Salvador Santos Cedillo, ha brindado las condiciones y oportunidades necesarias para que los m\u00e1s de 20 productores y artesanos ofrezcan sus productos.<\/p>\n\n\n\n<figure class=\"wp-block-image size-large\"><img loading=\"lazy\" decoding=\"async\" width=\"1024\" height=\"768\" src=\"https:\/\/estado29.mx\/wp-content\/uploads\/2024\/01\/IMG_20240126_110317-min-1024x768.jpg\" alt=\"\" class=\"wp-image-88882\" srcset=\"https:\/\/estado29.mx\/wp-content\/uploads\/2024\/01\/IMG_20240126_110317-min-1024x768.jpg 1024w, https:\/\/estado29.mx\/wp-content\/uploads\/2024\/01\/IMG_20240126_110317-min-300x225.jpg 300w, https:\/\/estado29.mx\/wp-content\/uploads\/2024\/01\/IMG_20240126_110317-min-768x576.jpg 768w, https:\/\/estado29.mx\/wp-content\/uploads\/2024\/01\/IMG_20240126_110317-min-1536x1152.jpg 1536w, https:\/\/estado29.mx\/wp-content\/uploads\/2024\/01\/IMG_20240126_110317-min-2048x1536.jpg 2048w, https:\/\/estado29.mx\/wp-content\/uploads\/2024\/01\/IMG_20240126_110317-min-750x563.jpg 750w, https:\/\/estado29.mx\/wp-content\/uploads\/2024\/01\/IMG_20240126_110317-min-1140x855.jpg 1140w\" sizes=\"auto, (max-width: 1024px) 100vw, 1024px\" \/><\/figure>\n\n\n\n<p><br>Salazar Cruz agreg\u00f3 que este tianguis se instala todos los viernes, en un horario de nueve, asimismo coment\u00f3 que los requisitos para sumarse son presentar alguna identificaci\u00f3n y hablar sobre el producto que ofrecer\u00e1n,esta inscripci\u00f3n no tiene costo alguno.<\/p>\n\n\n\n<figure class=\"wp-block-image size-large\"><img loading=\"lazy\" decoding=\"async\" width=\"1024\" height=\"768\" src=\"https:\/\/estado29.mx\/wp-content\/uploads\/2024\/01\/IMG_20240126_111329-min-1024x768.jpg\" alt=\"\" class=\"wp-image-88881\" srcset=\"https:\/\/estado29.mx\/wp-content\/uploads\/2024\/01\/IMG_20240126_111329-min-1024x768.jpg 1024w, https:\/\/estado29.mx\/wp-content\/uploads\/2024\/01\/IMG_20240126_111329-min-300x225.jpg 300w, https:\/\/estado29.mx\/wp-content\/uploads\/2024\/01\/IMG_20240126_111329-min-768x576.jpg 768w, https:\/\/estado29.mx\/wp-content\/uploads\/2024\/01\/IMG_20240126_111329-min-1536x1152.jpg 1536w, https:\/\/estado29.mx\/wp-content\/uploads\/2024\/01\/IMG_20240126_111329-min-2048x1536.jpg 2048w, https:\/\/estado29.mx\/wp-content\/uploads\/2024\/01\/IMG_20240126_111329-min-750x563.jpg 750w, https:\/\/estado29.mx\/wp-content\/uploads\/2024\/01\/IMG_20240126_111329-min-1140x855.jpg 1140w\" sizes=\"auto, (max-width: 1024px) 100vw, 1024px\" \/><\/figure>\n\n\n\n<p><br>Por su parte, Rafaela S\u00e1nchez Romero, quien se dedica a la producci\u00f3n de mermelada desde que este tianguis inici\u00f3, invita a la ciudadan\u00eda a realizar un recorrido y adquirir los diversos productos que se ofrecen \u201cyo me dedico a la producci\u00f3n de mermelada, y dulces artesanales, tambi\u00e9n vendemos lo que son los mu\u00e9ganos, el tianguis agropecuario inici\u00f3 sus ventas en abril del a\u00f1o pasado, invito a la ciudadan\u00eda a que acudan a conocer los productos que ofrecemos, tenemos mucha variedad, los esperamos en un horario de nueve de la ma\u00f1ana a tres de la tarde todos los viernes\u201d.<\/p>\n\n\n<figure class=\"wp-block-post-featured-image\"><img loading=\"lazy\" decoding=\"async\" width=\"2560\" height=\"1920\" src=\"https:\/\/estado29.mx\/wp-content\/uploads\/2024\/01\/IMG_20240126_111556-min-scaled.jpg\" class=\"attachment-post-thumbnail size-post-thumbnail wp-post-image\" alt=\"\" style=\"object-fit:cover;\" srcset=\"https:\/\/estado29.mx\/wp-content\/uploads\/2024\/01\/IMG_20240126_111556-min-scaled.jpg 2560w, https:\/\/estado29.mx\/wp-content\/uploads\/2024\/01\/IMG_20240126_111556-min-300x225.jpg 300w, https:\/\/estado29.mx\/wp-content\/uploads\/2024\/01\/IMG_20240126_111556-min-1024x768.jpg 1024w, https:\/\/estado29.mx\/wp-content\/uploads\/2024\/01\/IMG_20240126_111556-min-768x576.jpg 768w, https:\/\/estado29.mx\/wp-content\/uploads\/2024\/01\/IMG_20240126_111556-min-1536x1152.jpg 1536w, https:\/\/estado29.mx\/wp-content\/uploads\/2024\/01\/IMG_20240126_111556-min-2048x1536.jpg 2048w, https:\/\/estado29.mx\/wp-content\/uploads\/2024\/01\/IMG_20240126_111556-min-750x563.jpg 750w, https:\/\/estado29.mx\/wp-content\/uploads\/2024\/01\/IMG_20240126_111556-min-1140x855.jpg 1140w\" sizes=\"auto, (max-width: 2560px) 100vw, 2560px\" \/><\/figure>","protected":false},"excerpt":{"rendered":"<p>Este viernes 26 de enero del a\u00f1o en curso, se instal\u00f3 el Tianguis Mis Semillas Huamantlecas en la Plazuela Santa Cruz de este municipio de Huamantla. Silvia Salazar Cruz, Coordinadora de Agricultura y Desarrollo Rural, indic\u00f3 que el Presidente Municipal Salvador Santos Cedillo, ha brindado las condiciones y oportunidades necesarias para que los m\u00e1s de [&hellip;]<\/p>\n","protected":false},"author":7,"featured_media":88879,"comment_status":"open","ping_status":"open","sticky":false,"template":"","format":"standard","meta":{"om_disable_all_campaigns":false,"_monsterinsights_skip_tracking":false,"_monsterinsights_sitenote_active":false,"_monsterinsights_sitenote_note":"","_monsterinsights_sitenote_category":0,"jnews-multi-image_gallery":[],"jnews_single_post":{"subtitle":"","format":"standard","video":"","gallery":"","source_name":"","source_url":"","via_name":"","via_url":"","override_template":"0","override":[{"template":"1","single_blog_custom":"","parallax":"1","fullscreen":"1","layout":"right-sidebar","sidebar":"default-sidebar","second_sidebar":"default-sidebar","sticky_sidebar":"1","share_position":"top","share_float_style":"share-monocrhome","show_share_counter":"1","show_view_counter":"1","show_featured":"1","show_post_meta":"1","show_post_author":"1","show_post_author_image":"1","show_post_date":"1","post_date_format":"default","post_date_format_custom":"Y\/m\/d","show_post_category":"1","show_post_reading_time":"0","post_reading_time_wpm":"300","show_zoom_button":"0","zoom_button_out_step":"2","zoom_button_in_step":"3","show_post_tag":"1","show_prev_next_post":"1","show_popup_post":"1","number_popup_post":"1","show_author_box":"1","show_post_related":"0","show_inline_post_related":"0"}],"override_image_size":"0","image_override":[{"single_post_thumbnail_size":"crop-500","single_post_gallery_size":"crop-500"}],"trending_post":"0","trending_post_position":"meta","trending_post_label":"Trending","sponsored_post":"0","sponsored_post_label":"Sponsored by","sponsored_post_name":"","sponsored_post_url":"","sponsored_post_logo_enable":"0","sponsored_post_logo":"","sponsored_post_desc":"","disable_ad":"0"},"jnews_primary_category":{"id":""},"footnotes":""},"categories":[1],"tags":[],"class_list":["post-88878","post","type-post","status-publish","format-standard","has-post-thumbnail","hentry","category-uncategorized"],"aioseo_notices":[],"_links":{"self":[{"href":"https:\/\/estado29.mx\/index.php?rest_route=\/wp\/v2\/posts\/88878","targetHints":{"allow":["GET"]}}],"collection":[{"href":"https:\/\/estado29.mx\/index.php?rest_route=\/wp\/v2\/posts"}],"about":[{"href":"https:\/\/estado29.mx\/index.php?rest_route=\/wp\/v2\/types\/post"}],"author":[{"embeddable":true,"href":"https:\/\/estado29.mx\/index.php?rest_route=\/wp\/v2\/users\/7"}],"replies":[{"embeddable":true,"href":"https:\/\/estado29.mx\/index.php?rest_route=%2Fwp%2Fv2%2Fcomments&post=88878"}],"version-history":[{"count":1,"href":"https:\/\/estado29.mx\/index.php?rest_route=\/wp\/v2\/posts\/88878\/revisions"}],"predecessor-version":[{"id":88884,"href":"https:\/\/estado29.mx\/index.php?rest_route=\/wp\/v2\/posts\/88878\/revisions\/88884"}],"wp:featuredmedia":[{"embeddable":true,"href":"https:\/\/estado29.mx\/index.php?rest_route=\/wp\/v2\/media\/88879"}],"wp:attachment":[{"href":"https:\/\/estado29.mx\/index.php?rest_route=%2Fwp%2Fv2%2Fmedia&parent=88878"}],"wp:term":[{"taxonomy":"category","embeddable":true,"href":"https:\/\/estado29.mx\/index.php?rest_route=%2Fwp%2Fv2%2Fcategories&post=88878"},{"taxonomy":"post_tag","embeddable":true,"href":"https:\/\/estado29.mx\/index.php?rest_route=%2Fwp%2Fv2%2Ftags&post=88878"}],"curies":[{"name":"wp","href":"https:\/\/api.w.org\/{rel}","templated":true}]}}