{"id":88890,"date":"2024-01-29T17:10:04","date_gmt":"2024-01-29T17:10:04","guid":{"rendered":"https:\/\/estado29.mx\/?p=88890"},"modified":"2024-01-29T17:10:06","modified_gmt":"2024-01-29T17:10:06","slug":"revoca-tribunal-electoral-del-poder-judicial-de-la-federacion-sentencia-de-acusacion-de-violencia-de-genero-a-presidente-de-ixtenco","status":"publish","type":"post","link":"https:\/\/estado29.mx\/?p=88890","title":{"rendered":"Revoca Tribunal Electoral del Poder Judicial de la Federaci\u00f3n sentencia de acusaci\u00f3n de violencia de g\u00e9nero a presidente de Ixtenco."},"content":{"rendered":"\n<p>El Presidente Municipal de Ixtenco, Renato S\u00e1nchez Rojas, habl\u00f3 sobre la revocaci\u00f3n, realizada en d\u00edas anteriores, por parte del Tribunal Electoral del Poder Judicial de la Federaci\u00f3n, de sentencia de la acusaci\u00f3n en su contra, por ejercer violencia de g\u00e9nero en la presente administraci\u00f3n \u201csolamente recalcar que el d\u00eda viernes, el Tribunal Electoral del Poder Judicial de la Federaci\u00f3n revoc\u00f3 la sentencia de Tribunal del Estado, donde se me acusaba de manera injusta, de violencia de g\u00e9nero\u201d.<\/p>\n\n\n\n<p><br>El edil remarc\u00f3 que en ning\u00fan momento se han ejercido este tipo de hechos, por lo que en ocasiones se utilizan como instrumento pol\u00edtico \u201ca decir del Tribunal, jam\u00e1s se ejerci\u00f3 violencia de g\u00e9nero y eso es importante porque tiene implicaciones institucionales, muchas veces se quiere utilizar el tema de violencia de g\u00e9nero, como un instrumento pol\u00edtico, no solo de las personas, sino tambi\u00e9n confabulaciones institucionales y eso es grave, por eso este resolutivo tiene una importancia fundamental, porque en el futuro se la van a pensar dos veces antes de acusar a una persona por violencia de g\u00e9nero\u201d.<\/p>\n\n\n<figure class=\"wp-block-post-featured-image\"><img loading=\"lazy\" decoding=\"async\" width=\"720\" height=\"720\" src=\"https:\/\/estado29.mx\/wp-content\/uploads\/2024\/01\/IMG-20240129-WA0000.jpg\" class=\"attachment-post-thumbnail size-post-thumbnail wp-post-image\" alt=\"\" style=\"object-fit:cover;\" srcset=\"https:\/\/estado29.mx\/wp-content\/uploads\/2024\/01\/IMG-20240129-WA0000.jpg 720w, https:\/\/estado29.mx\/wp-content\/uploads\/2024\/01\/IMG-20240129-WA0000-300x300.jpg 300w, https:\/\/estado29.mx\/wp-content\/uploads\/2024\/01\/IMG-20240129-WA0000-150x150.jpg 150w, https:\/\/estado29.mx\/wp-content\/uploads\/2024\/01\/IMG-20240129-WA0000-75x75.jpg 75w, https:\/\/estado29.mx\/wp-content\/uploads\/2024\/01\/IMG-20240129-WA0000-350x350.jpg 350w\" sizes=\"auto, (max-width: 720px) 100vw, 720px\" \/><\/figure>","protected":false},"excerpt":{"rendered":"<p>El Presidente Municipal de Ixtenco, Renato S\u00e1nchez Rojas, habl\u00f3 sobre la revocaci\u00f3n, realizada en d\u00edas anteriores, por parte del Tribunal Electoral del Poder Judicial de la Federaci\u00f3n, de sentencia de la acusaci\u00f3n en su contra, por ejercer violencia de g\u00e9nero en la presente administraci\u00f3n \u201csolamente recalcar que el d\u00eda viernes, el Tribunal Electoral del Poder [&hellip;]<\/p>\n","protected":false},"author":7,"featured_media":88891,"comment_status":"open","ping_status":"open","sticky":false,"template":"","format":"standard","meta":{"om_disable_all_campaigns":false,"_monsterinsights_skip_tracking":false,"_monsterinsights_sitenote_active":false,"_monsterinsights_sitenote_note":"","_monsterinsights_sitenote_category":0,"jnews-multi-image_gallery":[],"jnews_single_post":{"subtitle":"","format":"standard","video":"","gallery":"","source_name":"","source_url":"","via_name":"","via_url":"","override_template":"0","override":[{"template":"1","single_blog_custom":"","parallax":"1","fullscreen":"1","layout":"right-sidebar","sidebar":"default-sidebar","second_sidebar":"default-sidebar","sticky_sidebar":"1","share_position":"top","share_float_style":"share-monocrhome","show_share_counter":"1","show_view_counter":"1","show_featured":"1","show_post_meta":"1","show_post_author":"1","show_post_author_image":"1","show_post_date":"1","post_date_format":"default","post_date_format_custom":"Y\/m\/d","show_post_category":"1","show_post_reading_time":"0","post_reading_time_wpm":"300","show_zoom_button":"0","zoom_button_out_step":"2","zoom_button_in_step":"3","show_post_tag":"1","show_prev_next_post":"1","show_popup_post":"1","number_popup_post":"1","show_author_box":"1","show_post_related":"0","show_inline_post_related":"0"}],"override_image_size":"0","image_override":[{"single_post_thumbnail_size":"crop-500","single_post_gallery_size":"crop-500"}],"trending_post":"0","trending_post_position":"meta","trending_post_label":"Trending","sponsored_post":"0","sponsored_post_label":"Sponsored by","sponsored_post_name":"","sponsored_post_url":"","sponsored_post_logo_enable":"0","sponsored_post_logo":"","sponsored_post_desc":"","disable_ad":"0"},"jnews_primary_category":{"id":""},"footnotes":""},"categories":[1],"tags":[],"class_list":["post-88890","post","type-post","status-publish","format-standard","has-post-thumbnail","hentry","category-uncategorized"],"aioseo_notices":[],"_links":{"self":[{"href":"https:\/\/estado29.mx\/index.php?rest_route=\/wp\/v2\/posts\/88890","targetHints":{"allow":["GET"]}}],"collection":[{"href":"https:\/\/estado29.mx\/index.php?rest_route=\/wp\/v2\/posts"}],"about":[{"href":"https:\/\/estado29.mx\/index.php?rest_route=\/wp\/v2\/types\/post"}],"author":[{"embeddable":true,"href":"https:\/\/estado29.mx\/index.php?rest_route=\/wp\/v2\/users\/7"}],"replies":[{"embeddable":true,"href":"https:\/\/estado29.mx\/index.php?rest_route=%2Fwp%2Fv2%2Fcomments&post=88890"}],"version-history":[{"count":1,"href":"https:\/\/estado29.mx\/index.php?rest_route=\/wp\/v2\/posts\/88890\/revisions"}],"predecessor-version":[{"id":88892,"href":"https:\/\/estado29.mx\/index.php?rest_route=\/wp\/v2\/posts\/88890\/revisions\/88892"}],"wp:featuredmedia":[{"embeddable":true,"href":"https:\/\/estado29.mx\/index.php?rest_route=\/wp\/v2\/media\/88891"}],"wp:attachment":[{"href":"https:\/\/estado29.mx\/index.php?rest_route=%2Fwp%2Fv2%2Fmedia&parent=88890"}],"wp:term":[{"taxonomy":"category","embeddable":true,"href":"https:\/\/estado29.mx\/index.php?rest_route=%2Fwp%2Fv2%2Fcategories&post=88890"},{"taxonomy":"post_tag","embeddable":true,"href":"https:\/\/estado29.mx\/index.php?rest_route=%2Fwp%2Fv2%2Ftags&post=88890"}],"curies":[{"name":"wp","href":"https:\/\/api.w.org\/{rel}","templated":true}]}}