{"id":88906,"date":"2024-01-30T18:53:37","date_gmt":"2024-01-30T18:53:37","guid":{"rendered":"https:\/\/estado29.mx\/?p=88906"},"modified":"2024-01-30T18:57:02","modified_gmt":"2024-01-30T18:57:02","slug":"los-trabajos-de-obra-publica-son-importantes-para-la-poblacion-de-ixtenco-renato-sanchez-rojas","status":"publish","type":"post","link":"https:\/\/estado29.mx\/?p=88906","title":{"rendered":"Los trabajos de obra p\u00fablica son importantes para la poblaci\u00f3n de Ixtenco: Renato S\u00e1nchez Rojas."},"content":{"rendered":"\n<p>El Presidente Municipal de Ixtenco, Renato S\u00e1nchez Rojas, refiri\u00f3 que despu\u00e9s de la celebraci\u00f3n del Tercer Encuentro Nacional Otom\u00ed, evento realizado en los primeros d\u00edas de enero, el enfoque de la presente administraci\u00f3n es continuar trabajando y gestionando beneficios para la poblaci\u00f3n.<\/p>\n\n\n\n<p><br>En este sentido, el edil resalt\u00f3 que una parte importante de las gestiones son en temas de obra p\u00fablica \u201cpues despu\u00e9s del Encuentro Nacional, ahora estamos enfocados a seguir trabajando, buscando beneficios, para la comunidad y una parte importante de eso, son los temas de obra p\u00fablica\u201d.<\/p>\n\n\n<figure class=\"wp-block-post-featured-image\"><img loading=\"lazy\" decoding=\"async\" width=\"2560\" height=\"1653\" src=\"https:\/\/estado29.mx\/wp-content\/uploads\/2023\/12\/IMG_20231113_1339432-scaled.jpg\" class=\"attachment-post-thumbnail size-post-thumbnail wp-post-image\" alt=\"\" style=\"object-fit:cover;\" srcset=\"https:\/\/estado29.mx\/wp-content\/uploads\/2023\/12\/IMG_20231113_1339432-scaled.jpg 2560w, https:\/\/estado29.mx\/wp-content\/uploads\/2023\/12\/IMG_20231113_1339432-300x194.jpg 300w, https:\/\/estado29.mx\/wp-content\/uploads\/2023\/12\/IMG_20231113_1339432-1024x661.jpg 1024w, https:\/\/estado29.mx\/wp-content\/uploads\/2023\/12\/IMG_20231113_1339432-768x496.jpg 768w, https:\/\/estado29.mx\/wp-content\/uploads\/2023\/12\/IMG_20231113_1339432-1536x992.jpg 1536w, https:\/\/estado29.mx\/wp-content\/uploads\/2023\/12\/IMG_20231113_1339432-2048x1323.jpg 2048w, https:\/\/estado29.mx\/wp-content\/uploads\/2023\/12\/IMG_20231113_1339432-750x484.jpg 750w, https:\/\/estado29.mx\/wp-content\/uploads\/2023\/12\/IMG_20231113_1339432-1140x736.jpg 1140w\" sizes=\"auto, (max-width: 2560px) 100vw, 2560px\" \/><\/figure>\n\n\n<p><br>S\u00e1nchez Rojas, detall\u00f3 que entre las obras importantes est\u00e1 la construcci\u00f3n del Tianguis Artesanal, el Museo Nacional de Arte Otom\u00ed y trabajos de remodelaci\u00f3n de estanquillos \u201cen este caso tenemos o estamos iniciando con la construcci\u00f3n de Tianguis Artesanal, el Museo Nacional de Arte Otom\u00ed, la remodelaci\u00f3n de los estanquillos, porque esos ya dan muy mal aspecto, es una parte tambi\u00e9n que vamos a remodelar\u201d.<\/p>\n","protected":false},"excerpt":{"rendered":"<p>El Presidente Municipal de Ixtenco, Renato S\u00e1nchez Rojas, refiri\u00f3 que despu\u00e9s de la celebraci\u00f3n del Tercer Encuentro Nacional Otom\u00ed, evento realizado en los primeros d\u00edas de enero, el enfoque de la presente administraci\u00f3n es continuar trabajando y gestionando beneficios para la poblaci\u00f3n. En este sentido, el edil resalt\u00f3 que una parte importante de las gestiones [&hellip;]<\/p>\n","protected":false},"author":7,"featured_media":88617,"comment_status":"open","ping_status":"open","sticky":false,"template":"","format":"standard","meta":{"om_disable_all_campaigns":false,"_monsterinsights_skip_tracking":false,"_monsterinsights_sitenote_active":false,"_monsterinsights_sitenote_note":"","_monsterinsights_sitenote_category":0,"jnews-multi-image_gallery":[],"jnews_single_post":{"format":"standard"},"jnews_primary_category":[],"footnotes":""},"categories":[1],"tags":[],"class_list":["post-88906","post","type-post","status-publish","format-standard","has-post-thumbnail","hentry","category-uncategorized"],"aioseo_notices":[],"_links":{"self":[{"href":"https:\/\/estado29.mx\/index.php?rest_route=\/wp\/v2\/posts\/88906","targetHints":{"allow":["GET"]}}],"collection":[{"href":"https:\/\/estado29.mx\/index.php?rest_route=\/wp\/v2\/posts"}],"about":[{"href":"https:\/\/estado29.mx\/index.php?rest_route=\/wp\/v2\/types\/post"}],"author":[{"embeddable":true,"href":"https:\/\/estado29.mx\/index.php?rest_route=\/wp\/v2\/users\/7"}],"replies":[{"embeddable":true,"href":"https:\/\/estado29.mx\/index.php?rest_route=%2Fwp%2Fv2%2Fcomments&post=88906"}],"version-history":[{"count":1,"href":"https:\/\/estado29.mx\/index.php?rest_route=\/wp\/v2\/posts\/88906\/revisions"}],"predecessor-version":[{"id":88907,"href":"https:\/\/estado29.mx\/index.php?rest_route=\/wp\/v2\/posts\/88906\/revisions\/88907"}],"wp:featuredmedia":[{"embeddable":true,"href":"https:\/\/estado29.mx\/index.php?rest_route=\/wp\/v2\/media\/88617"}],"wp:attachment":[{"href":"https:\/\/estado29.mx\/index.php?rest_route=%2Fwp%2Fv2%2Fmedia&parent=88906"}],"wp:term":[{"taxonomy":"category","embeddable":true,"href":"https:\/\/estado29.mx\/index.php?rest_route=%2Fwp%2Fv2%2Fcategories&post=88906"},{"taxonomy":"post_tag","embeddable":true,"href":"https:\/\/estado29.mx\/index.php?rest_route=%2Fwp%2Fv2%2Ftags&post=88906"}],"curies":[{"name":"wp","href":"https:\/\/api.w.org\/{rel}","templated":true}]}}