{"id":88915,"date":"2024-01-31T19:40:06","date_gmt":"2024-01-31T19:40:06","guid":{"rendered":"https:\/\/estado29.mx\/?p=88915"},"modified":"2024-01-31T19:40:07","modified_gmt":"2024-01-31T19:40:07","slug":"realizo-ayuntamiento-de-ixtenco-en-conjunto-con-secture-seleccion-de-consejo-ciudadano-de-pueblo-magico","status":"publish","type":"post","link":"https:\/\/estado29.mx\/?p=88915","title":{"rendered":"Realiz\u00f3 ayuntamiento de Ixtenco en conjunto con SECTURE selecci\u00f3n de Consejo Ciudadano de Pueblo M\u00e1gico."},"content":{"rendered":"\n<p>El Presidente Municipal de Ixtenco, Renato S\u00e1nchez Rojas, refiri\u00f3 que ya se han iniciado los trabajos de planeaci\u00f3n, sobre la edificaci\u00f3n del Museo de Ma\u00edz, que quedar\u00eda instalado un costado del Museo Comunitario, el cu\u00e1l se pretende sea apegado a las normas que se deben seguir \u201cestamos trabajando ya sobre el museo del ma\u00edz, pero ahora lo estamos haciendo de manera m\u00e1s met\u00f3dica, estamos hablando con un curador muse\u00f3grafo, para que se haga de manera, digamos t\u00e9cnicamente apegado a lo que debe ser un museo\u201d.<\/p>\n\n\n\n<p><br>Por otra parte, el alcalde agreg\u00f3 que ya se realiz\u00f3 el proceso de selecci\u00f3n de los integrantes del Consejo Ciudadano de Pueblo M\u00e1gico, el cual se hizo en conjunto con la Secretar\u00eda de Turismo Estatal, por lo que en pr\u00f3ximos d\u00edas ser\u00e1 presentado \u201ctambi\u00e9n vamos a realizar en fechas posteriores, es una o dos semanas, la toma de protesta del Consejo Ciudadano de Pueblo M\u00e1gico, que fue integrado por la Secretar\u00eda de Turismo, como del gobierno municipal\u201d.<\/p>\n\n\n\n<p><br>De igual manera, S\u00e1nchez Rojas resalt\u00f3 que las obras de remodelaci\u00f3n de las entradas al lugar, se encuentran en su etapa final \u201ca grandes rasgos son esas acciones, en realidad tambi\u00e9n se est\u00e1 haciendo la remodelaci\u00f3n de las entradas del municipio, es un proyecto que se inici\u00f3 desde diciembre, espero que concluya m\u00e1ximo en una o dos semanas\u201d.<\/p>\n\n\n<figure class=\"wp-block-post-featured-image\"><img loading=\"lazy\" decoding=\"async\" width=\"2560\" height=\"1920\" src=\"https:\/\/estado29.mx\/wp-content\/uploads\/2023\/12\/IMG_20231215_174545-min-scaled.jpg\" class=\"attachment-post-thumbnail size-post-thumbnail wp-post-image\" alt=\"\" style=\"object-fit:cover;\" srcset=\"https:\/\/estado29.mx\/wp-content\/uploads\/2023\/12\/IMG_20231215_174545-min-scaled.jpg 2560w, https:\/\/estado29.mx\/wp-content\/uploads\/2023\/12\/IMG_20231215_174545-min-300x225.jpg 300w, https:\/\/estado29.mx\/wp-content\/uploads\/2023\/12\/IMG_20231215_174545-min-1024x768.jpg 1024w, https:\/\/estado29.mx\/wp-content\/uploads\/2023\/12\/IMG_20231215_174545-min-768x576.jpg 768w, https:\/\/estado29.mx\/wp-content\/uploads\/2023\/12\/IMG_20231215_174545-min-1536x1152.jpg 1536w, https:\/\/estado29.mx\/wp-content\/uploads\/2023\/12\/IMG_20231215_174545-min-2048x1536.jpg 2048w, https:\/\/estado29.mx\/wp-content\/uploads\/2023\/12\/IMG_20231215_174545-min-750x563.jpg 750w, https:\/\/estado29.mx\/wp-content\/uploads\/2023\/12\/IMG_20231215_174545-min-1140x855.jpg 1140w\" sizes=\"auto, (max-width: 2560px) 100vw, 2560px\" \/><\/figure>","protected":false},"excerpt":{"rendered":"<p>El Presidente Municipal de Ixtenco, Renato S\u00e1nchez Rojas, refiri\u00f3 que ya se han iniciado los trabajos de planeaci\u00f3n, sobre la edificaci\u00f3n del Museo de Ma\u00edz, que quedar\u00eda instalado un costado del Museo Comunitario, el cu\u00e1l se pretende sea apegado a las normas que se deben seguir \u201cestamos trabajando ya sobre el museo del ma\u00edz, pero [&hellip;]<\/p>\n","protected":false},"author":7,"featured_media":88636,"comment_status":"open","ping_status":"open","sticky":false,"template":"","format":"standard","meta":{"om_disable_all_campaigns":false,"_monsterinsights_skip_tracking":false,"_monsterinsights_sitenote_active":false,"_monsterinsights_sitenote_note":"","_monsterinsights_sitenote_category":0,"jnews-multi-image_gallery":[],"jnews_single_post":{"format":"standard"},"jnews_primary_category":[],"footnotes":""},"categories":[1],"tags":[],"class_list":["post-88915","post","type-post","status-publish","format-standard","has-post-thumbnail","hentry","category-uncategorized"],"aioseo_notices":[],"_links":{"self":[{"href":"https:\/\/estado29.mx\/index.php?rest_route=\/wp\/v2\/posts\/88915","targetHints":{"allow":["GET"]}}],"collection":[{"href":"https:\/\/estado29.mx\/index.php?rest_route=\/wp\/v2\/posts"}],"about":[{"href":"https:\/\/estado29.mx\/index.php?rest_route=\/wp\/v2\/types\/post"}],"author":[{"embeddable":true,"href":"https:\/\/estado29.mx\/index.php?rest_route=\/wp\/v2\/users\/7"}],"replies":[{"embeddable":true,"href":"https:\/\/estado29.mx\/index.php?rest_route=%2Fwp%2Fv2%2Fcomments&post=88915"}],"version-history":[{"count":1,"href":"https:\/\/estado29.mx\/index.php?rest_route=\/wp\/v2\/posts\/88915\/revisions"}],"predecessor-version":[{"id":88916,"href":"https:\/\/estado29.mx\/index.php?rest_route=\/wp\/v2\/posts\/88915\/revisions\/88916"}],"wp:featuredmedia":[{"embeddable":true,"href":"https:\/\/estado29.mx\/index.php?rest_route=\/wp\/v2\/media\/88636"}],"wp:attachment":[{"href":"https:\/\/estado29.mx\/index.php?rest_route=%2Fwp%2Fv2%2Fmedia&parent=88915"}],"wp:term":[{"taxonomy":"category","embeddable":true,"href":"https:\/\/estado29.mx\/index.php?rest_route=%2Fwp%2Fv2%2Fcategories&post=88915"},{"taxonomy":"post_tag","embeddable":true,"href":"https:\/\/estado29.mx\/index.php?rest_route=%2Fwp%2Fv2%2Ftags&post=88915"}],"curies":[{"name":"wp","href":"https:\/\/api.w.org\/{rel}","templated":true}]}}