{"id":88919,"date":"2024-01-31T19:43:56","date_gmt":"2024-01-31T19:43:56","guid":{"rendered":"https:\/\/estado29.mx\/?p=88919"},"modified":"2024-01-31T19:43:57","modified_gmt":"2024-01-31T19:43:57","slug":"calor-y-tolvaneras-se-esperan-para-region-oriente-de-tlaxcala","status":"publish","type":"post","link":"https:\/\/estado29.mx\/?p=88919","title":{"rendered":"Calor y tolvaneras se esperan para regi\u00f3n Oriente de Tlaxcala."},"content":{"rendered":"\n<p>El integrante del Grupo Tornados M\u00e9xico, Gerardo Espinoza Jim\u00e9nez, detall\u00f3 que en cuestiones clim\u00e1ticas, se espera para los pr\u00f3ximos d\u00edas presencia de calor, as\u00ed como tolvaneras en la regi\u00f3n Oriente de Tlaxcala.<\/p>\n\n\n\n<p><br>Espinoza Jim\u00e9nez agreg\u00f3 que derivado del cambio de clima, los fr\u00edos estar\u00edan llegando a su fin, dando paso ahora a la presencia de temperaturas c\u00e1lidas.<\/p>\n\n\n\n<p>Por otra parte, solicit\u00f3 a la ciudadan\u00eda su apoyo para el equipamiento de las instalaciones de Briasa, Delegaci\u00f3n Huamantla \u201cpues para los pr\u00f3ximos d\u00edas, van a venir y se van a empezar a sentir calores, ya el fr\u00edo se va haciendo a un lado, pero nos esperan fuertes tolvaneras, son tolvaneras las que se est\u00e1n previendo para estos pr\u00f3ximos d\u00edas, estaremos en contacto para ver qu\u00e9 tanta ayuda recibimos de parte de la poblaci\u00f3n en general\u201d.<\/p>\n\n\n<figure class=\"wp-block-post-featured-image\"><img loading=\"lazy\" decoding=\"async\" width=\"1920\" height=\"2560\" src=\"https:\/\/estado29.mx\/wp-content\/uploads\/2023\/10\/IMG_20230906_134005-min-scaled.jpg\" class=\"attachment-post-thumbnail size-post-thumbnail wp-post-image\" alt=\"\" style=\"object-fit:cover;\" srcset=\"https:\/\/estado29.mx\/wp-content\/uploads\/2023\/10\/IMG_20230906_134005-min-scaled.jpg 1920w, https:\/\/estado29.mx\/wp-content\/uploads\/2023\/10\/IMG_20230906_134005-min-225x300.jpg 225w, https:\/\/estado29.mx\/wp-content\/uploads\/2023\/10\/IMG_20230906_134005-min-768x1024.jpg 768w, https:\/\/estado29.mx\/wp-content\/uploads\/2023\/10\/IMG_20230906_134005-min-1152x1536.jpg 1152w, https:\/\/estado29.mx\/wp-content\/uploads\/2023\/10\/IMG_20230906_134005-min-1536x2048.jpg 1536w, https:\/\/estado29.mx\/wp-content\/uploads\/2023\/10\/IMG_20230906_134005-min-750x1000.jpg 750w, https:\/\/estado29.mx\/wp-content\/uploads\/2023\/10\/IMG_20230906_134005-min-1140x1520.jpg 1140w\" sizes=\"auto, (max-width: 1920px) 100vw, 1920px\" \/><\/figure>","protected":false},"excerpt":{"rendered":"<p>El integrante del Grupo Tornados M\u00e9xico, Gerardo Espinoza Jim\u00e9nez, detall\u00f3 que en cuestiones clim\u00e1ticas, se espera para los pr\u00f3ximos d\u00edas presencia de calor, as\u00ed como tolvaneras en la regi\u00f3n Oriente de Tlaxcala. Espinoza Jim\u00e9nez agreg\u00f3 que derivado del cambio de clima, los fr\u00edos estar\u00edan llegando a su fin, dando paso ahora a la presencia de [&hellip;]<\/p>\n","protected":false},"author":7,"featured_media":88262,"comment_status":"open","ping_status":"open","sticky":false,"template":"","format":"standard","meta":{"om_disable_all_campaigns":false,"_monsterinsights_skip_tracking":false,"_monsterinsights_sitenote_active":false,"_monsterinsights_sitenote_note":"","_monsterinsights_sitenote_category":0,"jnews-multi-image_gallery":[],"jnews_single_post":{"subtitle":"","format":"standard","video":"","gallery":"","source_name":"","source_url":"","via_name":"","via_url":"","override_template":"0","override":[{"template":"1","single_blog_custom":"","parallax":"1","fullscreen":"1","layout":"right-sidebar","sidebar":"default-sidebar","second_sidebar":"default-sidebar","sticky_sidebar":"1","share_position":"top","share_float_style":"share-monocrhome","show_share_counter":"1","show_view_counter":"1","show_featured":"1","show_post_meta":"1","show_post_author":"1","show_post_author_image":"1","show_post_date":"1","post_date_format":"default","post_date_format_custom":"Y\/m\/d","show_post_category":"1","show_post_reading_time":"0","post_reading_time_wpm":"300","show_zoom_button":"0","zoom_button_out_step":"2","zoom_button_in_step":"3","show_post_tag":"1","show_prev_next_post":"1","show_popup_post":"1","number_popup_post":"1","show_author_box":"1","show_post_related":"0","show_inline_post_related":"0"}],"override_image_size":"0","image_override":[{"single_post_thumbnail_size":"crop-500","single_post_gallery_size":"crop-500"}],"trending_post":"0","trending_post_position":"meta","trending_post_label":"Trending","sponsored_post":"0","sponsored_post_label":"Sponsored by","sponsored_post_name":"","sponsored_post_url":"","sponsored_post_logo_enable":"0","sponsored_post_logo":"","sponsored_post_desc":"","disable_ad":"0"},"jnews_primary_category":{"id":""},"footnotes":""},"categories":[1],"tags":[],"class_list":["post-88919","post","type-post","status-publish","format-standard","has-post-thumbnail","hentry","category-uncategorized"],"aioseo_notices":[],"_links":{"self":[{"href":"https:\/\/estado29.mx\/index.php?rest_route=\/wp\/v2\/posts\/88919","targetHints":{"allow":["GET"]}}],"collection":[{"href":"https:\/\/estado29.mx\/index.php?rest_route=\/wp\/v2\/posts"}],"about":[{"href":"https:\/\/estado29.mx\/index.php?rest_route=\/wp\/v2\/types\/post"}],"author":[{"embeddable":true,"href":"https:\/\/estado29.mx\/index.php?rest_route=\/wp\/v2\/users\/7"}],"replies":[{"embeddable":true,"href":"https:\/\/estado29.mx\/index.php?rest_route=%2Fwp%2Fv2%2Fcomments&post=88919"}],"version-history":[{"count":1,"href":"https:\/\/estado29.mx\/index.php?rest_route=\/wp\/v2\/posts\/88919\/revisions"}],"predecessor-version":[{"id":88920,"href":"https:\/\/estado29.mx\/index.php?rest_route=\/wp\/v2\/posts\/88919\/revisions\/88920"}],"wp:featuredmedia":[{"embeddable":true,"href":"https:\/\/estado29.mx\/index.php?rest_route=\/wp\/v2\/media\/88262"}],"wp:attachment":[{"href":"https:\/\/estado29.mx\/index.php?rest_route=%2Fwp%2Fv2%2Fmedia&parent=88919"}],"wp:term":[{"taxonomy":"category","embeddable":true,"href":"https:\/\/estado29.mx\/index.php?rest_route=%2Fwp%2Fv2%2Fcategories&post=88919"},{"taxonomy":"post_tag","embeddable":true,"href":"https:\/\/estado29.mx\/index.php?rest_route=%2Fwp%2Fv2%2Ftags&post=88919"}],"curies":[{"name":"wp","href":"https:\/\/api.w.org\/{rel}","templated":true}]}}