{"id":88923,"date":"2024-01-31T19:47:56","date_gmt":"2024-01-31T19:47:56","guid":{"rendered":"https:\/\/estado29.mx\/?p=88923"},"modified":"2024-01-31T19:47:57","modified_gmt":"2024-01-31T19:47:57","slug":"inician-trabajos-de-remodelacion-para-instalacion-de-tianguis-artesanal-y-radio-comunitaria-en-ixtenco","status":"publish","type":"post","link":"https:\/\/estado29.mx\/?p=88923","title":{"rendered":"Inician trabajos de remodelaci\u00f3n para instalaci\u00f3n de Tianguis Artesanal y Radio Comunitaria en Ixtenco."},"content":{"rendered":"\n<p>El Presidente Municipal de Ixtenco, Renato S\u00e1nchez Rojas, detall\u00f3 que como parte de las acciones de mejoramiento, se trabaja en el proyecto de un tianguis artesanal, el cual se tiene estimado, quede instalado sobre el quiosco del parque de la cabecera municipal.<\/p>\n\n\n\n<p><br>S\u00e1nchez Rojas, agreg\u00f3 que ya se realizan las remodelaciones correspondientes para que en pr\u00f3ximas fechas sea instalado.<\/p>\n\n\n<figure class=\"wp-block-post-featured-image\"><img loading=\"lazy\" decoding=\"async\" width=\"2560\" height=\"1920\" src=\"https:\/\/estado29.mx\/wp-content\/uploads\/2023\/08\/IMG_20230517_113335-min-1-scaled.jpg\" class=\"attachment-post-thumbnail size-post-thumbnail wp-post-image\" alt=\"\" style=\"object-fit:cover;\" srcset=\"https:\/\/estado29.mx\/wp-content\/uploads\/2023\/08\/IMG_20230517_113335-min-1-scaled.jpg 2560w, https:\/\/estado29.mx\/wp-content\/uploads\/2023\/08\/IMG_20230517_113335-min-1-300x225.jpg 300w, https:\/\/estado29.mx\/wp-content\/uploads\/2023\/08\/IMG_20230517_113335-min-1-1024x768.jpg 1024w, https:\/\/estado29.mx\/wp-content\/uploads\/2023\/08\/IMG_20230517_113335-min-1-768x576.jpg 768w, https:\/\/estado29.mx\/wp-content\/uploads\/2023\/08\/IMG_20230517_113335-min-1-1536x1152.jpg 1536w, https:\/\/estado29.mx\/wp-content\/uploads\/2023\/08\/IMG_20230517_113335-min-1-2048x1536.jpg 2048w, https:\/\/estado29.mx\/wp-content\/uploads\/2023\/08\/IMG_20230517_113335-min-1-750x563.jpg 750w, https:\/\/estado29.mx\/wp-content\/uploads\/2023\/08\/IMG_20230517_113335-min-1-1140x855.jpg 1140w\" sizes=\"auto, (max-width: 2560px) 100vw, 2560px\" \/><\/figure>\n\n\n<p><br>Asimismo, coment\u00f3 que tambi\u00e9n se iniciar\u00e1n los trabajos de instalaci\u00f3n de una estaci\u00f3n de radio comunitaria \u201cel tianguis artesanal lo vamos a poner encima del quiosco municipal, ah\u00ed se est\u00e1n haciendo remodelaciones, junto tambi\u00e9n con, desde hace mucho tiempo que tenemos en mente es hacer la radio comunitaria de Ixtenco, vamos a empezar a instalar parte de eso tambi\u00e9n\u201d.<\/p>\n","protected":false},"excerpt":{"rendered":"<p>El Presidente Municipal de Ixtenco, Renato S\u00e1nchez Rojas, detall\u00f3 que como parte de las acciones de mejoramiento, se trabaja en el proyecto de un tianguis artesanal, el cual se tiene estimado, quede instalado sobre el quiosco del parque de la cabecera municipal. S\u00e1nchez Rojas, agreg\u00f3 que ya se realizan las remodelaciones correspondientes para que en [&hellip;]<\/p>\n","protected":false},"author":7,"featured_media":87749,"comment_status":"open","ping_status":"open","sticky":false,"template":"","format":"standard","meta":{"om_disable_all_campaigns":false,"_monsterinsights_skip_tracking":false,"_monsterinsights_sitenote_active":false,"_monsterinsights_sitenote_note":"","_monsterinsights_sitenote_category":0,"jnews-multi-image_gallery":[],"jnews_single_post":{"subtitle":"","format":"standard","video":"","gallery":"","source_name":"","source_url":"","via_name":"","via_url":"","override_template":"0","override":[{"template":"1","single_blog_custom":"","parallax":"1","fullscreen":"1","layout":"right-sidebar","sidebar":"default-sidebar","second_sidebar":"default-sidebar","sticky_sidebar":"1","share_position":"top","share_float_style":"share-monocrhome","show_share_counter":"1","show_view_counter":"1","show_featured":"1","show_post_meta":"1","show_post_author":"1","show_post_author_image":"1","show_post_date":"1","post_date_format":"default","post_date_format_custom":"Y\/m\/d","show_post_category":"1","show_post_reading_time":"0","post_reading_time_wpm":"300","show_zoom_button":"0","zoom_button_out_step":"2","zoom_button_in_step":"3","show_post_tag":"1","show_prev_next_post":"1","show_popup_post":"1","number_popup_post":"1","show_author_box":"1","show_post_related":"0","show_inline_post_related":"0"}],"override_image_size":"0","image_override":[{"single_post_thumbnail_size":"crop-500","single_post_gallery_size":"crop-500"}],"trending_post":"0","trending_post_position":"meta","trending_post_label":"Trending","sponsored_post":"0","sponsored_post_label":"Sponsored by","sponsored_post_name":"","sponsored_post_url":"","sponsored_post_logo_enable":"0","sponsored_post_logo":"","sponsored_post_desc":"","disable_ad":"0"},"jnews_primary_category":{"id":""},"footnotes":""},"categories":[1],"tags":[],"class_list":["post-88923","post","type-post","status-publish","format-standard","has-post-thumbnail","hentry","category-uncategorized"],"aioseo_notices":[],"_links":{"self":[{"href":"https:\/\/estado29.mx\/index.php?rest_route=\/wp\/v2\/posts\/88923","targetHints":{"allow":["GET"]}}],"collection":[{"href":"https:\/\/estado29.mx\/index.php?rest_route=\/wp\/v2\/posts"}],"about":[{"href":"https:\/\/estado29.mx\/index.php?rest_route=\/wp\/v2\/types\/post"}],"author":[{"embeddable":true,"href":"https:\/\/estado29.mx\/index.php?rest_route=\/wp\/v2\/users\/7"}],"replies":[{"embeddable":true,"href":"https:\/\/estado29.mx\/index.php?rest_route=%2Fwp%2Fv2%2Fcomments&post=88923"}],"version-history":[{"count":1,"href":"https:\/\/estado29.mx\/index.php?rest_route=\/wp\/v2\/posts\/88923\/revisions"}],"predecessor-version":[{"id":88924,"href":"https:\/\/estado29.mx\/index.php?rest_route=\/wp\/v2\/posts\/88923\/revisions\/88924"}],"wp:featuredmedia":[{"embeddable":true,"href":"https:\/\/estado29.mx\/index.php?rest_route=\/wp\/v2\/media\/87749"}],"wp:attachment":[{"href":"https:\/\/estado29.mx\/index.php?rest_route=%2Fwp%2Fv2%2Fmedia&parent=88923"}],"wp:term":[{"taxonomy":"category","embeddable":true,"href":"https:\/\/estado29.mx\/index.php?rest_route=%2Fwp%2Fv2%2Fcategories&post=88923"},{"taxonomy":"post_tag","embeddable":true,"href":"https:\/\/estado29.mx\/index.php?rest_route=%2Fwp%2Fv2%2Ftags&post=88923"}],"curies":[{"name":"wp","href":"https:\/\/api.w.org\/{rel}","templated":true}]}}