{"id":88926,"date":"2024-02-01T19:00:01","date_gmt":"2024-02-01T19:00:01","guid":{"rendered":"https:\/\/estado29.mx\/?p=88926"},"modified":"2024-02-01T19:00:02","modified_gmt":"2024-02-01T19:00:02","slug":"ubr-de-ixtenco-cuenta-con-servicio-de-terapia-de-lenguaje","status":"publish","type":"post","link":"https:\/\/estado29.mx\/?p=88926","title":{"rendered":"UBR de Ixtenco cuenta con servicio de Terapia de Lenguaje."},"content":{"rendered":"\n<p>La Presidenta del Sistema Municipal para el Desarrollo Integral de las Familias en Ixtenco (SMDIF) Greta Cort\u00e9s Ortega, extern\u00f3 que la Unidad B\u00e1sica de Rehabilitaci\u00f3n del lugar (UBR), ha sumado a los diversos servicios que ofrece el de Terapia de Lenguaje \u201cpues estamos realizando much\u00edsimas cosas, tenemos los servicios de Unidad B\u00e1sica de Rehabilitaci\u00f3n, todo lo que tiene que ver con Fisioterapia, Hidroterapia, Equinoterapia y Psicolog\u00eda, tambi\u00e9n ya tenemos Terapia de Lenguaje, que era una parte que nos faltaba, afortunadamente ya lo tenemos\u201d.<\/p>\n\n\n\n<p><br>Es por ello que hace la invitaci\u00f3n a la poblaci\u00f3n en general que requiera alg\u00fan tipo de atenci\u00f3n especial a acudir al Dif municipal para su valoraci\u00f3n, en un horario de nueve de la ma\u00f1ana a tres de la tarde, de lunes a viernes \u201cestamos invitando a todas las personas que nos escuchan a que acudan a la Unidad B\u00e1sica de Rehabilitaci\u00f3n, de lunes a viernes, de nueve a tres de la tarde, con much\u00edsimo gusto los estaremos atendiendo, no importa si no radican en Ixtenco, si son vecinos de Huamantla, Zitlaltepec o cualquier otro municipio, con much\u00edsimo gusto pueden acudir, a nuestras instalaciones para que reciban los servicios\u201d.<\/p>\n\n\n<figure class=\"wp-block-post-featured-image\"><img loading=\"lazy\" decoding=\"async\" width=\"2560\" height=\"1813\" src=\"https:\/\/estado29.mx\/wp-content\/uploads\/2024\/02\/IMG_20240201_115740-min2-scaled.jpg\" class=\"attachment-post-thumbnail size-post-thumbnail wp-post-image\" alt=\"\" style=\"object-fit:cover;\" srcset=\"https:\/\/estado29.mx\/wp-content\/uploads\/2024\/02\/IMG_20240201_115740-min2-scaled.jpg 2560w, https:\/\/estado29.mx\/wp-content\/uploads\/2024\/02\/IMG_20240201_115740-min2-300x212.jpg 300w, https:\/\/estado29.mx\/wp-content\/uploads\/2024\/02\/IMG_20240201_115740-min2-1024x725.jpg 1024w, https:\/\/estado29.mx\/wp-content\/uploads\/2024\/02\/IMG_20240201_115740-min2-768x544.jpg 768w, https:\/\/estado29.mx\/wp-content\/uploads\/2024\/02\/IMG_20240201_115740-min2-1536x1088.jpg 1536w, https:\/\/estado29.mx\/wp-content\/uploads\/2024\/02\/IMG_20240201_115740-min2-2048x1450.jpg 2048w, https:\/\/estado29.mx\/wp-content\/uploads\/2024\/02\/IMG_20240201_115740-min2-120x86.jpg 120w, https:\/\/estado29.mx\/wp-content\/uploads\/2024\/02\/IMG_20240201_115740-min2-750x531.jpg 750w, https:\/\/estado29.mx\/wp-content\/uploads\/2024\/02\/IMG_20240201_115740-min2-1140x807.jpg 1140w\" sizes=\"auto, (max-width: 2560px) 100vw, 2560px\" \/><\/figure>","protected":false},"excerpt":{"rendered":"<p>La Presidenta del Sistema Municipal para el Desarrollo Integral de las Familias en Ixtenco (SMDIF) Greta Cort\u00e9s Ortega, extern\u00f3 que la Unidad B\u00e1sica de Rehabilitaci\u00f3n del lugar (UBR), ha sumado a los diversos servicios que ofrece el de Terapia de Lenguaje \u201cpues estamos realizando much\u00edsimas cosas, tenemos los servicios de Unidad B\u00e1sica de Rehabilitaci\u00f3n, todo [&hellip;]<\/p>\n","protected":false},"author":7,"featured_media":88927,"comment_status":"open","ping_status":"open","sticky":false,"template":"","format":"standard","meta":{"om_disable_all_campaigns":false,"_monsterinsights_skip_tracking":false,"_monsterinsights_sitenote_active":false,"_monsterinsights_sitenote_note":"","_monsterinsights_sitenote_category":0,"jnews-multi-image_gallery":[],"jnews_single_post":{"format":"standard"},"jnews_primary_category":[],"footnotes":""},"categories":[1],"tags":[],"class_list":["post-88926","post","type-post","status-publish","format-standard","has-post-thumbnail","hentry","category-uncategorized"],"aioseo_notices":[],"_links":{"self":[{"href":"https:\/\/estado29.mx\/index.php?rest_route=\/wp\/v2\/posts\/88926","targetHints":{"allow":["GET"]}}],"collection":[{"href":"https:\/\/estado29.mx\/index.php?rest_route=\/wp\/v2\/posts"}],"about":[{"href":"https:\/\/estado29.mx\/index.php?rest_route=\/wp\/v2\/types\/post"}],"author":[{"embeddable":true,"href":"https:\/\/estado29.mx\/index.php?rest_route=\/wp\/v2\/users\/7"}],"replies":[{"embeddable":true,"href":"https:\/\/estado29.mx\/index.php?rest_route=%2Fwp%2Fv2%2Fcomments&post=88926"}],"version-history":[{"count":1,"href":"https:\/\/estado29.mx\/index.php?rest_route=\/wp\/v2\/posts\/88926\/revisions"}],"predecessor-version":[{"id":88928,"href":"https:\/\/estado29.mx\/index.php?rest_route=\/wp\/v2\/posts\/88926\/revisions\/88928"}],"wp:featuredmedia":[{"embeddable":true,"href":"https:\/\/estado29.mx\/index.php?rest_route=\/wp\/v2\/media\/88927"}],"wp:attachment":[{"href":"https:\/\/estado29.mx\/index.php?rest_route=%2Fwp%2Fv2%2Fmedia&parent=88926"}],"wp:term":[{"taxonomy":"category","embeddable":true,"href":"https:\/\/estado29.mx\/index.php?rest_route=%2Fwp%2Fv2%2Fcategories&post=88926"},{"taxonomy":"post_tag","embeddable":true,"href":"https:\/\/estado29.mx\/index.php?rest_route=%2Fwp%2Fv2%2Ftags&post=88926"}],"curies":[{"name":"wp","href":"https:\/\/api.w.org\/{rel}","templated":true}]}}