{"id":88929,"date":"2024-02-01T19:04:42","date_gmt":"2024-02-01T19:04:42","guid":{"rendered":"https:\/\/estado29.mx\/?p=88929"},"modified":"2024-02-01T19:04:43","modified_gmt":"2024-02-01T19:04:43","slug":"emiten-autoridades-de-ixtenco-resolutivo-de-tribunal-electoral-por-caso-de-violencia-de-genero","status":"publish","type":"post","link":"https:\/\/estado29.mx\/?p=88929","title":{"rendered":"Emiten autoridades de Ixtenco resolutivo de Tribunal Electoral por caso de violencia de g\u00e9nero."},"content":{"rendered":"\n<p>Hoy jueves primero de febrero del a\u00f1o en curso, se llev\u00f3 a cabo en el municipio de Ixtenco, una rueda de prensa, en donde el presidente municipal, Renato S\u00e1nchez Rojas, dio a conocer de forma detallada el procedimiento de la acusaci\u00f3n en su contra, por ejercer violencia de g\u00e9nero hacia una regidora.<\/p>\n\n\n\n<p><br>En este sentido, recordar\u00e1 usted amigo radioescucha que en d\u00edas anteriores el Tribunal Electoral del Poder Judicial de la Federaci\u00f3n, notific\u00f3 la revocaci\u00f3n de la acusaci\u00f3n antes mencionada, por parte del Tribunal Electoral Estatal.<\/p>\n\n\n\n<p><br>S\u00e1nchez Rojas, enfatiz\u00f3 que el Tribunal Estatal y la Comisi\u00f3n Estatal de Derechos Humanos, no han realizado notificaci\u00f3n alguna de esta revocaci\u00f3n, por lo que el alcalde reiter\u00f3 que esta acusaci\u00f3n fue realizada como instrumento pol\u00edtico.<\/p>\n\n\n\n<p><br>Asimismo, coment\u00f3 que el trato a esta regidora ser\u00e1 de manera igualitaria al restos de los integrantes del ayuntamiento, a pesar de que ella no ha emitido disculpa alguna por lo sucedido.<\/p>\n\n\n<figure class=\"wp-block-post-featured-image\"><img loading=\"lazy\" decoding=\"async\" width=\"2560\" height=\"1920\" src=\"https:\/\/estado29.mx\/wp-content\/uploads\/2024\/02\/IMG_20240201_112631-min-scaled.jpg\" class=\"attachment-post-thumbnail size-post-thumbnail wp-post-image\" alt=\"\" style=\"object-fit:cover;\" srcset=\"https:\/\/estado29.mx\/wp-content\/uploads\/2024\/02\/IMG_20240201_112631-min-scaled.jpg 2560w, https:\/\/estado29.mx\/wp-content\/uploads\/2024\/02\/IMG_20240201_112631-min-300x225.jpg 300w, https:\/\/estado29.mx\/wp-content\/uploads\/2024\/02\/IMG_20240201_112631-min-1024x768.jpg 1024w, https:\/\/estado29.mx\/wp-content\/uploads\/2024\/02\/IMG_20240201_112631-min-768x576.jpg 768w, https:\/\/estado29.mx\/wp-content\/uploads\/2024\/02\/IMG_20240201_112631-min-1536x1152.jpg 1536w, https:\/\/estado29.mx\/wp-content\/uploads\/2024\/02\/IMG_20240201_112631-min-2048x1536.jpg 2048w, https:\/\/estado29.mx\/wp-content\/uploads\/2024\/02\/IMG_20240201_112631-min-750x563.jpg 750w, https:\/\/estado29.mx\/wp-content\/uploads\/2024\/02\/IMG_20240201_112631-min-1140x855.jpg 1140w\" sizes=\"auto, (max-width: 2560px) 100vw, 2560px\" \/><\/figure>","protected":false},"excerpt":{"rendered":"<p>Hoy jueves primero de febrero del a\u00f1o en curso, se llev\u00f3 a cabo en el municipio de Ixtenco, una rueda de prensa, en donde el presidente municipal, Renato S\u00e1nchez Rojas, dio a conocer de forma detallada el procedimiento de la acusaci\u00f3n en su contra, por ejercer violencia de g\u00e9nero hacia una regidora. En este sentido, [&hellip;]<\/p>\n","protected":false},"author":7,"featured_media":88931,"comment_status":"open","ping_status":"open","sticky":false,"template":"","format":"standard","meta":{"om_disable_all_campaigns":false,"_monsterinsights_skip_tracking":false,"_monsterinsights_sitenote_active":false,"_monsterinsights_sitenote_note":"","_monsterinsights_sitenote_category":0,"jnews-multi-image_gallery":[],"jnews_single_post":{"subtitle":"","format":"standard","video":"","gallery":"","source_name":"","source_url":"","via_name":"","via_url":"","override_template":"0","override":[{"template":"1","single_blog_custom":"","parallax":"1","fullscreen":"1","layout":"right-sidebar","sidebar":"default-sidebar","second_sidebar":"default-sidebar","sticky_sidebar":"1","share_position":"top","share_float_style":"share-monocrhome","show_share_counter":"1","show_view_counter":"1","show_featured":"1","show_post_meta":"1","show_post_author":"1","show_post_author_image":"1","show_post_date":"1","post_date_format":"default","post_date_format_custom":"Y\/m\/d","show_post_category":"1","show_post_reading_time":"0","post_reading_time_wpm":"300","show_zoom_button":"0","zoom_button_out_step":"2","zoom_button_in_step":"3","show_post_tag":"1","show_prev_next_post":"1","show_popup_post":"1","number_popup_post":"1","show_author_box":"1","show_post_related":"0","show_inline_post_related":"0"}],"override_image_size":"0","image_override":[{"single_post_thumbnail_size":"crop-500","single_post_gallery_size":"crop-500"}],"trending_post":"0","trending_post_position":"meta","trending_post_label":"Trending","sponsored_post":"0","sponsored_post_label":"Sponsored by","sponsored_post_name":"","sponsored_post_url":"","sponsored_post_logo_enable":"0","sponsored_post_logo":"","sponsored_post_desc":"","disable_ad":"0"},"jnews_primary_category":{"id":""},"footnotes":""},"categories":[1],"tags":[],"class_list":["post-88929","post","type-post","status-publish","format-standard","has-post-thumbnail","hentry","category-uncategorized"],"aioseo_notices":[],"_links":{"self":[{"href":"https:\/\/estado29.mx\/index.php?rest_route=\/wp\/v2\/posts\/88929","targetHints":{"allow":["GET"]}}],"collection":[{"href":"https:\/\/estado29.mx\/index.php?rest_route=\/wp\/v2\/posts"}],"about":[{"href":"https:\/\/estado29.mx\/index.php?rest_route=\/wp\/v2\/types\/post"}],"author":[{"embeddable":true,"href":"https:\/\/estado29.mx\/index.php?rest_route=\/wp\/v2\/users\/7"}],"replies":[{"embeddable":true,"href":"https:\/\/estado29.mx\/index.php?rest_route=%2Fwp%2Fv2%2Fcomments&post=88929"}],"version-history":[{"count":1,"href":"https:\/\/estado29.mx\/index.php?rest_route=\/wp\/v2\/posts\/88929\/revisions"}],"predecessor-version":[{"id":88932,"href":"https:\/\/estado29.mx\/index.php?rest_route=\/wp\/v2\/posts\/88929\/revisions\/88932"}],"wp:featuredmedia":[{"embeddable":true,"href":"https:\/\/estado29.mx\/index.php?rest_route=\/wp\/v2\/media\/88931"}],"wp:attachment":[{"href":"https:\/\/estado29.mx\/index.php?rest_route=%2Fwp%2Fv2%2Fmedia&parent=88929"}],"wp:term":[{"taxonomy":"category","embeddable":true,"href":"https:\/\/estado29.mx\/index.php?rest_route=%2Fwp%2Fv2%2Fcategories&post=88929"},{"taxonomy":"post_tag","embeddable":true,"href":"https:\/\/estado29.mx\/index.php?rest_route=%2Fwp%2Fv2%2Ftags&post=88929"}],"curies":[{"name":"wp","href":"https:\/\/api.w.org\/{rel}","templated":true}]}}