{"id":89051,"date":"2024-02-15T17:57:16","date_gmt":"2024-02-15T17:57:16","guid":{"rendered":"https:\/\/estado29.mx\/?p=89051"},"modified":"2024-02-15T17:57:18","modified_gmt":"2024-02-15T17:57:18","slug":"transportistas-cierran-carreteras","status":"publish","type":"post","link":"https:\/\/estado29.mx\/?p=89051","title":{"rendered":"Transportistas cierran carreteras"},"content":{"rendered":"\n<p><img loading=\"lazy\" decoding=\"async\" height=\"16\" width=\"16\" alt=\"\ud83d\udea7\" src=\"https:\/\/static.xx.fbcdn.net\/images\/emoji.php\/v9\/tc4\/1\/16\/1f6a7.png\"><a href=\"https:\/\/www.facebook.com\/hashtag\/reportevial?__eep__=6&amp;__cft__[0]=AZUSjxTtbh7OtF11gwq5nIUQDkO-h_j8y0Tadd9Qhna4f7hFggMeewYUe1czqY2hw_be0fDv0ILa9stL1fHUa3PmR4tW5nTdduwo8MJiOc4nW64m9gscog6qEfvZJ5htAEfMkZ4afFFPtL_f9oPbyQPrgQt92VowWx94HD7qr_JJm3YVqGUdd7b7DFXnx9p1l_s&amp;__tn__=*NK-R\">#ReporteVial<\/a> | Tr\u00e1fico lento se registra en las carreteras Apizaco-Tlaxcala y M\u00e9xico-Veracruz, a la altura de la Y, en <a href=\"https:\/\/www.facebook.com\/hashtag\/yauhquemehcan?__eep__=6&amp;__cft__[0]=AZUSjxTtbh7OtF11gwq5nIUQDkO-h_j8y0Tadd9Qhna4f7hFggMeewYUe1czqY2hw_be0fDv0ILa9stL1fHUa3PmR4tW5nTdduwo8MJiOc4nW64m9gscog6qEfvZJ5htAEfMkZ4afFFPtL_f9oPbyQPrgQt92VowWx94HD7qr_JJm3YVqGUdd7b7DFXnx9p1l_s&amp;__tn__=*NK-R\">#Yauhquemehcan<\/a>, tras una manifestaci\u00f3n por un grupo de transportistas.<img loading=\"lazy\" decoding=\"async\" height=\"16\" width=\"16\" alt=\"\ud83d\udea8\" src=\"https:\/\/static.xx.fbcdn.net\/images\/emoji.php\/v9\/t45\/1\/16\/1f6a8.png\"><\/p>\n\n\n\n<p><img loading=\"lazy\" decoding=\"async\" height=\"16\" width=\"16\" alt=\"\ud83c\udfa5\" src=\"https:\/\/static.xx.fbcdn.net\/images\/emoji.php\/v9\/tff\/1\/16\/1f3a5.png\"><img loading=\"lazy\" decoding=\"async\" height=\"16\" width=\"16\" alt=\"\ud83d\udd79\" src=\"https:\/\/static.xx.fbcdn.net\/images\/emoji.php\/v9\/t6f\/1\/16\/1f579.png\"> Con c\u00e1maras de <a href=\"https:\/\/www.facebook.com\/hashtag\/videovigilancia?__eep__=6&amp;__cft__[0]=AZUSjxTtbh7OtF11gwq5nIUQDkO-h_j8y0Tadd9Qhna4f7hFggMeewYUe1czqY2hw_be0fDv0ILa9stL1fHUa3PmR4tW5nTdduwo8MJiOc4nW64m9gscog6qEfvZJ5htAEfMkZ4afFFPtL_f9oPbyQPrgQt92VowWx94HD7qr_JJm3YVqGUdd7b7DFXnx9p1l_s&amp;__tn__=*NK-R\">#videovigilancia<\/a> del <a href=\"https:\/\/www.facebook.com\/hashtag\/c5itlaxcala?__eep__=6&amp;__cft__[0]=AZUSjxTtbh7OtF11gwq5nIUQDkO-h_j8y0Tadd9Qhna4f7hFggMeewYUe1czqY2hw_be0fDv0ILa9stL1fHUa3PmR4tW5nTdduwo8MJiOc4nW64m9gscog6qEfvZJ5htAEfMkZ4afFFPtL_f9oPbyQPrgQt92VowWx94HD7qr_JJm3YVqGUdd7b7DFXnx9p1l_s&amp;__tn__=*NK-R\">#C5iTlaxcala<\/a> se monitorea la zona, mientras la Guardia Nacional, la Direcci\u00f3n de Caminos y Vialidad de la Polic\u00eda Estatal de Tlaxcala SSC y Polic\u00eda Municipal implementan un operativo para advertir a los automovilistas. <img loading=\"lazy\" decoding=\"async\" height=\"16\" width=\"16\" alt=\"\ud83d\udc6e\ud83c\udffb\u200d\u2640\ufe0f\" src=\"https:\/\/static.xx.fbcdn.net\/images\/emoji.php\/v9\/ta4\/1\/16\/1f46e_1f3fb_200d_2640.png\"><img loading=\"lazy\" decoding=\"async\" height=\"16\" width=\"16\" alt=\"\ud83d\udc6e\ud83c\udffb\u200d\u2642\ufe0f\" src=\"https:\/\/static.xx.fbcdn.net\/images\/emoji.php\/v9\/ta6\/1\/16\/1f46e_1f3fb_200d_2642.png\"><img loading=\"lazy\" decoding=\"async\" height=\"16\" width=\"16\" alt=\"\ud83d\ude94\" src=\"https:\/\/static.xx.fbcdn.net\/images\/emoji.php\/v9\/t69\/1\/16\/1f694.png\"><\/p>\n\n\n\n<p><img loading=\"lazy\" decoding=\"async\" height=\"16\" width=\"16\" alt=\"\u27a1\ufe0f\" src=\"https:\/\/static.xx.fbcdn.net\/images\/emoji.php\/v9\/t9e\/1\/16\/27a1.png\"> Se <a><\/a>recomienda extremar precauciones o tomar v\u00edas alternas&#8230;<img loading=\"lazy\" decoding=\"async\" height=\"16\" width=\"16\" alt=\"\u203c\ufe0f\" src=\"https:\/\/static.xx.fbcdn.net\/images\/emoji.php\/v9\/t77\/1\/16\/203c.png\"><\/p>\n","protected":false},"excerpt":{"rendered":"<p>#ReporteVial | Tr\u00e1fico lento se registra en las carreteras Apizaco-Tlaxcala y M\u00e9xico-Veracruz, a la altura de la Y, en #Yauhquemehcan, tras una manifestaci\u00f3n por un grupo de transportistas. Con c\u00e1maras de #videovigilancia del #C5iTlaxcala se monitorea la zona, mientras la Guardia Nacional, la Direcci\u00f3n de Caminos y Vialidad de la Polic\u00eda Estatal de Tlaxcala SSC [&hellip;]<\/p>\n","protected":false},"author":4,"featured_media":89052,"comment_status":"open","ping_status":"open","sticky":false,"template":"","format":"standard","meta":{"om_disable_all_campaigns":false,"_monsterinsights_skip_tracking":false,"_monsterinsights_sitenote_active":false,"_monsterinsights_sitenote_note":"","_monsterinsights_sitenote_category":0,"jnews-multi-image_gallery":[],"jnews_single_post":{"subtitle":"","format":"standard","video":"","gallery":"","source_name":"","source_url":"","via_name":"","via_url":"","override_template":"0","override":[{"template":"1","single_blog_custom":"","parallax":"1","fullscreen":"1","layout":"right-sidebar","sidebar":"default-sidebar","second_sidebar":"default-sidebar","sticky_sidebar":"1","share_position":"top","share_float_style":"share-monocrhome","show_share_counter":"1","show_view_counter":"1","show_featured":"1","show_post_meta":"1","show_post_author":"1","show_post_author_image":"1","show_post_date":"1","post_date_format":"default","post_date_format_custom":"Y\/m\/d","show_post_category":"1","show_post_reading_time":"0","post_reading_time_wpm":"300","show_zoom_button":"0","zoom_button_out_step":"2","zoom_button_in_step":"3","show_post_tag":"1","show_prev_next_post":"1","show_popup_post":"1","number_popup_post":"1","show_author_box":"1","show_post_related":"0","show_inline_post_related":"0"}],"override_image_size":"0","image_override":[{"single_post_thumbnail_size":"crop-500","single_post_gallery_size":"crop-500"}],"trending_post":"0","trending_post_position":"meta","trending_post_label":"Trending","sponsored_post":"0","sponsored_post_label":"Sponsored by","sponsored_post_name":"","sponsored_post_url":"","sponsored_post_logo_enable":"0","sponsored_post_logo":"","sponsored_post_desc":"","disable_ad":"0"},"jnews_primary_category":{"id":""},"footnotes":""},"categories":[47,1],"tags":[],"class_list":["post-89051","post","type-post","status-publish","format-standard","has-post-thumbnail","hentry","category-municipios","category-uncategorized"],"aioseo_notices":[],"_links":{"self":[{"href":"https:\/\/estado29.mx\/index.php?rest_route=\/wp\/v2\/posts\/89051","targetHints":{"allow":["GET"]}}],"collection":[{"href":"https:\/\/estado29.mx\/index.php?rest_route=\/wp\/v2\/posts"}],"about":[{"href":"https:\/\/estado29.mx\/index.php?rest_route=\/wp\/v2\/types\/post"}],"author":[{"embeddable":true,"href":"https:\/\/estado29.mx\/index.php?rest_route=\/wp\/v2\/users\/4"}],"replies":[{"embeddable":true,"href":"https:\/\/estado29.mx\/index.php?rest_route=%2Fwp%2Fv2%2Fcomments&post=89051"}],"version-history":[{"count":1,"href":"https:\/\/estado29.mx\/index.php?rest_route=\/wp\/v2\/posts\/89051\/revisions"}],"predecessor-version":[{"id":89053,"href":"https:\/\/estado29.mx\/index.php?rest_route=\/wp\/v2\/posts\/89051\/revisions\/89053"}],"wp:featuredmedia":[{"embeddable":true,"href":"https:\/\/estado29.mx\/index.php?rest_route=\/wp\/v2\/media\/89052"}],"wp:attachment":[{"href":"https:\/\/estado29.mx\/index.php?rest_route=%2Fwp%2Fv2%2Fmedia&parent=89051"}],"wp:term":[{"taxonomy":"category","embeddable":true,"href":"https:\/\/estado29.mx\/index.php?rest_route=%2Fwp%2Fv2%2Fcategories&post=89051"},{"taxonomy":"post_tag","embeddable":true,"href":"https:\/\/estado29.mx\/index.php?rest_route=%2Fwp%2Fv2%2Ftags&post=89051"}],"curies":[{"name":"wp","href":"https:\/\/api.w.org\/{rel}","templated":true}]}}