{"id":89073,"date":"2024-02-19T18:25:46","date_gmt":"2024-02-19T18:25:46","guid":{"rendered":"https:\/\/estado29.mx\/?p=89073"},"modified":"2024-02-19T18:25:46","modified_gmt":"2024-02-19T18:25:46","slug":"renuncia-presidenta-de-smdif-de-ixtenco-a-cargo-publico","status":"publish","type":"post","link":"https:\/\/estado29.mx\/?p=89073","title":{"rendered":"Renuncia Presidenta de SMDIF de Ixtenco a cargo p\u00fablico."},"content":{"rendered":"\n<p>Greta Cort\u00e9s Ortega, quien partir del d\u00eda jueves 15 de febrero, de forma voluntaria, dej\u00f3 de ser la presidenta del Sistema Municipal para el Desarrollo Integral de las Familias en Ixtenco (SMDIF), refiri\u00f3 que le han sido encomendados otros proyectos motivo por el cual deja esta \u00e1rea del ayuntamiento, por lo que, ahora ser\u00e1 el personal de esta \u00e1rea municipal quien brindar\u00e1 atenci\u00f3n directa a la ciudadan\u00eda.<\/p>\n\n\n\n<p><br>En su mensaje, Cort\u00e9s Ortega, mencion\u00f3 al presidente Renato S\u00e1nchez Rojas, que se cumpli\u00f3 con los planes de dejar la Unidad B\u00e1sica de Rehabilitaci\u00f3n equipada al cien por ciento con servicios de calidad y con personal capacitado para brindar la atenci\u00f3n a los pacientes que la requieran.<\/p>\n\n\n\n<p><br>Para finalizar Cort\u00e9s Ortega, dijo que buscar\u00e1 traer m\u00e1s beneficios a trav\u00e9s de la nueva encomienda que se le ha realizado, con el apoyo de todo el equipo que la ha respaldado en todo este tiempo, a quienes agradeci\u00f3 todo su esfuerzo en los proyectos que se han realizado para el lugar.<\/p>\n\n\n<figure class=\"wp-block-post-featured-image\"><img loading=\"lazy\" decoding=\"async\" width=\"2560\" height=\"1813\" src=\"https:\/\/estado29.mx\/wp-content\/uploads\/2024\/02\/IMG_20240201_115740-min2-scaled.jpg\" class=\"attachment-post-thumbnail size-post-thumbnail wp-post-image\" alt=\"\" style=\"object-fit:cover;\" srcset=\"https:\/\/estado29.mx\/wp-content\/uploads\/2024\/02\/IMG_20240201_115740-min2-scaled.jpg 2560w, https:\/\/estado29.mx\/wp-content\/uploads\/2024\/02\/IMG_20240201_115740-min2-300x212.jpg 300w, https:\/\/estado29.mx\/wp-content\/uploads\/2024\/02\/IMG_20240201_115740-min2-1024x725.jpg 1024w, https:\/\/estado29.mx\/wp-content\/uploads\/2024\/02\/IMG_20240201_115740-min2-768x544.jpg 768w, https:\/\/estado29.mx\/wp-content\/uploads\/2024\/02\/IMG_20240201_115740-min2-1536x1088.jpg 1536w, https:\/\/estado29.mx\/wp-content\/uploads\/2024\/02\/IMG_20240201_115740-min2-2048x1450.jpg 2048w, https:\/\/estado29.mx\/wp-content\/uploads\/2024\/02\/IMG_20240201_115740-min2-120x86.jpg 120w, https:\/\/estado29.mx\/wp-content\/uploads\/2024\/02\/IMG_20240201_115740-min2-750x531.jpg 750w, https:\/\/estado29.mx\/wp-content\/uploads\/2024\/02\/IMG_20240201_115740-min2-1140x807.jpg 1140w\" sizes=\"auto, (max-width: 2560px) 100vw, 2560px\" \/><\/figure>","protected":false},"excerpt":{"rendered":"<p>Greta Cort\u00e9s Ortega, quien partir del d\u00eda jueves 15 de febrero, de forma voluntaria, dej\u00f3 de ser la presidenta del Sistema Municipal para el Desarrollo Integral de las Familias en Ixtenco (SMDIF), refiri\u00f3 que le han sido encomendados otros proyectos motivo por el cual deja esta \u00e1rea del ayuntamiento, por lo que, ahora ser\u00e1 el [&hellip;]<\/p>\n","protected":false},"author":7,"featured_media":88927,"comment_status":"open","ping_status":"open","sticky":false,"template":"","format":"standard","meta":{"om_disable_all_campaigns":false,"_monsterinsights_skip_tracking":false,"_monsterinsights_sitenote_active":false,"_monsterinsights_sitenote_note":"","_monsterinsights_sitenote_category":0,"jnews-multi-image_gallery":[],"jnews_single_post":{"subtitle":"","format":"standard","video":"","gallery":"","source_name":"","source_url":"","via_name":"","via_url":"","override_template":"0","override":[{"template":"1","single_blog_custom":"","parallax":"1","fullscreen":"1","layout":"right-sidebar","sidebar":"default-sidebar","second_sidebar":"default-sidebar","sticky_sidebar":"1","share_position":"top","share_float_style":"share-monocrhome","show_share_counter":"1","show_view_counter":"1","show_featured":"1","show_post_meta":"1","show_post_author":"1","show_post_author_image":"1","show_post_date":"1","post_date_format":"default","post_date_format_custom":"Y\/m\/d","show_post_category":"1","show_post_reading_time":"0","post_reading_time_wpm":"300","show_zoom_button":"0","zoom_button_out_step":"2","zoom_button_in_step":"3","show_post_tag":"1","show_prev_next_post":"1","show_popup_post":"1","number_popup_post":"1","show_author_box":"1","show_post_related":"0","show_inline_post_related":"0"}],"override_image_size":"0","image_override":[{"single_post_thumbnail_size":"crop-500","single_post_gallery_size":"crop-500"}],"trending_post":"0","trending_post_position":"meta","trending_post_label":"Trending","sponsored_post":"0","sponsored_post_label":"Sponsored by","sponsored_post_name":"","sponsored_post_url":"","sponsored_post_logo_enable":"0","sponsored_post_logo":"","sponsored_post_desc":"","disable_ad":"0"},"jnews_primary_category":{"id":""},"footnotes":""},"categories":[1],"tags":[],"class_list":["post-89073","post","type-post","status-publish","format-standard","has-post-thumbnail","hentry","category-uncategorized"],"aioseo_notices":[],"_links":{"self":[{"href":"https:\/\/estado29.mx\/index.php?rest_route=\/wp\/v2\/posts\/89073","targetHints":{"allow":["GET"]}}],"collection":[{"href":"https:\/\/estado29.mx\/index.php?rest_route=\/wp\/v2\/posts"}],"about":[{"href":"https:\/\/estado29.mx\/index.php?rest_route=\/wp\/v2\/types\/post"}],"author":[{"embeddable":true,"href":"https:\/\/estado29.mx\/index.php?rest_route=\/wp\/v2\/users\/7"}],"replies":[{"embeddable":true,"href":"https:\/\/estado29.mx\/index.php?rest_route=%2Fwp%2Fv2%2Fcomments&post=89073"}],"version-history":[{"count":1,"href":"https:\/\/estado29.mx\/index.php?rest_route=\/wp\/v2\/posts\/89073\/revisions"}],"predecessor-version":[{"id":89074,"href":"https:\/\/estado29.mx\/index.php?rest_route=\/wp\/v2\/posts\/89073\/revisions\/89074"}],"wp:featuredmedia":[{"embeddable":true,"href":"https:\/\/estado29.mx\/index.php?rest_route=\/wp\/v2\/media\/88927"}],"wp:attachment":[{"href":"https:\/\/estado29.mx\/index.php?rest_route=%2Fwp%2Fv2%2Fmedia&parent=89073"}],"wp:term":[{"taxonomy":"category","embeddable":true,"href":"https:\/\/estado29.mx\/index.php?rest_route=%2Fwp%2Fv2%2Fcategories&post=89073"},{"taxonomy":"post_tag","embeddable":true,"href":"https:\/\/estado29.mx\/index.php?rest_route=%2Fwp%2Fv2%2Ftags&post=89073"}],"curies":[{"name":"wp","href":"https:\/\/api.w.org\/{rel}","templated":true}]}}