{"id":89083,"date":"2024-02-19T19:16:04","date_gmt":"2024-02-19T19:16:04","guid":{"rendered":"https:\/\/estado29.mx\/?p=89083"},"modified":"2024-02-19T19:16:05","modified_gmt":"2024-02-19T19:16:05","slug":"continuan-trabajando-autoridades-de-huamantla-en-el-tema-de-seguridad","status":"publish","type":"post","link":"https:\/\/estado29.mx\/?p=89083","title":{"rendered":"Contin\u00faan trabajando autoridades de Huamantla en el tema de Seguridad."},"content":{"rendered":"\n<p>El Presidente Municipal de Huamantla Juan Salvador Santos Cedillo, refiri\u00f3 que se contin\u00faa trabajando en el tema de seguridad en el lugar.<\/p>\n\n\n\n<p><br>El alcalde agreg\u00f3 que las c\u00e1maras est\u00e1n en funcionamiento, que los oficiales han recibido capacitaciones constantes y que se ha buscado actuar de manera oportuna, como es el caso del fin de semana pasado \u201cpues mira, decirte que, nosotros si seguimos trabajando en la seguridad, que si las c\u00e1maras funcionan, que si hay seguridad, que si hay polic\u00edas, que hay capacitaciones, tan as\u00ed que se hizo la detenci\u00f3n oportuna y se hizo todo este trabajo oportuno de parte de la polic\u00eda municipal, quien venga y que nos diga que con una barita m\u00e1gica la delincuencia se va a acabar, yo creo que es hasta una ignorancia y peca de decir cuestiones que no se pueden\u201d.<\/p>\n\n\n\n<p><br>Santos Cedillo, puntualiz\u00f3 que hasta el momento se ha cumplido y cooperado de manera oportuna con las autoridades estatales, para aclarar este caso \u201cun municipio, yo pregunto un solo municipio, de todo M\u00e9xico donde no exista algo, no lo hay, entonces ahorita buscan justo la manera de politizar, decir el presidente es el peor, el presidente hizo, bueno, yo estoy dando la cara, una cosa es escribirlo en redes y lo hacen en pseud\u00f3nimos, no lo hacen de persona a persona, donde me muestren una denuncia en mi contra, donde haya algo en mi contra que es lo correspondiente, bueno pues tambi\u00e9n lo acatar\u00e9, uno es responsable de sus acciones pero tambi\u00e9n yo te puedo decir que hasta el d\u00eda de hoy y desde el primer momento he dado la cara\u201d.<\/p>\n\n\n\n<p><br>Asimismo, extern\u00f3 su preocupaci\u00f3n por este tema, ya que es muy dif\u00edcil de controlar \u201che estado en Huamantla, mi familia ha estado en Huamantla, preocupados, claro que estamos preocupados como cualquier otro huamantleco, qu\u00e9 m\u00e1s quisiera yo, poner un polic\u00eda por casa, es imposible, quisiera yo saber cuando un secuestrador o un maleante act\u00faa, pero justamente, nuestro trabajo fue con veracidad, que por lo menos ya tuviera un responsable, un presunto responsable, una presunta careta que particip\u00f3 en los hechos y pues bueno de ah\u00ed se deriva ya una cuesti\u00f3n importante, que es la captura de otros, pero bueno, vuelvo a repetir, la Procuradur\u00eda saca los comunicados, creo que es con la veracidad con la que se atiende el caso\u201d.<\/p>\n\n\n<figure class=\"wp-block-post-featured-image\"><img loading=\"lazy\" decoding=\"async\" width=\"2560\" height=\"1920\" src=\"https:\/\/estado29.mx\/wp-content\/uploads\/2023\/08\/IMG_20230623_131617-min-scaled.jpg\" class=\"attachment-post-thumbnail size-post-thumbnail wp-post-image\" alt=\"\" style=\"object-fit:cover;\" srcset=\"https:\/\/estado29.mx\/wp-content\/uploads\/2023\/08\/IMG_20230623_131617-min-scaled.jpg 2560w, https:\/\/estado29.mx\/wp-content\/uploads\/2023\/08\/IMG_20230623_131617-min-300x225.jpg 300w, https:\/\/estado29.mx\/wp-content\/uploads\/2023\/08\/IMG_20230623_131617-min-1024x768.jpg 1024w, https:\/\/estado29.mx\/wp-content\/uploads\/2023\/08\/IMG_20230623_131617-min-768x576.jpg 768w, https:\/\/estado29.mx\/wp-content\/uploads\/2023\/08\/IMG_20230623_131617-min-1536x1152.jpg 1536w, https:\/\/estado29.mx\/wp-content\/uploads\/2023\/08\/IMG_20230623_131617-min-2048x1536.jpg 2048w, https:\/\/estado29.mx\/wp-content\/uploads\/2023\/08\/IMG_20230623_131617-min-750x563.jpg 750w, https:\/\/estado29.mx\/wp-content\/uploads\/2023\/08\/IMG_20230623_131617-min-1140x855.jpg 1140w\" sizes=\"auto, (max-width: 2560px) 100vw, 2560px\" \/><\/figure>","protected":false},"excerpt":{"rendered":"<p>El Presidente Municipal de Huamantla Juan Salvador Santos Cedillo, refiri\u00f3 que se contin\u00faa trabajando en el tema de seguridad en el lugar. El alcalde agreg\u00f3 que las c\u00e1maras est\u00e1n en funcionamiento, que los oficiales han recibido capacitaciones constantes y que se ha buscado actuar de manera oportuna, como es el caso del fin de semana [&hellip;]<\/p>\n","protected":false},"author":7,"featured_media":87496,"comment_status":"open","ping_status":"open","sticky":false,"template":"","format":"standard","meta":{"om_disable_all_campaigns":false,"_monsterinsights_skip_tracking":false,"_monsterinsights_sitenote_active":false,"_monsterinsights_sitenote_note":"","_monsterinsights_sitenote_category":0,"jnews-multi-image_gallery":[],"jnews_single_post":{"subtitle":"","format":"standard","video":"","gallery":"","source_name":"","source_url":"","via_name":"","via_url":"","override_template":"0","override":[{"template":"1","single_blog_custom":"","parallax":"1","fullscreen":"1","layout":"right-sidebar","sidebar":"default-sidebar","second_sidebar":"default-sidebar","sticky_sidebar":"1","share_position":"top","share_float_style":"share-monocrhome","show_share_counter":"1","show_view_counter":"1","show_featured":"1","show_post_meta":"1","show_post_author":"1","show_post_author_image":"1","show_post_date":"1","post_date_format":"default","post_date_format_custom":"Y\/m\/d","show_post_category":"1","show_post_reading_time":"0","post_reading_time_wpm":"300","show_zoom_button":"0","zoom_button_out_step":"2","zoom_button_in_step":"3","show_post_tag":"1","show_prev_next_post":"1","show_popup_post":"1","number_popup_post":"1","show_author_box":"1","show_post_related":"0","show_inline_post_related":"0"}],"override_image_size":"0","image_override":[{"single_post_thumbnail_size":"crop-500","single_post_gallery_size":"crop-500"}],"trending_post":"0","trending_post_position":"meta","trending_post_label":"Trending","sponsored_post":"0","sponsored_post_label":"Sponsored by","sponsored_post_name":"","sponsored_post_url":"","sponsored_post_logo_enable":"0","sponsored_post_logo":"","sponsored_post_desc":"","disable_ad":"0"},"jnews_primary_category":{"id":""},"footnotes":""},"categories":[1],"tags":[],"class_list":["post-89083","post","type-post","status-publish","format-standard","has-post-thumbnail","hentry","category-uncategorized"],"aioseo_notices":[],"_links":{"self":[{"href":"https:\/\/estado29.mx\/index.php?rest_route=\/wp\/v2\/posts\/89083","targetHints":{"allow":["GET"]}}],"collection":[{"href":"https:\/\/estado29.mx\/index.php?rest_route=\/wp\/v2\/posts"}],"about":[{"href":"https:\/\/estado29.mx\/index.php?rest_route=\/wp\/v2\/types\/post"}],"author":[{"embeddable":true,"href":"https:\/\/estado29.mx\/index.php?rest_route=\/wp\/v2\/users\/7"}],"replies":[{"embeddable":true,"href":"https:\/\/estado29.mx\/index.php?rest_route=%2Fwp%2Fv2%2Fcomments&post=89083"}],"version-history":[{"count":1,"href":"https:\/\/estado29.mx\/index.php?rest_route=\/wp\/v2\/posts\/89083\/revisions"}],"predecessor-version":[{"id":89084,"href":"https:\/\/estado29.mx\/index.php?rest_route=\/wp\/v2\/posts\/89083\/revisions\/89084"}],"wp:featuredmedia":[{"embeddable":true,"href":"https:\/\/estado29.mx\/index.php?rest_route=\/wp\/v2\/media\/87496"}],"wp:attachment":[{"href":"https:\/\/estado29.mx\/index.php?rest_route=%2Fwp%2Fv2%2Fmedia&parent=89083"}],"wp:term":[{"taxonomy":"category","embeddable":true,"href":"https:\/\/estado29.mx\/index.php?rest_route=%2Fwp%2Fv2%2Fcategories&post=89083"},{"taxonomy":"post_tag","embeddable":true,"href":"https:\/\/estado29.mx\/index.php?rest_route=%2Fwp%2Fv2%2Ftags&post=89083"}],"curies":[{"name":"wp","href":"https:\/\/api.w.org\/{rel}","templated":true}]}}