{"id":89100,"date":"2024-02-20T16:30:24","date_gmt":"2024-02-20T16:30:24","guid":{"rendered":"https:\/\/estado29.mx\/?p=89100"},"modified":"2024-02-20T16:30:24","modified_gmt":"2024-02-20T16:30:24","slug":"iniciativa-del-ejecutivo-sobre-pueblos-originarios-resarcira-deuda-historica-afirma-ana-lilia-rivera","status":"publish","type":"post","link":"https:\/\/estado29.mx\/?p=89100","title":{"rendered":"Iniciativa del Ejecutivo sobre pueblos originarios, resarcir\u00e1 deuda hist\u00f3rica, afirma Ana Lilia Rivera."},"content":{"rendered":"\n<p>\uf0b7 Retoma casi la totalidad de los aspectos considerados en los<\/p>\n\n\n\n<p>Acuerdos de San Andr\u00e9s Larr\u00e1inzar, Chiapas, firmado en febrero<\/p>\n\n\n\n<p>de <a><\/a>1996<\/p>\n\n\n\n<p>La reforma constitucional para reconocer a los pueblos ind\u00edgenas y afromexicanos como sujetos de derechos, es una oportunidad para resarcir la deuda hist\u00f3rica del Estado mexicano con estas comunidades, afirm\u00f3 la presidenta del Senado de la Rep\u00fablica, Ana Lilia Rivera Rivera.<\/p>\n\n\n\n<p>Asegur\u00f3 que la propuesta que present\u00f3 el titular del Ejecutivo Federal retoma casi la totalidad de los aspectos considerados en los Acuerdos de San Andr\u00e9s Larra\u00ednzar, Chiapas, que firmaron el Gobierno Federal y el Ej\u00e9rcito Zapatista de Liberaci\u00f3n Nacional, EZLN, el 16 de febrero de 1996, permitir\u00e1 desterrar para siempre el racismo, la discriminaci\u00f3n, el despojo y la invisibilizaci\u00f3n que han enfrentado los pueblos originarios.<\/p>\n\n\n\n<p>En un art\u00edculo que public\u00f3 el pasado 15 de febrero en un diario nacional, la legisladora explic\u00f3 que, en 2019, una amplia alianza de pueblos y organizaciones ind\u00edgenas entreg\u00f3 al Presidente de la Rep\u00fablica una propuesta de reforma constitucional sobre derechos de los pueblos ind\u00edgenas y afromexicanos.<\/p>\n\n\n\n<p>Dijo que este proyecto fue retomado y enriquecido a trav\u00e9s de foros de consulta organizados por el INPI, cuyo resultado, aunque con modificaciones, fue enviado el 5 de febrero pasado<\/p>\n\n\n\n<p>por el Ejecutivo Federal como parte del paquete de reformas constitucionales.<\/p>\n\n\n\n<p>La senadora Ana Lilia Rivera, quien fue delegada del EZLN, record\u00f3 que el pasado 16 de febrero se cumplieron 28 a\u00f1os de los Acuerdos de San Andr\u00e9s, luego de un amplio proceso<\/p>\n\n\n\n<p>de an\u00e1lisis y debate de algunos de los principales problemas y exigencias hist\u00f3ricas de los pueblos ind\u00edgenas, en el cual participaron expertos y representantes de decenas de comunidades de todo el pa\u00eds.<\/p>\n\n\n\n<p>Sin embargo, esos acuerdos se sintetizaron en la iniciativa de Ley Cocopa y, en 2001, una versi\u00f3n modificada se convirti\u00f3 en la Ley Ind\u00edgena, que \u201ctraicionaba los puntos esenciales de los Acuerdos de San Andr\u00e9s: los derechos a la autonom\u00eda y al territorio\u201d.<\/p>\n\n\n\n<p>Ana Lilia Rivera se\u00f1al\u00f3 que en ese entonces s\u00f3lo se reconoc\u00eda a los pueblos originarios como entidades de inter\u00e9s p\u00fablico, \u201ces decir, los manten\u00eda en una situaci\u00f3n de pasividad ante el paternalismo del Estado y a merced de la buena o mala voluntad de los gobiernos en turno, sin poder reivindicar sus derechos y defender legalmente sus territorios\u201d.<\/p>\n\n\n\n<p>Desde entonces, agreg\u00f3 la legisladora, numerosos pueblos originarios asumieron los Acuerdos de San Andr\u00e9s como horizonte de lucha y principal documento pol\u00edtico para exigir una nueva relaci\u00f3n con el Estado.<\/p>\n\n\n\n<p>Con estos antecedentes, la presidenta de la Mesa Directiva destac\u00f3 que la iniciativa del Ejecutivo Federal para modificar el art\u00edculo 2 de la Constituci\u00f3n les reconoce el derecho a la libre determinaci\u00f3n y autonom\u00eda, sus sistemas normativos internos, educaci\u00f3n ind\u00edgena,<\/p>\n\n\n\n<p>intercultural y pluriling\u00fce, acceso a medios de comunicaci\u00f3n propios, fomento de las lenguas y culturas ind\u00edgenas.<\/p>\n\n\n\n<p>Subray\u00f3 que tambi\u00e9n incluye la protecci\u00f3n de su patrimonio cultural, material e inmaterial y de su propiedad intelectual colectiva, el impulso de la medicina tradicional y la parter\u00eda, la<\/p>\n\n\n\n<p>participaci\u00f3n efectiva de las mujeres en condiciones de igualdad en todos los \u00e1mbitos de la vida comunitaria, el respeto a la integridad de sus tierras y lugares sagrados.<\/p>\n\n\n\n<p>Adem\u00e1s del acceso a asignaciones presupuestarias administradas de manera directa por las comunidades, acceso a asesor\u00edas, Int\u00e9rpretes y traductores ind\u00edgenas en todas las instituciones jurisdiccionales, derecho al desarrollo integral y sostenible de sus econom\u00edas, derecho a la consulta libre, previa y culturalmente adecuada.<\/p>\n\n\n\n<p>Tambi\u00e9n el reconocimiento de su capacidad jur\u00eddica para impugnar medidas legislativas o administrativas que vulneren su vida comunitaria o entorno. Adem\u00e1s, afirm\u00f3 la senadora, el<\/p>\n\n\n\n<p>proyecto reconoce el trabajo comunitario como parte de su organizaci\u00f3n sociocultural, lo cual es una innovaci\u00f3n en la historia de la legislaci\u00f3n ind\u00edgena.<\/p>\n\n\n\n<p>deuda hist\u00f3rica, afirma Ana Lilia Rivera<\/p>\n\n\n\n<p>\uf0b7 Retoma casi la totalidad de los aspectos considerados en los<\/p>\n\n\n\n<p>Acuerdos de San Andr\u00e9s Larr\u00e1inzar, Chiapas, firmado en febrero<\/p>\n\n\n\n<p>de <a><\/a>1996<\/p>\n\n\n\n<p>La reforma constitucional para reconocer a los pueblos ind\u00edgenas y afromexicanos como sujetos de derechos, es una oportunidad para resarcir la deuda hist\u00f3rica del Estado mexicano con estas comunidades, afirm\u00f3 la presidenta del Senado de la Rep\u00fablica, Ana Lilia Rivera Rivera.<\/p>\n\n\n\n<p>Asegur\u00f3 que la propuesta que present\u00f3 el titular del Ejecutivo Federal retoma casi la totalidad de los aspectos considerados en los Acuerdos de San Andr\u00e9s Larra\u00ednzar, Chiapas, que firmaron el Gobierno Federal y el Ej\u00e9rcito Zapatista de Liberaci\u00f3n Nacional, EZLN, el 16 de febrero de 1996, permitir\u00e1 desterrar para siempre el racismo, la discriminaci\u00f3n, el despojo y la invisibilizaci\u00f3n que han enfrentado los pueblos originarios.<\/p>\n\n\n\n<p>En un art\u00edculo que public\u00f3 el pasado 15 de febrero en un diario nacional, la legisladora explic\u00f3 que, en 2019, una amplia alianza de pueblos y organizaciones ind\u00edgenas entreg\u00f3 al Presidente de la Rep\u00fablica una propuesta de reforma constitucional sobre derechos de los pueblos ind\u00edgenas y afromexicanos.<\/p>\n\n\n\n<p>Dijo que este proyecto fue retomado y enriquecido a trav\u00e9s de foros de consulta organizados por el INPI, cuyo resultado, aunque con modificaciones, fue enviado el 5 de febrero pasado<\/p>\n\n\n\n<p>por el Ejecutivo Federal como parte del paquete de reformas constitucionales.<\/p>\n\n\n\n<p>La senadora Ana Lilia Rivera, quien fue delegada del EZLN, record\u00f3 que el pasado 16 de febrero se cumplieron 28 a\u00f1os de los Acuerdos de San Andr\u00e9s, luego de un amplio proceso<\/p>\n\n\n\n<p>de an\u00e1lisis y debate de algunos de los principales problemas y exigencias hist\u00f3ricas de los pueblos ind\u00edgenas, en el cual participaron expertos y representantes de decenas de comunidades de todo el pa\u00eds.<\/p>\n\n\n\n<p>Sin embargo, esos acuerdos se sintetizaron en la iniciativa de Ley Cocopa y, en 2001, una versi\u00f3n modificada se convirti\u00f3 en la Ley Ind\u00edgena, que \u201ctraicionaba los puntos esenciales de los Acuerdos de San Andr\u00e9s: los derechos a la autonom\u00eda y al territorio\u201d.<\/p>\n\n\n\n<p>Ana Lilia Rivera se\u00f1al\u00f3 que en ese entonces s\u00f3lo se reconoc\u00eda a los pueblos originarios como entidades de inter\u00e9s p\u00fablico, \u201ces decir, los manten\u00eda en una situaci\u00f3n de pasividad ante el paternalismo del Estado y a merced de la buena o mala voluntad de los gobiernos en turno, sin poder reivindicar sus derechos y defender legalmente sus territorios\u201d.<\/p>\n\n\n\n<p>Desde entonces, agreg\u00f3 la legisladora, numerosos pueblos originarios asumieron los Acuerdos de San Andr\u00e9s como horizonte de lucha y principal documento pol\u00edtico para exigir una nueva relaci\u00f3n con el Estado.<\/p>\n\n\n\n<p>Con estos antecedentes, la presidenta de la Mesa Directiva destac\u00f3 que la iniciativa del Ejecutivo Federal para modificar el art\u00edculo 2 de la Constituci\u00f3n les reconoce el derecho a la libre determinaci\u00f3n y autonom\u00eda, sus sistemas normativos internos, educaci\u00f3n ind\u00edgena,<\/p>\n\n\n\n<p>intercultural y pluriling\u00fce, acceso a medios de comunicaci\u00f3n propios, fomento de las lenguas y culturas ind\u00edgenas.<\/p>\n\n\n\n<p>Subray\u00f3 que tambi\u00e9n incluye la protecci\u00f3n de su patrimonio cultural, material e inmaterial y de su propiedad intelectual colectiva, el impulso de la medicina tradicional y la parter\u00eda, la<\/p>\n\n\n\n<p>participaci\u00f3n efectiva de las mujeres en condiciones de igualdad en todos los \u00e1mbitos de la vida comunitaria, el respeto a la integridad de sus tierras y lugares sagrados.<\/p>\n\n\n\n<p>Adem\u00e1s del acceso a asignaciones presupuestarias administradas de manera directa por las comunidades, acceso a asesor\u00edas, Int\u00e9rpretes y traductores ind\u00edgenas en todas las instituciones jurisdiccionales, derecho al desarrollo integral y sostenible de sus econom\u00edas, derecho a la consulta libre, previa y culturalmente adecuada.<\/p>\n\n\n\n<p>Tambi\u00e9n el reconocimiento de su capacidad jur\u00eddica para impugnar medidas legislativas o administrativas que vulneren su vida comunitaria o entorno. Adem\u00e1s, afirm\u00f3 la senadora, el<\/p>\n\n\n\n<p>proyecto reconoce el trabajo comunitario como parte de su organizaci\u00f3n sociocultural, lo cual es una innovaci\u00f3n en la historia de la legislaci\u00f3n ind\u00edgena.<\/p>\n\n\n\n<p>Iniciativa del Ejecutivo sobre pueblos originarios, resarcir\u00e1<\/p>\n\n\n\n<p>deuda hist\u00f3rica, afirma Ana Lilia Rivera<\/p>\n\n\n\n<p>\uf0b7 Retoma casi la totalidad de los aspectos considerados en los<\/p>\n\n\n\n<p>Acuerdos de San Andr\u00e9s Larr\u00e1inzar, Chiapas, firmado en febrero<\/p>\n\n\n\n<p>de <a><\/a>1996<\/p>\n\n\n\n<p>La reforma constitucional para reconocer a los pueblos ind\u00edgenas y afromexicanos como sujetos de derechos, es una oportunidad para resarcir la deuda hist\u00f3rica del Estado mexicano con estas comunidades, afirm\u00f3 la presidenta del Senado de la Rep\u00fablica, Ana Lilia Rivera Rivera.<\/p>\n\n\n\n<p>Asegur\u00f3 que la propuesta que present\u00f3 el titular del Ejecutivo Federal retoma casi la totalidad de los aspectos considerados en los Acuerdos de San Andr\u00e9s Larra\u00ednzar, Chiapas, que firmaron el Gobierno Federal y el Ej\u00e9rcito Zapatista de Liberaci\u00f3n Nacional, EZLN, el 16 de febrero de 1996, permitir\u00e1 desterrar para siempre el racismo, la discriminaci\u00f3n, el despojo y la invisibilizaci\u00f3n que han enfrentado los pueblos originarios.<\/p>\n\n\n\n<p>En un art\u00edculo que public\u00f3 el pasado 15 de febrero en un diario nacional, la legisladora explic\u00f3 que, en 2019, una amplia alianza de pueblos y organizaciones ind\u00edgenas entreg\u00f3 al Presidente de la Rep\u00fablica una propuesta de reforma constitucional sobre derechos de los pueblos ind\u00edgenas y afromexicanos.<\/p>\n\n\n\n<p>Dijo que este proyecto fue retomado y enriquecido a trav\u00e9s de foros de consulta organizados por el INPI, cuyo resultado, aunque con modificaciones, fue enviado el 5 de febrero pasado<\/p>\n\n\n\n<p>por el Ejecutivo Federal como parte del paquete de reformas constitucionales.<\/p>\n\n\n\n<p>La senadora Ana Lilia Rivera, quien fue delegada del EZLN, record\u00f3 que el pasado 16 de febrero se cumplieron 28 a\u00f1os de los Acuerdos de San Andr\u00e9s, luego de un amplio proceso<\/p>\n\n\n\n<p>de an\u00e1lisis y debate de algunos de los principales problemas y exigencias hist\u00f3ricas de los pueblos ind\u00edgenas, en el cual participaron expertos y representantes de decenas de comunidades de todo el pa\u00eds.<\/p>\n\n\n\n<p>Sin embargo, esos acuerdos se sintetizaron en la iniciativa de Ley Cocopa y, en 2001, una versi\u00f3n modificada se convirti\u00f3 en la Ley Ind\u00edgena, que \u201ctraicionaba los puntos esenciales de los Acuerdos de San Andr\u00e9s: los derechos a la autonom\u00eda y al territorio\u201d.<\/p>\n\n\n\n<p>Ana Lilia Rivera se\u00f1al\u00f3 que en ese entonces s\u00f3lo se reconoc\u00eda a los pueblos originarios como entidades de inter\u00e9s p\u00fablico, \u201ces decir, los manten\u00eda en una situaci\u00f3n de pasividad ante el paternalismo del Estado y a merced de la buena o mala voluntad de los gobiernos en turno, sin poder reivindicar sus derechos y defender legalmente sus territorios\u201d.<\/p>\n\n\n\n<p>Desde entonces, agreg\u00f3 la legisladora, numerosos pueblos originarios asumieron los Acuerdos de San Andr\u00e9s como horizonte de lucha y principal documento pol\u00edtico para exigir una nueva relaci\u00f3n con el Estado.<\/p>\n\n\n\n<p>Con estos antecedentes, la presidenta de la Mesa Directiva destac\u00f3 que la iniciativa del Ejecutivo Federal para modificar el art\u00edculo 2 de la Constituci\u00f3n les reconoce el derecho a la libre determinaci\u00f3n y autonom\u00eda, sus sistemas normativos internos, educaci\u00f3n ind\u00edgena,<\/p>\n\n\n\n<p>intercultural y pluriling\u00fce, acceso a medios de comunicaci\u00f3n propios, fomento de las lenguas y culturas ind\u00edgenas.<\/p>\n\n\n\n<p>Subray\u00f3 que tambi\u00e9n incluye la protecci\u00f3n de su patrimonio cultural, material e inmaterial y de su propiedad intelectual colectiva, el impulso de la medicina tradicional y la parter\u00eda, la<\/p>\n\n\n\n<p>participaci\u00f3n efectiva de las mujeres en condiciones de igualdad en todos los \u00e1mbitos de la vida comunitaria, el respeto a la integridad de sus tierras y lugares sagrados.<\/p>\n\n\n\n<p>Adem\u00e1s del acceso a asignaciones presupuestarias administradas de manera directa por las comunidades, acceso a asesor\u00edas, Int\u00e9rpretes y traductores ind\u00edgenas en todas las instituciones jurisdiccionales, derecho al desarrollo integral y sostenible de sus econom\u00edas, derecho a la consulta libre, previa y culturalmente adecuada.<\/p>\n\n\n\n<p>Tambi\u00e9n el reconocimiento de su capacidad jur\u00eddica para impugnar medidas legislativas o administrativas que vulneren su vida comunitaria o entorno. Adem\u00e1s, afirm\u00f3 la senadora, el<\/p>\n\n\n\n<p>proyecto reconoce el trabajo comunitario como parte de su organizaci\u00f3n sociocultural, lo cual es una innovaci\u00f3n en la historia de la legislaci\u00f3n ind\u00edgena.<\/p>\n","protected":false},"excerpt":{"rendered":"<p>\uf0b7 Retoma casi la totalidad de los aspectos considerados en los Acuerdos de San Andr\u00e9s Larr\u00e1inzar, Chiapas, firmado en febrero de 1996 La reforma constitucional para reconocer a los pueblos ind\u00edgenas y afromexicanos como sujetos de derechos, es una oportunidad para resarcir la deuda hist\u00f3rica del Estado mexicano con estas comunidades, afirm\u00f3 la presidenta del [&hellip;]<\/p>\n","protected":false},"author":4,"featured_media":89101,"comment_status":"open","ping_status":"open","sticky":false,"template":"","format":"standard","meta":{"om_disable_all_campaigns":false,"_monsterinsights_skip_tracking":false,"_monsterinsights_sitenote_active":false,"_monsterinsights_sitenote_note":"","_monsterinsights_sitenote_category":0,"jnews-multi-image_gallery":[],"jnews_single_post":{"subtitle":"","format":"standard","video":"","gallery":"","source_name":"","source_url":"","via_name":"","via_url":"","override_template":"0","override":[{"template":"1","single_blog_custom":"","parallax":"1","fullscreen":"1","layout":"right-sidebar","sidebar":"default-sidebar","second_sidebar":"default-sidebar","sticky_sidebar":"1","share_position":"top","share_float_style":"share-monocrhome","show_share_counter":"1","show_view_counter":"1","show_featured":"1","show_post_meta":"1","show_post_author":"1","show_post_author_image":"1","show_post_date":"1","post_date_format":"default","post_date_format_custom":"Y\/m\/d","show_post_category":"1","show_post_reading_time":"0","post_reading_time_wpm":"300","show_zoom_button":"0","zoom_button_out_step":"2","zoom_button_in_step":"3","show_post_tag":"1","show_prev_next_post":"1","show_popup_post":"1","number_popup_post":"1","show_author_box":"1","show_post_related":"0","show_inline_post_related":"0"}],"override_image_size":"0","image_override":[{"single_post_thumbnail_size":"crop-500","single_post_gallery_size":"crop-500"}],"trending_post":"0","trending_post_position":"meta","trending_post_label":"Trending","sponsored_post":"0","sponsored_post_label":"Sponsored by","sponsored_post_name":"","sponsored_post_url":"","sponsored_post_logo_enable":"0","sponsored_post_logo":"","sponsored_post_desc":"","disable_ad":"0"},"jnews_primary_category":{"id":""},"footnotes":""},"categories":[1],"tags":[1334,150,110,776,96],"class_list":["post-89100","post","type-post","status-publish","format-standard","has-post-thumbnail","hentry","category-uncategorized","tag-ana-lilia-rivera","tag-gobierno-del-estado","tag-municipios","tag-senado","tag-tlaxcala"],"aioseo_notices":[],"_links":{"self":[{"href":"https:\/\/estado29.mx\/index.php?rest_route=\/wp\/v2\/posts\/89100","targetHints":{"allow":["GET"]}}],"collection":[{"href":"https:\/\/estado29.mx\/index.php?rest_route=\/wp\/v2\/posts"}],"about":[{"href":"https:\/\/estado29.mx\/index.php?rest_route=\/wp\/v2\/types\/post"}],"author":[{"embeddable":true,"href":"https:\/\/estado29.mx\/index.php?rest_route=\/wp\/v2\/users\/4"}],"replies":[{"embeddable":true,"href":"https:\/\/estado29.mx\/index.php?rest_route=%2Fwp%2Fv2%2Fcomments&post=89100"}],"version-history":[{"count":1,"href":"https:\/\/estado29.mx\/index.php?rest_route=\/wp\/v2\/posts\/89100\/revisions"}],"predecessor-version":[{"id":89102,"href":"https:\/\/estado29.mx\/index.php?rest_route=\/wp\/v2\/posts\/89100\/revisions\/89102"}],"wp:featuredmedia":[{"embeddable":true,"href":"https:\/\/estado29.mx\/index.php?rest_route=\/wp\/v2\/media\/89101"}],"wp:attachment":[{"href":"https:\/\/estado29.mx\/index.php?rest_route=%2Fwp%2Fv2%2Fmedia&parent=89100"}],"wp:term":[{"taxonomy":"category","embeddable":true,"href":"https:\/\/estado29.mx\/index.php?rest_route=%2Fwp%2Fv2%2Fcategories&post=89100"},{"taxonomy":"post_tag","embeddable":true,"href":"https:\/\/estado29.mx\/index.php?rest_route=%2Fwp%2Fv2%2Ftags&post=89100"}],"curies":[{"name":"wp","href":"https:\/\/api.w.org\/{rel}","templated":true}]}}