{"id":89118,"date":"2024-02-20T19:50:26","date_gmt":"2024-02-20T19:50:26","guid":{"rendered":"https:\/\/estado29.mx\/?p=89118"},"modified":"2024-02-20T19:50:26","modified_gmt":"2024-02-20T19:50:26","slug":"rendiran-en-centro-cultural-huamantla-homenaje-a-alfonso-hernandez-castillo","status":"publish","type":"post","link":"https:\/\/estado29.mx\/?p=89118","title":{"rendered":"Rendir\u00e1n en Centro Cultural Huamantla Homenaje a Alfonso Hern\u00e1ndez Castillo."},"content":{"rendered":"\n<p>El Coordinador del Centro Cultural Huamantla, Manuel de la Vega Moreno, detall\u00f3 que el pr\u00f3ximo 29 de febrero del presente a\u00f1o, se rendir\u00e1 homenaje a Alfonso Hern\u00e1ndez Castillo, en reconocimiento a la trayectoria que realiz\u00f3 a nivel estatal y nacional.<\/p>\n\n\n\n<p><br>De la Vega Moreno, destac\u00f3 que fue uno de los pioneros de la radio en Tlaxcala y precisamente obteniendo su primer trabajo en XEHT Radio Huamantla, junto con Enrique Mac\u00edas Vera y Jos\u00e9 Adri\u00e1n de la Vega, evento que tambi\u00e9n ser\u00e1 de homenaje a Radio Huamantla, puntualiz\u00f3.<\/p>\n\n\n\n<p>Asimismo, mencion\u00f3 que Alfonso Hern\u00e1ndez Castillo, se convirti\u00f3 en uno de los \u00edconos, junto con Radio huamantla, para Tlaxcala, por lo que la Secretar\u00eda de Cultura Estatal solicit\u00f3 rendir homenaje, como reconocimiento a su gran labor.<\/p>\n\n\n<figure class=\"wp-block-post-featured-image\"><img loading=\"lazy\" decoding=\"async\" width=\"2560\" height=\"1702\" src=\"https:\/\/estado29.mx\/wp-content\/uploads\/2024\/02\/HuamantlaCulturalCenter04-1-min-scaled.jpeg\" class=\"attachment-post-thumbnail size-post-thumbnail wp-post-image\" alt=\"\" style=\"object-fit:cover;\" srcset=\"https:\/\/estado29.mx\/wp-content\/uploads\/2024\/02\/HuamantlaCulturalCenter04-1-min-scaled.jpeg 2560w, https:\/\/estado29.mx\/wp-content\/uploads\/2024\/02\/HuamantlaCulturalCenter04-1-min-300x199.jpeg 300w, https:\/\/estado29.mx\/wp-content\/uploads\/2024\/02\/HuamantlaCulturalCenter04-1-min-1024x681.jpeg 1024w, https:\/\/estado29.mx\/wp-content\/uploads\/2024\/02\/HuamantlaCulturalCenter04-1-min-768x511.jpeg 768w, https:\/\/estado29.mx\/wp-content\/uploads\/2024\/02\/HuamantlaCulturalCenter04-1-min-1536x1021.jpeg 1536w, https:\/\/estado29.mx\/wp-content\/uploads\/2024\/02\/HuamantlaCulturalCenter04-1-min-2048x1362.jpeg 2048w, https:\/\/estado29.mx\/wp-content\/uploads\/2024\/02\/HuamantlaCulturalCenter04-1-min-750x499.jpeg 750w, https:\/\/estado29.mx\/wp-content\/uploads\/2024\/02\/HuamantlaCulturalCenter04-1-min-1140x758.jpeg 1140w\" sizes=\"auto, (max-width: 2560px) 100vw, 2560px\" \/><\/figure>","protected":false},"excerpt":{"rendered":"<p>El Coordinador del Centro Cultural Huamantla, Manuel de la Vega Moreno, detall\u00f3 que el pr\u00f3ximo 29 de febrero del presente a\u00f1o, se rendir\u00e1 homenaje a Alfonso Hern\u00e1ndez Castillo, en reconocimiento a la trayectoria que realiz\u00f3 a nivel estatal y nacional. De la Vega Moreno, destac\u00f3 que fue uno de los pioneros de la radio en [&hellip;]<\/p>\n","protected":false},"author":7,"featured_media":89119,"comment_status":"open","ping_status":"open","sticky":false,"template":"","format":"standard","meta":{"om_disable_all_campaigns":false,"_monsterinsights_skip_tracking":false,"_monsterinsights_sitenote_active":false,"_monsterinsights_sitenote_note":"","_monsterinsights_sitenote_category":0,"jnews-multi-image_gallery":[],"jnews_single_post":{"subtitle":"","format":"standard","video":"","gallery":"","source_name":"","source_url":"","via_name":"","via_url":"","override_template":"0","override":[{"template":"1","single_blog_custom":"","parallax":"1","fullscreen":"1","layout":"right-sidebar","sidebar":"default-sidebar","second_sidebar":"default-sidebar","sticky_sidebar":"1","share_position":"top","share_float_style":"share-monocrhome","show_share_counter":"1","show_view_counter":"1","show_featured":"1","show_post_meta":"1","show_post_author":"1","show_post_author_image":"1","show_post_date":"1","post_date_format":"default","post_date_format_custom":"Y\/m\/d","show_post_category":"1","show_post_reading_time":"0","post_reading_time_wpm":"300","show_zoom_button":"0","zoom_button_out_step":"2","zoom_button_in_step":"3","show_post_tag":"1","show_prev_next_post":"1","show_popup_post":"1","number_popup_post":"1","show_author_box":"1","show_post_related":"0","show_inline_post_related":"0"}],"override_image_size":"0","image_override":[{"single_post_thumbnail_size":"crop-500","single_post_gallery_size":"crop-500"}],"trending_post":"0","trending_post_position":"meta","trending_post_label":"Trending","sponsored_post":"0","sponsored_post_label":"Sponsored by","sponsored_post_name":"","sponsored_post_url":"","sponsored_post_logo_enable":"0","sponsored_post_logo":"","sponsored_post_desc":"","disable_ad":"0"},"jnews_primary_category":{"id":""},"footnotes":""},"categories":[1],"tags":[],"class_list":["post-89118","post","type-post","status-publish","format-standard","has-post-thumbnail","hentry","category-uncategorized"],"aioseo_notices":[],"_links":{"self":[{"href":"https:\/\/estado29.mx\/index.php?rest_route=\/wp\/v2\/posts\/89118","targetHints":{"allow":["GET"]}}],"collection":[{"href":"https:\/\/estado29.mx\/index.php?rest_route=\/wp\/v2\/posts"}],"about":[{"href":"https:\/\/estado29.mx\/index.php?rest_route=\/wp\/v2\/types\/post"}],"author":[{"embeddable":true,"href":"https:\/\/estado29.mx\/index.php?rest_route=\/wp\/v2\/users\/7"}],"replies":[{"embeddable":true,"href":"https:\/\/estado29.mx\/index.php?rest_route=%2Fwp%2Fv2%2Fcomments&post=89118"}],"version-history":[{"count":1,"href":"https:\/\/estado29.mx\/index.php?rest_route=\/wp\/v2\/posts\/89118\/revisions"}],"predecessor-version":[{"id":89120,"href":"https:\/\/estado29.mx\/index.php?rest_route=\/wp\/v2\/posts\/89118\/revisions\/89120"}],"wp:featuredmedia":[{"embeddable":true,"href":"https:\/\/estado29.mx\/index.php?rest_route=\/wp\/v2\/media\/89119"}],"wp:attachment":[{"href":"https:\/\/estado29.mx\/index.php?rest_route=%2Fwp%2Fv2%2Fmedia&parent=89118"}],"wp:term":[{"taxonomy":"category","embeddable":true,"href":"https:\/\/estado29.mx\/index.php?rest_route=%2Fwp%2Fv2%2Fcategories&post=89118"},{"taxonomy":"post_tag","embeddable":true,"href":"https:\/\/estado29.mx\/index.php?rest_route=%2Fwp%2Fv2%2Ftags&post=89118"}],"curies":[{"name":"wp","href":"https:\/\/api.w.org\/{rel}","templated":true}]}}