{"id":89122,"date":"2024-02-22T19:46:55","date_gmt":"2024-02-22T19:46:55","guid":{"rendered":"https:\/\/estado29.mx\/?p=89122"},"modified":"2024-02-22T19:46:56","modified_gmt":"2024-02-22T19:46:56","slug":"realiza-uatx-presentacion-del-foro-internacional-ciudadano-educacion-y-participacion-ciudadana-como-factores-de-transformacion-social","status":"publish","type":"post","link":"https:\/\/estado29.mx\/?p=89122","title":{"rendered":"Realiza UATX presentaci\u00f3n del \u201cForo Internacional Ciudadano: Educaci\u00f3n y Participaci\u00f3n Ciudadana como Factores de Transformaci\u00f3n Social\u201d."},"content":{"rendered":"\n<p>Este Jueves 22 de febrero del presente a\u00f1o, se llev\u00f3 a cabo en las instalaciones de la Infoteca Central de la Universidad Aut\u00f3noma de Tlaxcala, la presentaci\u00f3n del \u201cForo Internacional Ciudadano: Educaci\u00f3n y Participaci\u00f3n Ciudadana como Factores de Transformaci\u00f3n Social\u201d.<\/p>\n\n\n\n<p><br>Mediante una rueda de prensa, encabezada por Ren\u00e9 Elizalde Salazar, Presidente del Observatorio de la Universidad Aut\u00f3noma de Tlaxcala, Alejandrina Santill\u00e1n Mart\u00ednez y Erick Rivera Elizalde, ambos integrantes del Consejo de este Observatorio, detallaron que por cuatro d\u00edas, se har\u00e1n conferencias magistrales sobre los diversos factores que han tenido fuerte impacto social, principalmente violencia e inseguridad y las causa de estos, para que a trav\u00e9s de la educaci\u00f3n se puedan crear estrategias para combatir estos problemas sociales.<\/p>\n\n\n\n<p><br>Cabe mencionar que este foro, se llevar\u00e1 a cabo los d\u00edas 17, 18, 22 y 23 de abril del presente a\u00f1o, donde se tendr\u00e1n temas como La Funci\u00f3n Culturizadora y Civilizatoria de la Universidad, Cuantificando al Crimen Organizado en M\u00e9xico, Las Condiciones de Seguridad y la Labor de la Red Nacional de Observatorios, Di\u00e1logo Nacional por La Paz, La Conversaci\u00f3n como Factor de Cambios Sociales, Am\u00e9rica: una Anomia Persistente, La Promoci\u00f3n de la Participaci\u00f3n Pol\u00edtica de las Mujeres, alcances y retos, as\u00ed como la presentaci\u00f3n del libro El Discurso Informativo de la Violencia en M\u00e9xico en la Era Digital.<\/p>\n\n\n\n<p>Es importante se\u00f1alar que esta serie de conferencias magistrales y mesas de trabajo estar\u00e1n encabezadas por Seraf\u00edn Ortiz Ortiz, Rector de la Universidad Aut\u00f3noma de Tlaxcala, as\u00ed como Rafael Prieto Curiel, Investigador del Instituto Matem\u00e1tico de la Universidad de Oxford, Francisco Rivas Rodr\u00edguez, Director General del Observatorio Nacional Ciudadano de Seguridad, Justicia y Legalidad A. C., Mar\u00eda Elena Azaola Garrido, Investigadora del Centro de Investigaci\u00f3n y Estudios Superiores en Antropolog\u00eda Social M\u00e9xico, Ana Paula Hern\u00e1ndez Romano, Coordinadora del Di\u00e1logo Nacional por La Paz, Adela Salinas Salinas, Escritora, Periodista, Activista y Acad\u00e9mica de IBERO M\u00e9xico, Marcos Agust\u00edn Cuevas Perus, Investigador y Docente del Instituto de Investigaciones Sociales de la UNAM, Lorenzo Jim\u00e9nez de Luis, del Programa de las Naciones Unidas para el Desarrollo y Mercedes Arce Rodr\u00edguez, de la Universidad de la Ciudad de M\u00e9xico.<\/p>\n\n\n\n<p><br>Para finalizar, los organizadores de este foro, refirieron que los resultados de estas conferencia y mesas de trabajo, ser\u00e1n presentados en d\u00edas posteriores a las diversas actividades que se desarrollar\u00e1n.<\/p>\n\n\n<figure class=\"wp-block-post-featured-image\"><img loading=\"lazy\" decoding=\"async\" width=\"2560\" height=\"1920\" src=\"https:\/\/estado29.mx\/wp-content\/uploads\/2024\/02\/IMG_20240222_103357-min-scaled.jpg\" class=\"attachment-post-thumbnail size-post-thumbnail wp-post-image\" alt=\"\" style=\"object-fit:cover;\" srcset=\"https:\/\/estado29.mx\/wp-content\/uploads\/2024\/02\/IMG_20240222_103357-min-scaled.jpg 2560w, https:\/\/estado29.mx\/wp-content\/uploads\/2024\/02\/IMG_20240222_103357-min-300x225.jpg 300w, https:\/\/estado29.mx\/wp-content\/uploads\/2024\/02\/IMG_20240222_103357-min-1024x768.jpg 1024w, https:\/\/estado29.mx\/wp-content\/uploads\/2024\/02\/IMG_20240222_103357-min-768x576.jpg 768w, https:\/\/estado29.mx\/wp-content\/uploads\/2024\/02\/IMG_20240222_103357-min-1536x1152.jpg 1536w, https:\/\/estado29.mx\/wp-content\/uploads\/2024\/02\/IMG_20240222_103357-min-2048x1536.jpg 2048w, https:\/\/estado29.mx\/wp-content\/uploads\/2024\/02\/IMG_20240222_103357-min-750x563.jpg 750w, https:\/\/estado29.mx\/wp-content\/uploads\/2024\/02\/IMG_20240222_103357-min-1140x855.jpg 1140w\" sizes=\"auto, (max-width: 2560px) 100vw, 2560px\" \/><\/figure>","protected":false},"excerpt":{"rendered":"<p>Este Jueves 22 de febrero del presente a\u00f1o, se llev\u00f3 a cabo en las instalaciones de la Infoteca Central de la Universidad Aut\u00f3noma de Tlaxcala, la presentaci\u00f3n del \u201cForo Internacional Ciudadano: Educaci\u00f3n y Participaci\u00f3n Ciudadana como Factores de Transformaci\u00f3n Social\u201d. Mediante una rueda de prensa, encabezada por Ren\u00e9 Elizalde Salazar, Presidente del Observatorio de la [&hellip;]<\/p>\n","protected":false},"author":7,"featured_media":89123,"comment_status":"open","ping_status":"open","sticky":false,"template":"","format":"standard","meta":{"om_disable_all_campaigns":false,"_monsterinsights_skip_tracking":false,"_monsterinsights_sitenote_active":false,"_monsterinsights_sitenote_note":"","_monsterinsights_sitenote_category":0,"jnews-multi-image_gallery":[],"jnews_single_post":{"subtitle":"","format":"standard","video":"","gallery":"","source_name":"","source_url":"","via_name":"","via_url":"","override_template":"0","override":[{"template":"1","single_blog_custom":"","parallax":"1","fullscreen":"1","layout":"right-sidebar","sidebar":"default-sidebar","second_sidebar":"default-sidebar","sticky_sidebar":"1","share_position":"top","share_float_style":"share-monocrhome","show_share_counter":"1","show_view_counter":"1","show_featured":"1","show_post_meta":"1","show_post_author":"1","show_post_author_image":"1","show_post_date":"1","post_date_format":"default","post_date_format_custom":"Y\/m\/d","show_post_category":"1","show_post_reading_time":"0","post_reading_time_wpm":"300","show_zoom_button":"0","zoom_button_out_step":"2","zoom_button_in_step":"3","show_post_tag":"1","show_prev_next_post":"1","show_popup_post":"1","number_popup_post":"1","show_author_box":"1","show_post_related":"0","show_inline_post_related":"0"}],"override_image_size":"0","image_override":[{"single_post_thumbnail_size":"crop-500","single_post_gallery_size":"crop-500"}],"trending_post":"0","trending_post_position":"meta","trending_post_label":"Trending","sponsored_post":"0","sponsored_post_label":"Sponsored by","sponsored_post_name":"","sponsored_post_url":"","sponsored_post_logo_enable":"0","sponsored_post_logo":"","sponsored_post_desc":"","disable_ad":"0"},"jnews_primary_category":{"id":""},"footnotes":""},"categories":[1],"tags":[],"class_list":["post-89122","post","type-post","status-publish","format-standard","has-post-thumbnail","hentry","category-uncategorized"],"aioseo_notices":[],"_links":{"self":[{"href":"https:\/\/estado29.mx\/index.php?rest_route=\/wp\/v2\/posts\/89122","targetHints":{"allow":["GET"]}}],"collection":[{"href":"https:\/\/estado29.mx\/index.php?rest_route=\/wp\/v2\/posts"}],"about":[{"href":"https:\/\/estado29.mx\/index.php?rest_route=\/wp\/v2\/types\/post"}],"author":[{"embeddable":true,"href":"https:\/\/estado29.mx\/index.php?rest_route=\/wp\/v2\/users\/7"}],"replies":[{"embeddable":true,"href":"https:\/\/estado29.mx\/index.php?rest_route=%2Fwp%2Fv2%2Fcomments&post=89122"}],"version-history":[{"count":1,"href":"https:\/\/estado29.mx\/index.php?rest_route=\/wp\/v2\/posts\/89122\/revisions"}],"predecessor-version":[{"id":89124,"href":"https:\/\/estado29.mx\/index.php?rest_route=\/wp\/v2\/posts\/89122\/revisions\/89124"}],"wp:featuredmedia":[{"embeddable":true,"href":"https:\/\/estado29.mx\/index.php?rest_route=\/wp\/v2\/media\/89123"}],"wp:attachment":[{"href":"https:\/\/estado29.mx\/index.php?rest_route=%2Fwp%2Fv2%2Fmedia&parent=89122"}],"wp:term":[{"taxonomy":"category","embeddable":true,"href":"https:\/\/estado29.mx\/index.php?rest_route=%2Fwp%2Fv2%2Fcategories&post=89122"},{"taxonomy":"post_tag","embeddable":true,"href":"https:\/\/estado29.mx\/index.php?rest_route=%2Fwp%2Fv2%2Ftags&post=89122"}],"curies":[{"name":"wp","href":"https:\/\/api.w.org\/{rel}","templated":true}]}}