{"id":89128,"date":"2024-02-23T01:49:39","date_gmt":"2024-02-23T01:49:39","guid":{"rendered":"https:\/\/estado29.mx\/?p=89128"},"modified":"2024-02-23T01:49:40","modified_gmt":"2024-02-23T01:49:40","slug":"invita-centro-cultural-huamantla-a-ninos-jovenes-y-adultos-a-sumare-a-sus-talleres","status":"publish","type":"post","link":"https:\/\/estado29.mx\/?p=89128","title":{"rendered":"Invita Centro Cultural Huamantla a ni\u00f1os, j\u00f3venes y adultos a sumare a sus talleres."},"content":{"rendered":"\n<p>El Centro Cultural Huamantla, hace la invitaci\u00f3n a ni\u00f1os, a partir de 7 a\u00f1os de edad, j\u00f3venes y adultos que deseen participar en los talleres, Arte con Semillas y Bisuter\u00eda Org\u00e1nica, que se llevar\u00e1 a cabo el las instalaciones de este mismo, hoy viernes 23 de febrero, a las cuatro de la tarde.<\/p>\n\n\n\n<p><br>Cabe mencionar que el evento no tendr\u00e1 costo alguno, pues es organizado en Coordinaci\u00f3n con La Secretar\u00eda de Cultura del Estado.<\/p>\n\n\n\n<p><br>Las inscripciones estar\u00e1n abiertas hasta las dos de la tarde, a trav\u00e9s de las telef\u00f3nicas 247 100 03 26 y 247 47 2 13 11, o en las instalaciones del Centro Cultural Huamantla, para que Vianey Romero, quien impartir\u00e1 estos talleres, consideres los materiales ha usarse.<\/p>\n\n\n<figure class=\"wp-block-post-featured-image\"><img loading=\"lazy\" decoding=\"async\" width=\"1600\" height=\"1600\" src=\"https:\/\/estado29.mx\/wp-content\/uploads\/2024\/02\/IMG-20240222-WA0007.jpg\" class=\"attachment-post-thumbnail size-post-thumbnail wp-post-image\" alt=\"\" style=\"object-fit:cover;\" srcset=\"https:\/\/estado29.mx\/wp-content\/uploads\/2024\/02\/IMG-20240222-WA0007.jpg 1600w, https:\/\/estado29.mx\/wp-content\/uploads\/2024\/02\/IMG-20240222-WA0007-300x300.jpg 300w, https:\/\/estado29.mx\/wp-content\/uploads\/2024\/02\/IMG-20240222-WA0007-1024x1024.jpg 1024w, https:\/\/estado29.mx\/wp-content\/uploads\/2024\/02\/IMG-20240222-WA0007-150x150.jpg 150w, https:\/\/estado29.mx\/wp-content\/uploads\/2024\/02\/IMG-20240222-WA0007-768x768.jpg 768w, https:\/\/estado29.mx\/wp-content\/uploads\/2024\/02\/IMG-20240222-WA0007-1536x1536.jpg 1536w, https:\/\/estado29.mx\/wp-content\/uploads\/2024\/02\/IMG-20240222-WA0007-75x75.jpg 75w, https:\/\/estado29.mx\/wp-content\/uploads\/2024\/02\/IMG-20240222-WA0007-350x350.jpg 350w, https:\/\/estado29.mx\/wp-content\/uploads\/2024\/02\/IMG-20240222-WA0007-750x750.jpg 750w, https:\/\/estado29.mx\/wp-content\/uploads\/2024\/02\/IMG-20240222-WA0007-1140x1140.jpg 1140w\" sizes=\"auto, (max-width: 1600px) 100vw, 1600px\" \/><\/figure>","protected":false},"excerpt":{"rendered":"<p>El Centro Cultural Huamantla, hace la invitaci\u00f3n a ni\u00f1os, a partir de 7 a\u00f1os de edad, j\u00f3venes y adultos que deseen participar en los talleres, Arte con Semillas y Bisuter\u00eda Org\u00e1nica, que se llevar\u00e1 a cabo el las instalaciones de este mismo, hoy viernes 23 de febrero, a las cuatro de la tarde. Cabe mencionar [&hellip;]<\/p>\n","protected":false},"author":7,"featured_media":89129,"comment_status":"open","ping_status":"open","sticky":false,"template":"","format":"standard","meta":{"om_disable_all_campaigns":false,"_monsterinsights_skip_tracking":false,"_monsterinsights_sitenote_active":false,"_monsterinsights_sitenote_note":"","_monsterinsights_sitenote_category":0,"jnews-multi-image_gallery":[],"jnews_single_post":{"subtitle":"","format":"standard","video":"","gallery":"","source_name":"","source_url":"","via_name":"","via_url":"","override_template":"0","override":[{"template":"1","single_blog_custom":"","parallax":"1","fullscreen":"1","layout":"right-sidebar","sidebar":"default-sidebar","second_sidebar":"default-sidebar","sticky_sidebar":"1","share_position":"top","share_float_style":"share-monocrhome","show_share_counter":"1","show_view_counter":"1","show_featured":"1","show_post_meta":"1","show_post_author":"1","show_post_author_image":"1","show_post_date":"1","post_date_format":"default","post_date_format_custom":"Y\/m\/d","show_post_category":"1","show_post_reading_time":"0","post_reading_time_wpm":"300","show_zoom_button":"0","zoom_button_out_step":"2","zoom_button_in_step":"3","show_post_tag":"1","show_prev_next_post":"1","show_popup_post":"1","number_popup_post":"1","show_author_box":"1","show_post_related":"0","show_inline_post_related":"0"}],"override_image_size":"0","image_override":[{"single_post_thumbnail_size":"crop-500","single_post_gallery_size":"crop-500"}],"trending_post":"0","trending_post_position":"meta","trending_post_label":"Trending","sponsored_post":"0","sponsored_post_label":"Sponsored by","sponsored_post_name":"","sponsored_post_url":"","sponsored_post_logo_enable":"0","sponsored_post_logo":"","sponsored_post_desc":"","disable_ad":"0"},"jnews_primary_category":{"id":""},"footnotes":""},"categories":[1],"tags":[],"class_list":["post-89128","post","type-post","status-publish","format-standard","has-post-thumbnail","hentry","category-uncategorized"],"aioseo_notices":[],"_links":{"self":[{"href":"https:\/\/estado29.mx\/index.php?rest_route=\/wp\/v2\/posts\/89128","targetHints":{"allow":["GET"]}}],"collection":[{"href":"https:\/\/estado29.mx\/index.php?rest_route=\/wp\/v2\/posts"}],"about":[{"href":"https:\/\/estado29.mx\/index.php?rest_route=\/wp\/v2\/types\/post"}],"author":[{"embeddable":true,"href":"https:\/\/estado29.mx\/index.php?rest_route=\/wp\/v2\/users\/7"}],"replies":[{"embeddable":true,"href":"https:\/\/estado29.mx\/index.php?rest_route=%2Fwp%2Fv2%2Fcomments&post=89128"}],"version-history":[{"count":1,"href":"https:\/\/estado29.mx\/index.php?rest_route=\/wp\/v2\/posts\/89128\/revisions"}],"predecessor-version":[{"id":89130,"href":"https:\/\/estado29.mx\/index.php?rest_route=\/wp\/v2\/posts\/89128\/revisions\/89130"}],"wp:featuredmedia":[{"embeddable":true,"href":"https:\/\/estado29.mx\/index.php?rest_route=\/wp\/v2\/media\/89129"}],"wp:attachment":[{"href":"https:\/\/estado29.mx\/index.php?rest_route=%2Fwp%2Fv2%2Fmedia&parent=89128"}],"wp:term":[{"taxonomy":"category","embeddable":true,"href":"https:\/\/estado29.mx\/index.php?rest_route=%2Fwp%2Fv2%2Fcategories&post=89128"},{"taxonomy":"post_tag","embeddable":true,"href":"https:\/\/estado29.mx\/index.php?rest_route=%2Fwp%2Fv2%2Ftags&post=89128"}],"curies":[{"name":"wp","href":"https:\/\/api.w.org\/{rel}","templated":true}]}}