{"id":89137,"date":"2024-02-26T18:07:25","date_gmt":"2024-02-26T18:07:25","guid":{"rendered":"https:\/\/estado29.mx\/?p=89137"},"modified":"2024-02-26T18:07:26","modified_gmt":"2024-02-26T18:07:26","slug":"integraran-programa-de-cultura-para-feria-2024-en-ixtenco","status":"publish","type":"post","link":"https:\/\/estado29.mx\/?p=89137","title":{"rendered":"Integrar\u00e1n programa de Cultura para Feria 2024 en Ixtenco."},"content":{"rendered":"\n<p>El Presidente Municipal de Ixtenco, Renato S\u00e1nchez Rojas, tras la reciente toma de protesta al Comit\u00e9 de Pueblo M\u00e1gico en Ixtenco, detall\u00f3 que se revisar\u00e1n diversos temas, como es el caso de infraestructura, ordenamiento, comercio y el tema legal de los asentamientos en el lugar \u201cbueno, la verdad es que vamos a revisar el programa de infraestructura y el programa de ordenamiento, la parte del comercio, como la parte legal de los asentamientos esos son dos temas que tenemos pendientes\u201d.<\/p>\n\n\n\n<p><br>En este sentido el edil agreg\u00f3 que ya se est\u00e1 integrando el programa de cultura como parte de lo que ser\u00e1 la feria 2024, en junio pr\u00f3ximo, la cual puntualiz\u00f3, ser\u00e1 las m\u00e1s cultural \u201cel programa de cultura que ya estamos integrando para para la feria 2024, esta feria, va a ser la feria m\u00e1s cultural, bueno, de entrada es la m\u00e1s cultural del estado, pero esta ocasi\u00f3n va a ser la mejor que vamos a dise\u00f1ar ya como Pueblo M\u00e1gico\u201d.<\/p>\n\n\n\n<p><br>Asimismo dijo que en pr\u00f3ximos d\u00edas se iniciar\u00e1 con las reuniones de trabajo para, planificar las actividades que se realizar\u00e1n \u201cyo creo que el siguiente mes, a partir de marzo empezaremos a integrar ya las sesiones con el Comit\u00e9 de Pueblo M\u00e1gico, que hace quince d\u00edas le tom\u00f3 protesta la Secretaria de Cultura, entonces pues en esa parte vamos avanzando, yo espero que en breve les podamos entregar a ustedes informaci\u00f3n respecto a las actividades que se van a dar\u201d.<\/p>\n\n\n<figure class=\"wp-block-post-featured-image\"><img loading=\"lazy\" decoding=\"async\" width=\"2560\" height=\"1920\" src=\"https:\/\/estado29.mx\/wp-content\/uploads\/2023\/09\/IMG_20230926_115056-min-scaled.jpg\" class=\"attachment-post-thumbnail size-post-thumbnail wp-post-image\" alt=\"\" style=\"object-fit:cover;\" srcset=\"https:\/\/estado29.mx\/wp-content\/uploads\/2023\/09\/IMG_20230926_115056-min-scaled.jpg 2560w, https:\/\/estado29.mx\/wp-content\/uploads\/2023\/09\/IMG_20230926_115056-min-300x225.jpg 300w, https:\/\/estado29.mx\/wp-content\/uploads\/2023\/09\/IMG_20230926_115056-min-1024x768.jpg 1024w, https:\/\/estado29.mx\/wp-content\/uploads\/2023\/09\/IMG_20230926_115056-min-768x576.jpg 768w, https:\/\/estado29.mx\/wp-content\/uploads\/2023\/09\/IMG_20230926_115056-min-1536x1152.jpg 1536w, https:\/\/estado29.mx\/wp-content\/uploads\/2023\/09\/IMG_20230926_115056-min-2048x1536.jpg 2048w, https:\/\/estado29.mx\/wp-content\/uploads\/2023\/09\/IMG_20230926_115056-min-750x563.jpg 750w, https:\/\/estado29.mx\/wp-content\/uploads\/2023\/09\/IMG_20230926_115056-min-1140x855.jpg 1140w\" sizes=\"auto, (max-width: 2560px) 100vw, 2560px\" \/><\/figure>","protected":false},"excerpt":{"rendered":"<p>El Presidente Municipal de Ixtenco, Renato S\u00e1nchez Rojas, tras la reciente toma de protesta al Comit\u00e9 de Pueblo M\u00e1gico en Ixtenco, detall\u00f3 que se revisar\u00e1n diversos temas, como es el caso de infraestructura, ordenamiento, comercio y el tema legal de los asentamientos en el lugar \u201cbueno, la verdad es que vamos a revisar el programa [&hellip;]<\/p>\n","protected":false},"author":7,"featured_media":88082,"comment_status":"open","ping_status":"open","sticky":false,"template":"","format":"standard","meta":{"om_disable_all_campaigns":false,"_monsterinsights_skip_tracking":false,"_monsterinsights_sitenote_active":false,"_monsterinsights_sitenote_note":"","_monsterinsights_sitenote_category":0,"jnews-multi-image_gallery":[],"jnews_single_post":{"subtitle":"","format":"standard","video":"","gallery":"","source_name":"","source_url":"","via_name":"","via_url":"","override_template":"0","override":[{"template":"1","single_blog_custom":"","parallax":"1","fullscreen":"1","layout":"right-sidebar","sidebar":"default-sidebar","second_sidebar":"default-sidebar","sticky_sidebar":"1","share_position":"top","share_float_style":"share-monocrhome","show_share_counter":"1","show_view_counter":"1","show_featured":"1","show_post_meta":"1","show_post_author":"1","show_post_author_image":"1","show_post_date":"1","post_date_format":"default","post_date_format_custom":"Y\/m\/d","show_post_category":"1","show_post_reading_time":"0","post_reading_time_wpm":"300","show_zoom_button":"0","zoom_button_out_step":"2","zoom_button_in_step":"3","show_post_tag":"1","show_prev_next_post":"1","show_popup_post":"1","number_popup_post":"1","show_author_box":"1","show_post_related":"0","show_inline_post_related":"0"}],"override_image_size":"0","image_override":[{"single_post_thumbnail_size":"crop-500","single_post_gallery_size":"crop-500"}],"trending_post":"0","trending_post_position":"meta","trending_post_label":"Trending","sponsored_post":"0","sponsored_post_label":"Sponsored by","sponsored_post_name":"","sponsored_post_url":"","sponsored_post_logo_enable":"0","sponsored_post_logo":"","sponsored_post_desc":"","disable_ad":"0"},"jnews_primary_category":{"id":""},"footnotes":""},"categories":[1],"tags":[],"class_list":["post-89137","post","type-post","status-publish","format-standard","has-post-thumbnail","hentry","category-uncategorized"],"aioseo_notices":[],"_links":{"self":[{"href":"https:\/\/estado29.mx\/index.php?rest_route=\/wp\/v2\/posts\/89137","targetHints":{"allow":["GET"]}}],"collection":[{"href":"https:\/\/estado29.mx\/index.php?rest_route=\/wp\/v2\/posts"}],"about":[{"href":"https:\/\/estado29.mx\/index.php?rest_route=\/wp\/v2\/types\/post"}],"author":[{"embeddable":true,"href":"https:\/\/estado29.mx\/index.php?rest_route=\/wp\/v2\/users\/7"}],"replies":[{"embeddable":true,"href":"https:\/\/estado29.mx\/index.php?rest_route=%2Fwp%2Fv2%2Fcomments&post=89137"}],"version-history":[{"count":1,"href":"https:\/\/estado29.mx\/index.php?rest_route=\/wp\/v2\/posts\/89137\/revisions"}],"predecessor-version":[{"id":89138,"href":"https:\/\/estado29.mx\/index.php?rest_route=\/wp\/v2\/posts\/89137\/revisions\/89138"}],"wp:featuredmedia":[{"embeddable":true,"href":"https:\/\/estado29.mx\/index.php?rest_route=\/wp\/v2\/media\/88082"}],"wp:attachment":[{"href":"https:\/\/estado29.mx\/index.php?rest_route=%2Fwp%2Fv2%2Fmedia&parent=89137"}],"wp:term":[{"taxonomy":"category","embeddable":true,"href":"https:\/\/estado29.mx\/index.php?rest_route=%2Fwp%2Fv2%2Fcategories&post=89137"},{"taxonomy":"post_tag","embeddable":true,"href":"https:\/\/estado29.mx\/index.php?rest_route=%2Fwp%2Fv2%2Ftags&post=89137"}],"curies":[{"name":"wp","href":"https:\/\/api.w.org\/{rel}","templated":true}]}}