{"id":89139,"date":"2024-02-26T18:17:45","date_gmt":"2024-02-26T18:17:45","guid":{"rendered":"https:\/\/estado29.mx\/?p=89139"},"modified":"2024-02-26T18:17:45","modified_gmt":"2024-02-26T18:17:45","slug":"realiza-colectivo-sabores-de-mi-tierra-muestras-gastronomicas-en-ixtenco","status":"publish","type":"post","link":"https:\/\/estado29.mx\/?p=89139","title":{"rendered":"Realiza Colectivo Sabores de Mi Tierra muestras gastron\u00f3micas en Ixtenco."},"content":{"rendered":"\n<p>Carlos Aguilar Aguilar, Representante del Colectivo Sabores de mi Tierra en el Municipio de Ixtenco, detall\u00f3 que como parte de las actividades que realiza este grupo de artesanos, resaltan las muestras gastron\u00f3micas que se realizan cada quince d\u00edas en las inmediaciones del parque municipal.<\/p>\n\n\n\n<p><br>Aguilar Aguilar, dijo que este tipo de acciones, se implementan con el objetivo de difundir las gastronom\u00eda, artesan\u00edas y cultura del lugar &#8221; nosotros de manera quincenal llevamos a cabo muestras gastron\u00f3micas, con el objetivo de dar a conocer nuestras ra\u00edces, lo que es la gastronom\u00eda del lugar, nuestras artesan\u00edas,    tela de cintura, el pepenado como bordado de aqu\u00ed del municipio, el tema de telar de cintura, el tema de la cerer\u00eda artesanal&#8221;.<\/p>\n\n\n\n<p>Asimismo, dijo que est\u00e1n implementando con mujeres el tema de medicina naturista y de ah\u00ed, dulces t\u00edpicos y otras actividades de realce que se tienen dentro de este colectivo.<\/p>\n\n\n\n<p><\/p>\n\n\n\n<p><\/p>\n\n\n<figure class=\"wp-block-post-featured-image\"><img loading=\"lazy\" decoding=\"async\" width=\"2560\" height=\"1920\" src=\"https:\/\/estado29.mx\/wp-content\/uploads\/2024\/02\/IMG_20240223_133031-min-scaled.jpg\" class=\"attachment-post-thumbnail size-post-thumbnail wp-post-image\" alt=\"\" style=\"object-fit:cover;\" srcset=\"https:\/\/estado29.mx\/wp-content\/uploads\/2024\/02\/IMG_20240223_133031-min-scaled.jpg 2560w, https:\/\/estado29.mx\/wp-content\/uploads\/2024\/02\/IMG_20240223_133031-min-300x225.jpg 300w, https:\/\/estado29.mx\/wp-content\/uploads\/2024\/02\/IMG_20240223_133031-min-1024x768.jpg 1024w, https:\/\/estado29.mx\/wp-content\/uploads\/2024\/02\/IMG_20240223_133031-min-768x576.jpg 768w, https:\/\/estado29.mx\/wp-content\/uploads\/2024\/02\/IMG_20240223_133031-min-1536x1152.jpg 1536w, https:\/\/estado29.mx\/wp-content\/uploads\/2024\/02\/IMG_20240223_133031-min-2048x1536.jpg 2048w, https:\/\/estado29.mx\/wp-content\/uploads\/2024\/02\/IMG_20240223_133031-min-750x563.jpg 750w, https:\/\/estado29.mx\/wp-content\/uploads\/2024\/02\/IMG_20240223_133031-min-1140x855.jpg 1140w\" sizes=\"auto, (max-width: 2560px) 100vw, 2560px\" \/><\/figure>","protected":false},"excerpt":{"rendered":"<p>Carlos Aguilar Aguilar, Representante del Colectivo Sabores de mi Tierra en el Municipio de Ixtenco, detall\u00f3 que como parte de las actividades que realiza este grupo de artesanos, resaltan las muestras gastron\u00f3micas que se realizan cada quince d\u00edas en las inmediaciones del parque municipal. Aguilar Aguilar, dijo que este tipo de acciones, se implementan con [&hellip;]<\/p>\n","protected":false},"author":7,"featured_media":89140,"comment_status":"open","ping_status":"open","sticky":false,"template":"","format":"standard","meta":{"om_disable_all_campaigns":false,"_monsterinsights_skip_tracking":false,"_monsterinsights_sitenote_active":false,"_monsterinsights_sitenote_note":"","_monsterinsights_sitenote_category":0,"jnews-multi-image_gallery":[],"jnews_single_post":{"subtitle":"","format":"standard","video":"","gallery":"","source_name":"","source_url":"","via_name":"","via_url":"","override_template":"0","override":[{"template":"1","single_blog_custom":"","parallax":"1","fullscreen":"1","layout":"right-sidebar","sidebar":"default-sidebar","second_sidebar":"default-sidebar","sticky_sidebar":"1","share_position":"top","share_float_style":"share-monocrhome","show_share_counter":"1","show_view_counter":"1","show_featured":"1","show_post_meta":"1","show_post_author":"1","show_post_author_image":"1","show_post_date":"1","post_date_format":"default","post_date_format_custom":"Y\/m\/d","show_post_category":"1","show_post_reading_time":"0","post_reading_time_wpm":"300","show_zoom_button":"0","zoom_button_out_step":"2","zoom_button_in_step":"3","show_post_tag":"1","show_prev_next_post":"1","show_popup_post":"1","number_popup_post":"1","show_author_box":"1","show_post_related":"0","show_inline_post_related":"0"}],"override_image_size":"0","image_override":[{"single_post_thumbnail_size":"crop-500","single_post_gallery_size":"crop-500"}],"trending_post":"0","trending_post_position":"meta","trending_post_label":"Trending","sponsored_post":"0","sponsored_post_label":"Sponsored by","sponsored_post_name":"","sponsored_post_url":"","sponsored_post_logo_enable":"0","sponsored_post_logo":"","sponsored_post_desc":"","disable_ad":"0"},"jnews_primary_category":{"id":""},"footnotes":""},"categories":[1],"tags":[],"class_list":["post-89139","post","type-post","status-publish","format-standard","has-post-thumbnail","hentry","category-uncategorized"],"aioseo_notices":[],"_links":{"self":[{"href":"https:\/\/estado29.mx\/index.php?rest_route=\/wp\/v2\/posts\/89139","targetHints":{"allow":["GET"]}}],"collection":[{"href":"https:\/\/estado29.mx\/index.php?rest_route=\/wp\/v2\/posts"}],"about":[{"href":"https:\/\/estado29.mx\/index.php?rest_route=\/wp\/v2\/types\/post"}],"author":[{"embeddable":true,"href":"https:\/\/estado29.mx\/index.php?rest_route=\/wp\/v2\/users\/7"}],"replies":[{"embeddable":true,"href":"https:\/\/estado29.mx\/index.php?rest_route=%2Fwp%2Fv2%2Fcomments&post=89139"}],"version-history":[{"count":1,"href":"https:\/\/estado29.mx\/index.php?rest_route=\/wp\/v2\/posts\/89139\/revisions"}],"predecessor-version":[{"id":89141,"href":"https:\/\/estado29.mx\/index.php?rest_route=\/wp\/v2\/posts\/89139\/revisions\/89141"}],"wp:featuredmedia":[{"embeddable":true,"href":"https:\/\/estado29.mx\/index.php?rest_route=\/wp\/v2\/media\/89140"}],"wp:attachment":[{"href":"https:\/\/estado29.mx\/index.php?rest_route=%2Fwp%2Fv2%2Fmedia&parent=89139"}],"wp:term":[{"taxonomy":"category","embeddable":true,"href":"https:\/\/estado29.mx\/index.php?rest_route=%2Fwp%2Fv2%2Fcategories&post=89139"},{"taxonomy":"post_tag","embeddable":true,"href":"https:\/\/estado29.mx\/index.php?rest_route=%2Fwp%2Fv2%2Ftags&post=89139"}],"curies":[{"name":"wp","href":"https:\/\/api.w.org\/{rel}","templated":true}]}}