{"id":89176,"date":"2024-02-27T19:13:03","date_gmt":"2024-02-27T19:13:03","guid":{"rendered":"https:\/\/estado29.mx\/?p=89176"},"modified":"2024-02-27T19:13:04","modified_gmt":"2024-02-27T19:13:04","slug":"sera-ixtenco-el-invitado-espacial-en-ferial-internacional-de-arte-efimero-y-la-dalia-huamantla-2024","status":"publish","type":"post","link":"https:\/\/estado29.mx\/?p=89176","title":{"rendered":"Ser\u00e1 Ixtenco el invitado espacial en Ferial Internacional de Arte Ef\u00edmero y la Dalia Huamantla 2024."},"content":{"rendered":"\n<p>El Presidente Municipal de Ixtenco, Renato S\u00e1nchez Rojas, extern\u00f3 que el tercer Pueblo M\u00e1gico de Tlaxcala, ser\u00e1 invitado especial dentro del marco del 150 aniversario de la Feria Internacional de Arte Ef\u00edmero y la Dalia Huamantla 2024.<\/p>\n\n\n\n<p><br>El alcalde detall\u00f3 sobre las serie de actividades que presentar\u00e1n, entre las que resalt\u00f3 muestras gastron\u00f3micas, exposiciones, presentaciones de danza y mucho m\u00e1s &#8220;seremos invitados de honor de la feria de Huamantla, Salvador tuvo la gentileza de invitarnos y creo que es muy atinado porque hay que unir a las comunidades&#8221;.<\/p>\n\n\n\n<p><br>Asimismo dijo que este evento les permitir\u00e1 mostrar sus ra\u00edces, debido a que Huamantla es reconocido a nivel internacional, por lo que esta presentaci\u00f3n y participaci\u00f3n ser\u00e1 clave &#8220;Huamantla es un gran escaparate, es una feria nacional, que se le est\u00e1 dando proyecci\u00f3n, incluso internacional, Ixtenco va a participar con una gran muestra gastron\u00f3mica, super interesante, vamos a presentar el libro fotogr\u00e1fico de Ixtenco y mucho m\u00e1s&#8221;.<\/p>\n\n\n<figure class=\"wp-block-post-featured-image\"><img loading=\"lazy\" decoding=\"async\" width=\"2560\" height=\"1920\" src=\"https:\/\/estado29.mx\/wp-content\/uploads\/2023\/06\/IMG_20230517_112845-min-1-scaled.jpg\" class=\"attachment-post-thumbnail size-post-thumbnail wp-post-image\" alt=\"\" style=\"object-fit:cover;\" srcset=\"https:\/\/estado29.mx\/wp-content\/uploads\/2023\/06\/IMG_20230517_112845-min-1-scaled.jpg 2560w, https:\/\/estado29.mx\/wp-content\/uploads\/2023\/06\/IMG_20230517_112845-min-1-300x225.jpg 300w, https:\/\/estado29.mx\/wp-content\/uploads\/2023\/06\/IMG_20230517_112845-min-1-1024x768.jpg 1024w, https:\/\/estado29.mx\/wp-content\/uploads\/2023\/06\/IMG_20230517_112845-min-1-768x576.jpg 768w, https:\/\/estado29.mx\/wp-content\/uploads\/2023\/06\/IMG_20230517_112845-min-1-1536x1152.jpg 1536w, https:\/\/estado29.mx\/wp-content\/uploads\/2023\/06\/IMG_20230517_112845-min-1-2048x1536.jpg 2048w, https:\/\/estado29.mx\/wp-content\/uploads\/2023\/06\/IMG_20230517_112845-min-1-750x563.jpg 750w, https:\/\/estado29.mx\/wp-content\/uploads\/2023\/06\/IMG_20230517_112845-min-1-1140x855.jpg 1140w\" sizes=\"auto, (max-width: 2560px) 100vw, 2560px\" \/><\/figure>","protected":false},"excerpt":{"rendered":"<p>El Presidente Municipal de Ixtenco, Renato S\u00e1nchez Rojas, extern\u00f3 que el tercer Pueblo M\u00e1gico de Tlaxcala, ser\u00e1 invitado especial dentro del marco del 150 aniversario de la Feria Internacional de Arte Ef\u00edmero y la Dalia Huamantla 2024. El alcalde detall\u00f3 sobre las serie de actividades que presentar\u00e1n, entre las que resalt\u00f3 muestras gastron\u00f3micas, exposiciones, presentaciones [&hellip;]<\/p>\n","protected":false},"author":7,"featured_media":86734,"comment_status":"open","ping_status":"open","sticky":false,"template":"","format":"standard","meta":{"om_disable_all_campaigns":false,"_monsterinsights_skip_tracking":false,"_monsterinsights_sitenote_active":false,"_monsterinsights_sitenote_note":"","_monsterinsights_sitenote_category":0,"jnews-multi-image_gallery":[],"jnews_single_post":{"subtitle":"","format":"standard","video":"","gallery":"","source_name":"","source_url":"","via_name":"","via_url":"","override_template":"0","override":[{"template":"1","single_blog_custom":"","parallax":"1","fullscreen":"1","layout":"right-sidebar","sidebar":"default-sidebar","second_sidebar":"default-sidebar","sticky_sidebar":"1","share_position":"top","share_float_style":"share-monocrhome","show_share_counter":"1","show_view_counter":"1","show_featured":"1","show_post_meta":"1","show_post_author":"1","show_post_author_image":"1","show_post_date":"1","post_date_format":"default","post_date_format_custom":"Y\/m\/d","show_post_category":"1","show_post_reading_time":"0","post_reading_time_wpm":"300","show_zoom_button":"0","zoom_button_out_step":"2","zoom_button_in_step":"3","show_post_tag":"1","show_prev_next_post":"1","show_popup_post":"1","number_popup_post":"1","show_author_box":"1","show_post_related":"0","show_inline_post_related":"0"}],"override_image_size":"0","image_override":[{"single_post_thumbnail_size":"crop-500","single_post_gallery_size":"crop-500"}],"trending_post":"0","trending_post_position":"meta","trending_post_label":"Trending","sponsored_post":"0","sponsored_post_label":"Sponsored by","sponsored_post_name":"","sponsored_post_url":"","sponsored_post_logo_enable":"0","sponsored_post_logo":"","sponsored_post_desc":"","disable_ad":"0"},"jnews_primary_category":{"id":""},"footnotes":""},"categories":[1],"tags":[],"class_list":["post-89176","post","type-post","status-publish","format-standard","has-post-thumbnail","hentry","category-uncategorized"],"aioseo_notices":[],"_links":{"self":[{"href":"https:\/\/estado29.mx\/index.php?rest_route=\/wp\/v2\/posts\/89176","targetHints":{"allow":["GET"]}}],"collection":[{"href":"https:\/\/estado29.mx\/index.php?rest_route=\/wp\/v2\/posts"}],"about":[{"href":"https:\/\/estado29.mx\/index.php?rest_route=\/wp\/v2\/types\/post"}],"author":[{"embeddable":true,"href":"https:\/\/estado29.mx\/index.php?rest_route=\/wp\/v2\/users\/7"}],"replies":[{"embeddable":true,"href":"https:\/\/estado29.mx\/index.php?rest_route=%2Fwp%2Fv2%2Fcomments&post=89176"}],"version-history":[{"count":1,"href":"https:\/\/estado29.mx\/index.php?rest_route=\/wp\/v2\/posts\/89176\/revisions"}],"predecessor-version":[{"id":89177,"href":"https:\/\/estado29.mx\/index.php?rest_route=\/wp\/v2\/posts\/89176\/revisions\/89177"}],"wp:featuredmedia":[{"embeddable":true,"href":"https:\/\/estado29.mx\/index.php?rest_route=\/wp\/v2\/media\/86734"}],"wp:attachment":[{"href":"https:\/\/estado29.mx\/index.php?rest_route=%2Fwp%2Fv2%2Fmedia&parent=89176"}],"wp:term":[{"taxonomy":"category","embeddable":true,"href":"https:\/\/estado29.mx\/index.php?rest_route=%2Fwp%2Fv2%2Fcategories&post=89176"},{"taxonomy":"post_tag","embeddable":true,"href":"https:\/\/estado29.mx\/index.php?rest_route=%2Fwp%2Fv2%2Ftags&post=89176"}],"curies":[{"name":"wp","href":"https:\/\/api.w.org\/{rel}","templated":true}]}}