{"id":89184,"date":"2024-02-29T19:30:50","date_gmt":"2024-02-29T19:30:50","guid":{"rendered":"https:\/\/estado29.mx\/?p=89184"},"modified":"2024-02-29T19:30:51","modified_gmt":"2024-02-29T19:30:51","slug":"entrega-ayuntamiento-de-ixtenco-ambulancia-a-dif-municipal","status":"publish","type":"post","link":"https:\/\/estado29.mx\/?p=89184","title":{"rendered":"Entrega ayuntamiento de Ixtenco ambulancia a DIF municipal."},"content":{"rendered":"\n<p>El Presidente Municipal de Ixtenco, Renato S\u00e1nchez Rojas, detall\u00f3 que en d\u00edas anteriores, el ayuntamiento realiz\u00f3 la entrega al Dif del lugar, de una ambulancia equipada, la cual estar\u00e1 a disposici\u00f3n de los ciudadanos que requieran alg\u00fan tipo de atenci\u00f3n.<\/p>\n\n\n\n<p><br>S\u00e1nchez Rojas, agreg\u00f3 que esta ambulancia quir\u00f3fano, tuvo un costo aproximado de 700 mil pesos \u201csi es una ambulancia totalmente equipada, proviene de Texas, es una ambulancia-quir\u00f3fano y bueno, pues est\u00e1 ya a la disposici\u00f3n\u201d.<\/p>\n\n\n\n<p><br>S\u00e1nchez Rojas destac\u00f3 que se realizan los tr\u00e1mites necesarios para que esta ambulancia pues ser presentada a los ciudadanos \u201cahorita estamos haciendo todos los tr\u00e1mites para acreditarla debidamente, de acuerdo a los protocolos, debe tener un enfermero y un param\u00e9dico, un chofer acreditado, no solo es la unidad, sino todo lo que conlleva, en esa parte estamos trabajando ya para poder formalmente presentarla a la ciudadan\u00eda\u201d.<\/p>\n\n\n<figure class=\"wp-block-post-featured-image\"><img loading=\"lazy\" decoding=\"async\" width=\"2560\" height=\"1653\" src=\"https:\/\/estado29.mx\/wp-content\/uploads\/2023\/12\/IMG_20231113_1339432-scaled.jpg\" class=\"attachment-post-thumbnail size-post-thumbnail wp-post-image\" alt=\"\" style=\"object-fit:cover;\" srcset=\"https:\/\/estado29.mx\/wp-content\/uploads\/2023\/12\/IMG_20231113_1339432-scaled.jpg 2560w, https:\/\/estado29.mx\/wp-content\/uploads\/2023\/12\/IMG_20231113_1339432-300x194.jpg 300w, https:\/\/estado29.mx\/wp-content\/uploads\/2023\/12\/IMG_20231113_1339432-1024x661.jpg 1024w, https:\/\/estado29.mx\/wp-content\/uploads\/2023\/12\/IMG_20231113_1339432-768x496.jpg 768w, https:\/\/estado29.mx\/wp-content\/uploads\/2023\/12\/IMG_20231113_1339432-1536x992.jpg 1536w, https:\/\/estado29.mx\/wp-content\/uploads\/2023\/12\/IMG_20231113_1339432-2048x1323.jpg 2048w, https:\/\/estado29.mx\/wp-content\/uploads\/2023\/12\/IMG_20231113_1339432-750x484.jpg 750w, https:\/\/estado29.mx\/wp-content\/uploads\/2023\/12\/IMG_20231113_1339432-1140x736.jpg 1140w\" sizes=\"auto, (max-width: 2560px) 100vw, 2560px\" \/><\/figure>","protected":false},"excerpt":{"rendered":"<p>El Presidente Municipal de Ixtenco, Renato S\u00e1nchez Rojas, detall\u00f3 que en d\u00edas anteriores, el ayuntamiento realiz\u00f3 la entrega al Dif del lugar, de una ambulancia equipada, la cual estar\u00e1 a disposici\u00f3n de los ciudadanos que requieran alg\u00fan tipo de atenci\u00f3n. S\u00e1nchez Rojas, agreg\u00f3 que esta ambulancia quir\u00f3fano, tuvo un costo aproximado de 700 mil pesos [&hellip;]<\/p>\n","protected":false},"author":7,"featured_media":88617,"comment_status":"open","ping_status":"open","sticky":false,"template":"","format":"standard","meta":{"om_disable_all_campaigns":false,"_monsterinsights_skip_tracking":false,"_monsterinsights_sitenote_active":false,"_monsterinsights_sitenote_note":"","_monsterinsights_sitenote_category":0,"jnews-multi-image_gallery":[],"jnews_single_post":{"subtitle":"","format":"standard","video":"","gallery":"","source_name":"","source_url":"","via_name":"","via_url":"","override_template":"0","override":[{"template":"1","single_blog_custom":"","parallax":"1","fullscreen":"1","layout":"right-sidebar","sidebar":"default-sidebar","second_sidebar":"default-sidebar","sticky_sidebar":"1","share_position":"top","share_float_style":"share-monocrhome","show_share_counter":"1","show_view_counter":"1","show_featured":"1","show_post_meta":"1","show_post_author":"1","show_post_author_image":"1","show_post_date":"1","post_date_format":"default","post_date_format_custom":"Y\/m\/d","show_post_category":"1","show_post_reading_time":"0","post_reading_time_wpm":"300","show_zoom_button":"0","zoom_button_out_step":"2","zoom_button_in_step":"3","show_post_tag":"1","show_prev_next_post":"1","show_popup_post":"1","number_popup_post":"1","show_author_box":"1","show_post_related":"0","show_inline_post_related":"0"}],"override_image_size":"0","image_override":[{"single_post_thumbnail_size":"crop-500","single_post_gallery_size":"crop-500"}],"trending_post":"0","trending_post_position":"meta","trending_post_label":"Trending","sponsored_post":"0","sponsored_post_label":"Sponsored by","sponsored_post_name":"","sponsored_post_url":"","sponsored_post_logo_enable":"0","sponsored_post_logo":"","sponsored_post_desc":"","disable_ad":"0"},"jnews_primary_category":{"id":""},"footnotes":""},"categories":[1],"tags":[],"class_list":["post-89184","post","type-post","status-publish","format-standard","has-post-thumbnail","hentry","category-uncategorized"],"aioseo_notices":[],"_links":{"self":[{"href":"https:\/\/estado29.mx\/index.php?rest_route=\/wp\/v2\/posts\/89184","targetHints":{"allow":["GET"]}}],"collection":[{"href":"https:\/\/estado29.mx\/index.php?rest_route=\/wp\/v2\/posts"}],"about":[{"href":"https:\/\/estado29.mx\/index.php?rest_route=\/wp\/v2\/types\/post"}],"author":[{"embeddable":true,"href":"https:\/\/estado29.mx\/index.php?rest_route=\/wp\/v2\/users\/7"}],"replies":[{"embeddable":true,"href":"https:\/\/estado29.mx\/index.php?rest_route=%2Fwp%2Fv2%2Fcomments&post=89184"}],"version-history":[{"count":1,"href":"https:\/\/estado29.mx\/index.php?rest_route=\/wp\/v2\/posts\/89184\/revisions"}],"predecessor-version":[{"id":89185,"href":"https:\/\/estado29.mx\/index.php?rest_route=\/wp\/v2\/posts\/89184\/revisions\/89185"}],"wp:featuredmedia":[{"embeddable":true,"href":"https:\/\/estado29.mx\/index.php?rest_route=\/wp\/v2\/media\/88617"}],"wp:attachment":[{"href":"https:\/\/estado29.mx\/index.php?rest_route=%2Fwp%2Fv2%2Fmedia&parent=89184"}],"wp:term":[{"taxonomy":"category","embeddable":true,"href":"https:\/\/estado29.mx\/index.php?rest_route=%2Fwp%2Fv2%2Fcategories&post=89184"},{"taxonomy":"post_tag","embeddable":true,"href":"https:\/\/estado29.mx\/index.php?rest_route=%2Fwp%2Fv2%2Ftags&post=89184"}],"curies":[{"name":"wp","href":"https:\/\/api.w.org\/{rel}","templated":true}]}}