{"id":89191,"date":"2024-03-01T02:08:43","date_gmt":"2024-03-01T02:08:43","guid":{"rendered":"https:\/\/estado29.mx\/?p=89191"},"modified":"2024-03-01T02:08:44","modified_gmt":"2024-03-01T02:08:44","slug":"rinden-homenaje-postumo-en-huamantla-a-alfonso-hernandez-castillo","status":"publish","type":"post","link":"https:\/\/estado29.mx\/?p=89191","title":{"rendered":"Rinden homenaje p\u00f3stumo en Huamantla a Alfonso Hern\u00e1ndez Castillo."},"content":{"rendered":"\n<p>Este jueves 29 de febrero del a\u00f1o en curso, la Secretar\u00eda de Cultura de Tlaxcala, coordinaci\u00f3n con el Centro Cultural Huamantla, rindieron homenaje p\u00f3stumo al se\u00f1or Alfonso Hern\u00e1ndez Castillo, quien fue recordado por toda la trayectoria que realiz\u00f3 en vida, el evento se llev\u00f3 a cabo en el Museo Nacional del T\u00edtere, Rosete Aranda de Huamantla.<\/p>\n\n\n\n<figure class=\"wp-block-image size-full\"><img loading=\"lazy\" decoding=\"async\" width=\"613\" height=\"614\" src=\"https:\/\/estado29.mx\/wp-content\/uploads\/2024\/03\/50963d7f63c64c5f9aed01bdd3d1cbe32.jpg\" alt=\"\" class=\"wp-image-89193\" srcset=\"https:\/\/estado29.mx\/wp-content\/uploads\/2024\/03\/50963d7f63c64c5f9aed01bdd3d1cbe32.jpg 613w, https:\/\/estado29.mx\/wp-content\/uploads\/2024\/03\/50963d7f63c64c5f9aed01bdd3d1cbe32-300x300.jpg 300w, https:\/\/estado29.mx\/wp-content\/uploads\/2024\/03\/50963d7f63c64c5f9aed01bdd3d1cbe32-150x150.jpg 150w, https:\/\/estado29.mx\/wp-content\/uploads\/2024\/03\/50963d7f63c64c5f9aed01bdd3d1cbe32-75x75.jpg 75w, https:\/\/estado29.mx\/wp-content\/uploads\/2024\/03\/50963d7f63c64c5f9aed01bdd3d1cbe32-350x350.jpg 350w\" sizes=\"auto, (max-width: 613px) 100vw, 613px\" \/><\/figure>\n\n\n\n<p><br>Jos\u00e9 Hern\u00e1ndez Castillo, hermano de Alfonso, comparti\u00f3 con el auditorio del evento, algunas de las muchas vivencias que tuvieron.<\/p>\n\n\n\n<p><br>Por su parte Antonio Mart\u00ednez Vel\u00e1zquez, Secretario de Cultura en Tlaxcala, quien reconoci\u00f3 su trayectoria de vida, pidi\u00f3 un minuto de aplausos para recordarle, y reconocerle por toda la labor que desempe\u00f1\u00f3.<\/p>\n\n\n<figure class=\"wp-block-post-featured-image\"><img loading=\"lazy\" decoding=\"async\" width=\"2560\" height=\"1920\" src=\"https:\/\/estado29.mx\/wp-content\/uploads\/2024\/03\/IMG_20240229_173847-min-scaled.jpg\" class=\"attachment-post-thumbnail size-post-thumbnail wp-post-image\" alt=\"\" style=\"object-fit:cover;\" srcset=\"https:\/\/estado29.mx\/wp-content\/uploads\/2024\/03\/IMG_20240229_173847-min-scaled.jpg 2560w, https:\/\/estado29.mx\/wp-content\/uploads\/2024\/03\/IMG_20240229_173847-min-300x225.jpg 300w, https:\/\/estado29.mx\/wp-content\/uploads\/2024\/03\/IMG_20240229_173847-min-1024x768.jpg 1024w, https:\/\/estado29.mx\/wp-content\/uploads\/2024\/03\/IMG_20240229_173847-min-768x576.jpg 768w, https:\/\/estado29.mx\/wp-content\/uploads\/2024\/03\/IMG_20240229_173847-min-1536x1152.jpg 1536w, https:\/\/estado29.mx\/wp-content\/uploads\/2024\/03\/IMG_20240229_173847-min-2048x1536.jpg 2048w, https:\/\/estado29.mx\/wp-content\/uploads\/2024\/03\/IMG_20240229_173847-min-750x563.jpg 750w, https:\/\/estado29.mx\/wp-content\/uploads\/2024\/03\/IMG_20240229_173847-min-1140x855.jpg 1140w\" sizes=\"auto, (max-width: 2560px) 100vw, 2560px\" \/><\/figure>\n\n\n<p><br>Asimismo, Beatriz Paredes Rangel quien fue amiga de Alfonso Hern\u00e1ndez Castillo, como muchos de los que presenciaron el evento, externaron sus experiencias vividas al lado de este personaje destacado y recordado principalmente por su gusto por la radio y la labor desempe\u00f1ada en diversos medios de comunicaci\u00f3n.<\/p>\n","protected":false},"excerpt":{"rendered":"<p>Este jueves 29 de febrero del a\u00f1o en curso, la Secretar\u00eda de Cultura de Tlaxcala, coordinaci\u00f3n con el Centro Cultural Huamantla, rindieron homenaje p\u00f3stumo al se\u00f1or Alfonso Hern\u00e1ndez Castillo, quien fue recordado por toda la trayectoria que realiz\u00f3 en vida, el evento se llev\u00f3 a cabo en el Museo Nacional del T\u00edtere, Rosete Aranda de [&hellip;]<\/p>\n","protected":false},"author":7,"featured_media":89192,"comment_status":"open","ping_status":"open","sticky":false,"template":"","format":"standard","meta":{"om_disable_all_campaigns":false,"_monsterinsights_skip_tracking":false,"_monsterinsights_sitenote_active":false,"_monsterinsights_sitenote_note":"","_monsterinsights_sitenote_category":0,"jnews-multi-image_gallery":[],"jnews_single_post":{"subtitle":"","format":"standard","video":"","gallery":"","source_name":"","source_url":"","via_name":"","via_url":"","override_template":"0","override":[{"template":"1","single_blog_custom":"","parallax":"1","fullscreen":"1","layout":"right-sidebar","sidebar":"default-sidebar","second_sidebar":"default-sidebar","sticky_sidebar":"1","share_position":"top","share_float_style":"share-monocrhome","show_share_counter":"1","show_view_counter":"1","show_featured":"1","show_post_meta":"1","show_post_author":"1","show_post_author_image":"1","show_post_date":"1","post_date_format":"default","post_date_format_custom":"Y\/m\/d","show_post_category":"1","show_post_reading_time":"0","post_reading_time_wpm":"300","show_zoom_button":"0","zoom_button_out_step":"2","zoom_button_in_step":"3","show_post_tag":"1","show_prev_next_post":"1","show_popup_post":"1","number_popup_post":"1","show_author_box":"1","show_post_related":"0","show_inline_post_related":"0"}],"override_image_size":"0","image_override":[{"single_post_thumbnail_size":"crop-500","single_post_gallery_size":"crop-500"}],"trending_post":"0","trending_post_position":"meta","trending_post_label":"Trending","sponsored_post":"0","sponsored_post_label":"Sponsored by","sponsored_post_name":"","sponsored_post_url":"","sponsored_post_logo_enable":"0","sponsored_post_logo":"","sponsored_post_desc":"","disable_ad":"0"},"jnews_primary_category":{"id":""},"footnotes":""},"categories":[1],"tags":[],"class_list":["post-89191","post","type-post","status-publish","format-standard","has-post-thumbnail","hentry","category-uncategorized"],"aioseo_notices":[],"_links":{"self":[{"href":"https:\/\/estado29.mx\/index.php?rest_route=\/wp\/v2\/posts\/89191","targetHints":{"allow":["GET"]}}],"collection":[{"href":"https:\/\/estado29.mx\/index.php?rest_route=\/wp\/v2\/posts"}],"about":[{"href":"https:\/\/estado29.mx\/index.php?rest_route=\/wp\/v2\/types\/post"}],"author":[{"embeddable":true,"href":"https:\/\/estado29.mx\/index.php?rest_route=\/wp\/v2\/users\/7"}],"replies":[{"embeddable":true,"href":"https:\/\/estado29.mx\/index.php?rest_route=%2Fwp%2Fv2%2Fcomments&post=89191"}],"version-history":[{"count":1,"href":"https:\/\/estado29.mx\/index.php?rest_route=\/wp\/v2\/posts\/89191\/revisions"}],"predecessor-version":[{"id":89194,"href":"https:\/\/estado29.mx\/index.php?rest_route=\/wp\/v2\/posts\/89191\/revisions\/89194"}],"wp:featuredmedia":[{"embeddable":true,"href":"https:\/\/estado29.mx\/index.php?rest_route=\/wp\/v2\/media\/89192"}],"wp:attachment":[{"href":"https:\/\/estado29.mx\/index.php?rest_route=%2Fwp%2Fv2%2Fmedia&parent=89191"}],"wp:term":[{"taxonomy":"category","embeddable":true,"href":"https:\/\/estado29.mx\/index.php?rest_route=%2Fwp%2Fv2%2Fcategories&post=89191"},{"taxonomy":"post_tag","embeddable":true,"href":"https:\/\/estado29.mx\/index.php?rest_route=%2Fwp%2Fv2%2Ftags&post=89191"}],"curies":[{"name":"wp","href":"https:\/\/api.w.org\/{rel}","templated":true}]}}