{"id":89208,"date":"2024-03-05T19:09:21","date_gmt":"2024-03-05T19:09:21","guid":{"rendered":"https:\/\/estado29.mx\/?p=89208"},"modified":"2024-03-05T19:09:22","modified_gmt":"2024-03-05T19:09:22","slug":"realizara-caminata-centro-de-salud-urbano-de-huamantla","status":"publish","type":"post","link":"https:\/\/estado29.mx\/?p=89208","title":{"rendered":"Realizar\u00e1 caminata Centro de Salud Urbano de Huamantla."},"content":{"rendered":"\n<p>Con motivo de la celebraci\u00f3n del D\u00eda Internacional de la Mujer, Agust\u00edn V\u00e9lez P\u00e9rez, Jefe de la Jurisdicci\u00f3n Sanitaria II, Huamantla, refiri\u00f3 que el pr\u00f3ximo viernes ocho de marzo del a\u00f1o en curso, el Centro de Salud Urbano, ubicado en esta ciudad, realizar\u00e1 una caminata, a partir de las nueve de la ma\u00f1ana, en la que participar\u00e1 personal de este centro de salud, pacientes de ayuda mutua, servicios amigables, entre otros grupos m\u00e1s \u201cel Centro de Salud Urbano de Huamantla, est\u00e1 organizando un caminata que se va a llevar a cabo el pr\u00f3ximo viernes ocho de marzo, va a iniciar desde el centro de salud y va a salir hacia el Parque Ju\u00e1rez, para regresar nuevamente\u201d.<\/p>\n\n\n<figure class=\"wp-block-post-featured-image\"><img loading=\"lazy\" decoding=\"async\" width=\"2560\" height=\"1920\" src=\"https:\/\/estado29.mx\/wp-content\/uploads\/2024\/03\/IMG_20240305_111240-min-scaled.jpg\" class=\"attachment-post-thumbnail size-post-thumbnail wp-post-image\" alt=\"\" style=\"object-fit:cover;\" srcset=\"https:\/\/estado29.mx\/wp-content\/uploads\/2024\/03\/IMG_20240305_111240-min-scaled.jpg 2560w, https:\/\/estado29.mx\/wp-content\/uploads\/2024\/03\/IMG_20240305_111240-min-300x225.jpg 300w, https:\/\/estado29.mx\/wp-content\/uploads\/2024\/03\/IMG_20240305_111240-min-1024x768.jpg 1024w, https:\/\/estado29.mx\/wp-content\/uploads\/2024\/03\/IMG_20240305_111240-min-768x576.jpg 768w, https:\/\/estado29.mx\/wp-content\/uploads\/2024\/03\/IMG_20240305_111240-min-1536x1152.jpg 1536w, https:\/\/estado29.mx\/wp-content\/uploads\/2024\/03\/IMG_20240305_111240-min-2048x1536.jpg 2048w, https:\/\/estado29.mx\/wp-content\/uploads\/2024\/03\/IMG_20240305_111240-min-750x563.jpg 750w, https:\/\/estado29.mx\/wp-content\/uploads\/2024\/03\/IMG_20240305_111240-min-1140x855.jpg 1140w\" sizes=\"auto, (max-width: 2560px) 100vw, 2560px\" \/><\/figure>\n\n\n<p>V\u00e9lez P\u00e9rez, extendi\u00f3 la invitaci\u00f3n a la ciudadan\u00eda que desee sumarse a esta caminata \u201cvan a participar integrantes del propio personal del Centro de Salud Urbano, pacientes del grupo de ayuda mutua, servicios amigables y pues en fin, la invitaci\u00f3n est\u00e1 extensiva para todos los que gusten acompa\u00f1arnos, tanto de otras instituciones o poblaci\u00f3n en general, pacientes, familiares, ahora si que, pues este d\u00eda es como muy importante para poder reconocer, pues la labor de todas las mujeres, es muy representativo para nosotros que podamos llevar a cabo esta actividad\u201d.<\/p>\n","protected":false},"excerpt":{"rendered":"<p>Con motivo de la celebraci\u00f3n del D\u00eda Internacional de la Mujer, Agust\u00edn V\u00e9lez P\u00e9rez, Jefe de la Jurisdicci\u00f3n Sanitaria II, Huamantla, refiri\u00f3 que el pr\u00f3ximo viernes ocho de marzo del a\u00f1o en curso, el Centro de Salud Urbano, ubicado en esta ciudad, realizar\u00e1 una caminata, a partir de las nueve de la ma\u00f1ana, en la [&hellip;]<\/p>\n","protected":false},"author":7,"featured_media":89209,"comment_status":"open","ping_status":"open","sticky":false,"template":"","format":"standard","meta":{"om_disable_all_campaigns":false,"_monsterinsights_skip_tracking":false,"_monsterinsights_sitenote_active":false,"_monsterinsights_sitenote_note":"","_monsterinsights_sitenote_category":0,"jnews-multi-image_gallery":[],"jnews_single_post":[],"jnews_primary_category":[],"footnotes":""},"categories":[1],"tags":[],"class_list":["post-89208","post","type-post","status-publish","format-standard","has-post-thumbnail","hentry","category-uncategorized"],"aioseo_notices":[],"_links":{"self":[{"href":"https:\/\/estado29.mx\/index.php?rest_route=\/wp\/v2\/posts\/89208","targetHints":{"allow":["GET"]}}],"collection":[{"href":"https:\/\/estado29.mx\/index.php?rest_route=\/wp\/v2\/posts"}],"about":[{"href":"https:\/\/estado29.mx\/index.php?rest_route=\/wp\/v2\/types\/post"}],"author":[{"embeddable":true,"href":"https:\/\/estado29.mx\/index.php?rest_route=\/wp\/v2\/users\/7"}],"replies":[{"embeddable":true,"href":"https:\/\/estado29.mx\/index.php?rest_route=%2Fwp%2Fv2%2Fcomments&post=89208"}],"version-history":[{"count":1,"href":"https:\/\/estado29.mx\/index.php?rest_route=\/wp\/v2\/posts\/89208\/revisions"}],"predecessor-version":[{"id":89210,"href":"https:\/\/estado29.mx\/index.php?rest_route=\/wp\/v2\/posts\/89208\/revisions\/89210"}],"wp:featuredmedia":[{"embeddable":true,"href":"https:\/\/estado29.mx\/index.php?rest_route=\/wp\/v2\/media\/89209"}],"wp:attachment":[{"href":"https:\/\/estado29.mx\/index.php?rest_route=%2Fwp%2Fv2%2Fmedia&parent=89208"}],"wp:term":[{"taxonomy":"category","embeddable":true,"href":"https:\/\/estado29.mx\/index.php?rest_route=%2Fwp%2Fv2%2Fcategories&post=89208"},{"taxonomy":"post_tag","embeddable":true,"href":"https:\/\/estado29.mx\/index.php?rest_route=%2Fwp%2Fv2%2Ftags&post=89208"}],"curies":[{"name":"wp","href":"https:\/\/api.w.org\/{rel}","templated":true}]}}