{"id":89214,"date":"2024-03-06T18:59:28","date_gmt":"2024-03-06T18:59:28","guid":{"rendered":"https:\/\/estado29.mx\/?p=89214"},"modified":"2024-03-06T18:59:29","modified_gmt":"2024-03-06T18:59:29","slug":"emite-jurisdiccion-sanitaria-il-huamantla-medidas-preventivas-ante-caida-de-ceniza-volcanica","status":"publish","type":"post","link":"https:\/\/estado29.mx\/?p=89214","title":{"rendered":"Emite Jurisdicci\u00f3n Sanitaria Il Huamantla medidas preventivas ante ca\u00edda de ceniza volc\u00e1nica."},"content":{"rendered":"\n<p>Agust\u00edn V\u00e9lez P\u00e9rez, Jefe de la Jurisdicci\u00f3n Sanitaria II Huamantla, ante la ca\u00edda de ceniza de los \u00faltimos d\u00edas, por la actividad del Volc\u00e1n Popocat\u00e9petl, emiti\u00f3 algunas medidas de recomendaci\u00f3n, para evitar problemas de salud, principalmente en vista y v\u00edas respiratorias.<\/p>\n\n\n\n<p><br>V\u00e9lez P\u00e9rez, agreg\u00f3 que actualmente el sem\u00e1foro de alerta se encuentra en Amarillo, Fase II, por lo que es importante prevenir y evitar hacer actividades al aire libre \u201ctambi\u00e9n tenemos aunado que estamos el la fase dos, de la actividad del Popocat\u00e9petl y oyes tambi\u00e9n tenemos que prevenir la exposici\u00f3n a la ceniza volc\u00e1nica, porque tambi\u00e9n puede afectarnos las v\u00edas respiratorias, los ojos, podemos tener irritaci\u00f3n\u201d.<\/p>\n\n\n\n<p><br>Asimismo, el Jefe de la Jurisdicci\u00f3n Sanitaria, pidi\u00f3 a la ciudadan\u00eda, usar cobre bocas mientras se mantengan expuestos al aire libre \u201ctambi\u00e9n lo recomendable es de momento no realizar muchas actividades al aire libre por esta situaci\u00f3n, si es posible usar cubre bocas, aunque est\u00e9 uno en el exterior, pues para evitar ingerir este tipo de ceniza volc\u00e1nica que pues, pr\u00e1cticamente, es roca pulverizada y entonces si puede da\u00f1ar nuestras v\u00edas respiratorias\u201d.<\/p>\n\n\n<figure class=\"wp-block-post-featured-image\"><img loading=\"lazy\" decoding=\"async\" width=\"720\" height=\"900\" src=\"https:\/\/estado29.mx\/wp-content\/uploads\/2024\/03\/FB_IMG_1709686594999.jpg\" class=\"attachment-post-thumbnail size-post-thumbnail wp-post-image\" alt=\"\" style=\"object-fit:cover;\" srcset=\"https:\/\/estado29.mx\/wp-content\/uploads\/2024\/03\/FB_IMG_1709686594999.jpg 720w, https:\/\/estado29.mx\/wp-content\/uploads\/2024\/03\/FB_IMG_1709686594999-240x300.jpg 240w\" sizes=\"auto, (max-width: 720px) 100vw, 720px\" \/><\/figure>","protected":false},"excerpt":{"rendered":"<p>Agust\u00edn V\u00e9lez P\u00e9rez, Jefe de la Jurisdicci\u00f3n Sanitaria II Huamantla, ante la ca\u00edda de ceniza de los \u00faltimos d\u00edas, por la actividad del Volc\u00e1n Popocat\u00e9petl, emiti\u00f3 algunas medidas de recomendaci\u00f3n, para evitar problemas de salud, principalmente en vista y v\u00edas respiratorias. V\u00e9lez P\u00e9rez, agreg\u00f3 que actualmente el sem\u00e1foro de alerta se encuentra en Amarillo, Fase [&hellip;]<\/p>\n","protected":false},"author":7,"featured_media":89215,"comment_status":"open","ping_status":"open","sticky":false,"template":"","format":"standard","meta":{"om_disable_all_campaigns":false,"_monsterinsights_skip_tracking":false,"_monsterinsights_sitenote_active":false,"_monsterinsights_sitenote_note":"","_monsterinsights_sitenote_category":0,"jnews-multi-image_gallery":[],"jnews_single_post":{"subtitle":"","format":"standard","video":"","gallery":"","source_name":"","source_url":"","via_name":"","via_url":"","override_template":"0","override":[{"template":"1","single_blog_custom":"","parallax":"1","fullscreen":"1","layout":"right-sidebar","sidebar":"default-sidebar","second_sidebar":"default-sidebar","sticky_sidebar":"1","share_position":"top","share_float_style":"share-monocrhome","show_share_counter":"1","show_view_counter":"1","show_featured":"1","show_post_meta":"1","show_post_author":"1","show_post_author_image":"1","show_post_date":"1","post_date_format":"default","post_date_format_custom":"Y\/m\/d","show_post_category":"1","show_post_reading_time":"0","post_reading_time_wpm":"300","show_zoom_button":"0","zoom_button_out_step":"2","zoom_button_in_step":"3","show_post_tag":"1","show_prev_next_post":"1","show_popup_post":"1","number_popup_post":"1","show_author_box":"1","show_post_related":"0","show_inline_post_related":"0"}],"override_image_size":"0","image_override":[{"single_post_thumbnail_size":"crop-500","single_post_gallery_size":"crop-500"}],"trending_post":"0","trending_post_position":"meta","trending_post_label":"Trending","sponsored_post":"0","sponsored_post_label":"Sponsored by","sponsored_post_name":"","sponsored_post_url":"","sponsored_post_logo_enable":"0","sponsored_post_logo":"","sponsored_post_desc":"","disable_ad":"0"},"jnews_primary_category":{"id":""},"footnotes":""},"categories":[1],"tags":[],"class_list":["post-89214","post","type-post","status-publish","format-standard","has-post-thumbnail","hentry","category-uncategorized"],"aioseo_notices":[],"_links":{"self":[{"href":"https:\/\/estado29.mx\/index.php?rest_route=\/wp\/v2\/posts\/89214","targetHints":{"allow":["GET"]}}],"collection":[{"href":"https:\/\/estado29.mx\/index.php?rest_route=\/wp\/v2\/posts"}],"about":[{"href":"https:\/\/estado29.mx\/index.php?rest_route=\/wp\/v2\/types\/post"}],"author":[{"embeddable":true,"href":"https:\/\/estado29.mx\/index.php?rest_route=\/wp\/v2\/users\/7"}],"replies":[{"embeddable":true,"href":"https:\/\/estado29.mx\/index.php?rest_route=%2Fwp%2Fv2%2Fcomments&post=89214"}],"version-history":[{"count":1,"href":"https:\/\/estado29.mx\/index.php?rest_route=\/wp\/v2\/posts\/89214\/revisions"}],"predecessor-version":[{"id":89216,"href":"https:\/\/estado29.mx\/index.php?rest_route=\/wp\/v2\/posts\/89214\/revisions\/89216"}],"wp:featuredmedia":[{"embeddable":true,"href":"https:\/\/estado29.mx\/index.php?rest_route=\/wp\/v2\/media\/89215"}],"wp:attachment":[{"href":"https:\/\/estado29.mx\/index.php?rest_route=%2Fwp%2Fv2%2Fmedia&parent=89214"}],"wp:term":[{"taxonomy":"category","embeddable":true,"href":"https:\/\/estado29.mx\/index.php?rest_route=%2Fwp%2Fv2%2Fcategories&post=89214"},{"taxonomy":"post_tag","embeddable":true,"href":"https:\/\/estado29.mx\/index.php?rest_route=%2Fwp%2Fv2%2Ftags&post=89214"}],"curies":[{"name":"wp","href":"https:\/\/api.w.org\/{rel}","templated":true}]}}