{"id":89230,"date":"2024-03-11T19:58:29","date_gmt":"2024-03-11T19:58:29","guid":{"rendered":"https:\/\/estado29.mx\/?p=89230"},"modified":"2024-03-11T20:02:36","modified_gmt":"2024-03-11T20:02:36","slug":"especial-representacion-viacrucis-semana-santa-tequexquitla-2024-vida-pasion-y-muerte-de-cristo-edicion-37","status":"publish","type":"post","link":"https:\/\/estado29.mx\/?p=89230","title":{"rendered":"Especial: Representaci\u00f3n Viacrucis Semana Santa  Tequexquitla 2024 Vida, Pasi\u00f3n y Muerte de Cristo Edici\u00f3n 37."},"content":{"rendered":"\n<p>Amigos de Radio Huamantla, como es bien sabido a nivel regional, la celebraci\u00f3n de la Semana Santa en el Municipio de El Carmen Tequexquitla, es un evento que ha resaltado al lugar por la Representaci\u00f3n en vivo del Viacrucis, celebrado por a\u00f1os.<\/p>\n\n\n\n<p><br>Es por ello que acudimos con el se\u00f1or V\u00edctor D\u00edaz Morales, quien desde hace 29 a\u00f1os representa al Grupo Cristo Rey, y que ha participado en este grupo desde sus inicios.<\/p>\n\n\n\n<figure class=\"wp-block-image size-full is-resized\"><img loading=\"lazy\" decoding=\"async\" src=\"https:\/\/estado29.mx\/wp-content\/uploads\/2024\/03\/FB_IMG_1710182480258.jpg\" alt=\"\" class=\"wp-image-89233\" width=\"330\" height=\"243\" \/><figcaption>Imagen proporcionada por el Grupo Cristo Rey de El Carmen Tequexquitla.<\/figcaption><\/figure>\n\n\n\n<p><br>En esta entrevista, detall\u00f3 c\u00f3mo es que surge la idea de realizar la representaci\u00f3n de la Vida, Pasi\u00f3n, Muerte y Resurrecci\u00f3n de Cristo, evento que ya es tradici\u00f3n en el lugar, pues desde 1987 a la fecha ha ido evolucionando y se han ido agregado pasajes b\u00edblicos y personajes, con el pasar de los a\u00f1os \u201csi mire, la inquietud de hacer el grupo, viene del padre Jos\u00e9 Rojas, hace aproximadamente 37 a\u00f1os, \u00e9l lleg\u00f3 aqu\u00ed en 1987, hizo la convocatoria para invitar a los feligreses de Tequexquitla a hacer la representaci\u00f3n de la Vida, Pasi\u00f3n y Muerte de Jes\u00fas, en aquellos tiempos estuvo al frente de la narraci\u00f3n, El\u00edas Gonz\u00e1lez, de hecho, fue la primer familia que se adhiri\u00f3 al grupo de la Semana Santa\u201d.<\/p>\n\n\n<figure class=\"wp-block-post-featured-image\"><img loading=\"lazy\" decoding=\"async\" width=\"2560\" height=\"1920\" src=\"https:\/\/estado29.mx\/wp-content\/uploads\/2024\/03\/IMG_20240310_142910-min-1-scaled.jpg\" class=\"attachment-post-thumbnail size-post-thumbnail wp-post-image\" alt=\"\" style=\"object-fit:cover;\" srcset=\"https:\/\/estado29.mx\/wp-content\/uploads\/2024\/03\/IMG_20240310_142910-min-1-scaled.jpg 2560w, https:\/\/estado29.mx\/wp-content\/uploads\/2024\/03\/IMG_20240310_142910-min-1-300x225.jpg 300w, https:\/\/estado29.mx\/wp-content\/uploads\/2024\/03\/IMG_20240310_142910-min-1-1024x768.jpg 1024w, https:\/\/estado29.mx\/wp-content\/uploads\/2024\/03\/IMG_20240310_142910-min-1-768x576.jpg 768w, https:\/\/estado29.mx\/wp-content\/uploads\/2024\/03\/IMG_20240310_142910-min-1-1536x1152.jpg 1536w, https:\/\/estado29.mx\/wp-content\/uploads\/2024\/03\/IMG_20240310_142910-min-1-2048x1536.jpg 2048w, https:\/\/estado29.mx\/wp-content\/uploads\/2024\/03\/IMG_20240310_142910-min-1-750x563.jpg 750w, https:\/\/estado29.mx\/wp-content\/uploads\/2024\/03\/IMG_20240310_142910-min-1-1140x855.jpg 1140w\" sizes=\"auto, (max-width: 2560px) 100vw, 2560px\" \/><\/figure>\n\n\n<p><br>\u201cm\u00e1s tarde se fueron encontrando mejores actuaciones de actividad religiosa, de entre los que todav\u00eda siguen en el grupo a estas fechas es Delfino Salazar y Enrique Valadez, todav\u00eda siguen con nosotros, la verdad es que si es una trayectoria muy grande, hemos tenido pormenores buenos y malos, en aquellos tiempos el vestuario era muy rudimentario, hoy en d\u00eda vamos adquiriendo vanguardismo de las pel\u00edculas\u201d.<\/p>\n\n\n\n<p><br>D\u00edaz Morales, agreg\u00f3 que en el inicio se ten\u00eda de doblar personajes, pues los participantes eran insuficientes para cubrir los pasaje b\u00edblicos \u201csi muy interesante esto, la verdad empezamos con 49 o 50 personas, que estaban participando, de hecho, se doblaban los personajes, en su caso, yo sal\u00ed 11 a\u00f1os de Juan Bautista y 6 a\u00f1os de ladr\u00f3n, no hab\u00eda gente todav\u00eda, que le gustara la instancia de estar participando en esta representaci\u00f3n\u201d.<\/p>\n\n\n\n<figure class=\"wp-block-image size-full\"><img loading=\"lazy\" decoding=\"async\" width=\"720\" height=\"540\" src=\"https:\/\/estado29.mx\/wp-content\/uploads\/2024\/03\/FB_IMG_1710185992820-1.jpg\" alt=\"\" class=\"wp-image-89235\" srcset=\"https:\/\/estado29.mx\/wp-content\/uploads\/2024\/03\/FB_IMG_1710185992820-1.jpg 720w, https:\/\/estado29.mx\/wp-content\/uploads\/2024\/03\/FB_IMG_1710185992820-1-300x225.jpg 300w\" sizes=\"auto, (max-width: 720px) 100vw, 720px\" \/><figcaption>Imagen proporcionada por el Grupo Cristo Rey de El Carmen Tequexquitla.<\/figcaption><\/figure>\n\n\n\n<p><br>Asimismo, puntualiz\u00f3 que \u201choy en d\u00eda contamos con 120 personajes b\u00edblicos y 300 o 320 personas actuando directamente, independientemente de personajes porque va el Pueblo Hebreo, soldados romanos, nada m\u00e1s tenemos 6 o 7 personajes, Marcelo Gale\u00f3n, El Centuri\u00f3n, Demetrio el Teniente, y los capitanes de caballer\u00eda, y de ah\u00ed son unos 40 o 45 soldados romanos los que participan\u201d.<\/p>\n\n\n\n<p><br>Amigos lectores los invito a que no se pierdan el d\u00eda de ma\u00f1ana la continuaci\u00f3n de la historia de esta agrupaci\u00f3n que ha buscado mantener estas costumbres y tradiciones religiosas vigentes.<\/p>\n","protected":false},"excerpt":{"rendered":"<p>Amigos de Radio Huamantla, como es bien sabido a nivel regional, la celebraci\u00f3n de la Semana Santa en el Municipio de El Carmen Tequexquitla, es un evento que ha resaltado al lugar por la Representaci\u00f3n en vivo del Viacrucis, celebrado por a\u00f1os. Es por ello que acudimos con el se\u00f1or V\u00edctor D\u00edaz Morales, quien desde [&hellip;]<\/p>\n","protected":false},"author":7,"featured_media":89234,"comment_status":"open","ping_status":"open","sticky":false,"template":"","format":"standard","meta":{"om_disable_all_campaigns":false,"_monsterinsights_skip_tracking":false,"_monsterinsights_sitenote_active":false,"_monsterinsights_sitenote_note":"","_monsterinsights_sitenote_category":0,"jnews-multi-image_gallery":[],"jnews_single_post":{"subtitle":"","format":"standard","video":"","gallery":"","source_name":"","source_url":"","via_name":"","via_url":"","override_template":"0","override":[{"template":"1","single_blog_custom":"","parallax":"1","fullscreen":"1","layout":"right-sidebar","sidebar":"default-sidebar","second_sidebar":"default-sidebar","sticky_sidebar":"1","share_position":"top","share_float_style":"share-monocrhome","show_share_counter":"1","show_view_counter":"1","show_featured":"1","show_post_meta":"1","show_post_author":"1","show_post_author_image":"1","show_post_date":"1","post_date_format":"default","post_date_format_custom":"Y\/m\/d","show_post_category":"1","show_post_reading_time":"0","post_reading_time_wpm":"300","show_zoom_button":"0","zoom_button_out_step":"2","zoom_button_in_step":"3","show_post_tag":"1","show_prev_next_post":"1","show_popup_post":"1","number_popup_post":"1","show_author_box":"1","show_post_related":"0","show_inline_post_related":"0"}],"override_image_size":"0","image_override":[{"single_post_thumbnail_size":"crop-500","single_post_gallery_size":"crop-500"}],"trending_post":"0","trending_post_position":"meta","trending_post_label":"Trending","sponsored_post":"0","sponsored_post_label":"Sponsored by","sponsored_post_name":"","sponsored_post_url":"","sponsored_post_logo_enable":"0","sponsored_post_logo":"","sponsored_post_desc":"","disable_ad":"0"},"jnews_primary_category":{"id":""},"footnotes":""},"categories":[1],"tags":[],"class_list":["post-89230","post","type-post","status-publish","format-standard","has-post-thumbnail","hentry","category-uncategorized"],"aioseo_notices":[],"_links":{"self":[{"href":"https:\/\/estado29.mx\/index.php?rest_route=\/wp\/v2\/posts\/89230","targetHints":{"allow":["GET"]}}],"collection":[{"href":"https:\/\/estado29.mx\/index.php?rest_route=\/wp\/v2\/posts"}],"about":[{"href":"https:\/\/estado29.mx\/index.php?rest_route=\/wp\/v2\/types\/post"}],"author":[{"embeddable":true,"href":"https:\/\/estado29.mx\/index.php?rest_route=\/wp\/v2\/users\/7"}],"replies":[{"embeddable":true,"href":"https:\/\/estado29.mx\/index.php?rest_route=%2Fwp%2Fv2%2Fcomments&post=89230"}],"version-history":[{"count":4,"href":"https:\/\/estado29.mx\/index.php?rest_route=\/wp\/v2\/posts\/89230\/revisions"}],"predecessor-version":[{"id":89243,"href":"https:\/\/estado29.mx\/index.php?rest_route=\/wp\/v2\/posts\/89230\/revisions\/89243"}],"wp:featuredmedia":[{"embeddable":true,"href":"https:\/\/estado29.mx\/index.php?rest_route=\/wp\/v2\/media\/89234"}],"wp:attachment":[{"href":"https:\/\/estado29.mx\/index.php?rest_route=%2Fwp%2Fv2%2Fmedia&parent=89230"}],"wp:term":[{"taxonomy":"category","embeddable":true,"href":"https:\/\/estado29.mx\/index.php?rest_route=%2Fwp%2Fv2%2Fcategories&post=89230"},{"taxonomy":"post_tag","embeddable":true,"href":"https:\/\/estado29.mx\/index.php?rest_route=%2Fwp%2Fv2%2Ftags&post=89230"}],"curies":[{"name":"wp","href":"https:\/\/api.w.org\/{rel}","templated":true}]}}