{"id":89275,"date":"2024-03-20T16:26:16","date_gmt":"2024-03-20T16:26:16","guid":{"rendered":"https:\/\/estado29.mx\/?p=89275"},"modified":"2024-03-20T16:29:54","modified_gmt":"2024-03-20T16:29:54","slug":"representacion-viacrucis-semana-santa-tequexquitla-2024-vida-pasion-y-muerte-de-cristo-edicion-37-3","status":"publish","type":"post","link":"https:\/\/estado29.mx\/?p=89275","title":{"rendered":"Representaci\u00f3n Viacrucis Semana Santa  Tequexquitla 2024 Vida, Pasi\u00f3n y Muerte de Cristo Edici\u00f3n 37."},"content":{"rendered":"\n<p>Amigo lector de Estado29, retomando la entrevista con el se\u00f1or V\u00edctor D\u00edaz Morales, Representante del Grupo Cristo Rey en el municipio de El Carmen Tequexquitla, derivado de la cercan\u00eda de la celebraci\u00f3n de la Semana Santa, acudimos a \u00e9l para conocer el proceso de preparaci\u00f3n de los integrantes de este grupo, para llevar a cabo la representaci\u00f3n del Viacrucis Vida, Pasi\u00f3n y Muerte de Cristo.<\/p>\n\n\n\n<p><br>En d\u00edas anteriores hemos compartido para usted c\u00f3mo es el trabajo de preparaci\u00f3n de los personajes que participan, as\u00ed como los desaf\u00edos que, a\u00f1o con a\u00f1o se han presentado en el trayecto de estos ya 37 a\u00f1os, entre ellas cambio de director, narrador y la sustituci\u00f3n de personajes.<\/p>\n\n\n<figure class=\"wp-block-post-featured-image\"><img loading=\"lazy\" decoding=\"async\" width=\"2560\" height=\"1920\" src=\"https:\/\/estado29.mx\/wp-content\/uploads\/2024\/03\/IMG_20240310_142910-min-scaled.jpg\" class=\"attachment-post-thumbnail size-post-thumbnail wp-post-image\" alt=\"\" style=\"object-fit:cover;\" srcset=\"https:\/\/estado29.mx\/wp-content\/uploads\/2024\/03\/IMG_20240310_142910-min-scaled.jpg 2560w, https:\/\/estado29.mx\/wp-content\/uploads\/2024\/03\/IMG_20240310_142910-min-300x225.jpg 300w, https:\/\/estado29.mx\/wp-content\/uploads\/2024\/03\/IMG_20240310_142910-min-1024x768.jpg 1024w, https:\/\/estado29.mx\/wp-content\/uploads\/2024\/03\/IMG_20240310_142910-min-768x576.jpg 768w, https:\/\/estado29.mx\/wp-content\/uploads\/2024\/03\/IMG_20240310_142910-min-1536x1152.jpg 1536w, https:\/\/estado29.mx\/wp-content\/uploads\/2024\/03\/IMG_20240310_142910-min-2048x1536.jpg 2048w, https:\/\/estado29.mx\/wp-content\/uploads\/2024\/03\/IMG_20240310_142910-min-750x563.jpg 750w, https:\/\/estado29.mx\/wp-content\/uploads\/2024\/03\/IMG_20240310_142910-min-1140x855.jpg 1140w\" sizes=\"auto, (max-width: 2560px) 100vw, 2560px\" \/><\/figure>\n\n\n<p>D\u00edaz Morales, detall\u00f3 que \u201chan sido muchas vivencias, una de las m\u00e1s fuertes, fue cuando el que era director y narrador del grupo, desisti\u00f3 de estar al frente y por ah\u00ed los compa\u00f1eros que han estado siempre, Delfino Salazar y Enrique Valadez, platicamos, hicimos la forma de seguir con el grupo, desistieron, pero al paso del tiempo volvimos a ensayar, pensamos que no iba a salir tal cual lo ven\u00eda haciendo el director pero si funcion\u00f3 y creo que ahora estamos un poquito m\u00e1s arriba, cada a\u00f1o hay vivencias de diferente \u00edndole\u201d.<\/p>\n\n\n\n<p><br>\u201clo que hemos tenido cada a\u00f1o, los personajes ya est\u00e1n cotizados, ya est\u00e1n trabajados, ya est\u00e1n ensayados, pero de repente no vino por esto, no vino por otro y vamos a suplir el personaje, por ah\u00ed ten\u00edamos hace ocho a\u00f1os, tuvimos un problema con las tentaciones del demonio, ya no lleg\u00f3 el muchacho, el que iba a participar como demonio y tuvimos que hacer un imprevisto con el personaje, gracias a la inquietud y a la fe que tiene el grupo, no era uno, yo lo hago, yo lo hago\u201d.<\/p>\n\n\n\n<figure class=\"wp-block-image size-large\"><img loading=\"lazy\" decoding=\"async\" width=\"1024\" height=\"768\" src=\"http:\/\/estado29.mx\/wp-content\/uploads\/2024\/03\/IMG-20240311-WA0003-1024x768.jpg\" alt=\"\" class=\"wp-image-89246\" srcset=\"https:\/\/estado29.mx\/wp-content\/uploads\/2024\/03\/IMG-20240311-WA0003-1024x768.jpg 1024w, https:\/\/estado29.mx\/wp-content\/uploads\/2024\/03\/IMG-20240311-WA0003-300x225.jpg 300w, https:\/\/estado29.mx\/wp-content\/uploads\/2024\/03\/IMG-20240311-WA0003-768x576.jpg 768w, https:\/\/estado29.mx\/wp-content\/uploads\/2024\/03\/IMG-20240311-WA0003-750x563.jpg 750w, https:\/\/estado29.mx\/wp-content\/uploads\/2024\/03\/IMG-20240311-WA0003-1140x855.jpg 1140w, https:\/\/estado29.mx\/wp-content\/uploads\/2024\/03\/IMG-20240311-WA0003.jpg 1280w\" sizes=\"auto, (max-width: 1024px) 100vw, 1024px\" \/><\/figure>\n\n\n\n<p><br>En cuanto al cuestionamiento a V\u00edctor D\u00edaz sobre interpretar el personaje de Jes\u00fas en esta representaci\u00f3n, detall\u00f3 que fue una de sus ilusiones m\u00e1s grande, pero que no le fue posible pues, tom\u00f3 el papel de representar al grupo \u201ccomo no, fue mi ilusi\u00f3n m\u00e1s grande, yo quer\u00eda representar el papel de Jes\u00fas a los 33 a\u00f1os, desgraciada o afortunadamente, sucedi\u00f3 que en esos momentos ya ten\u00eda el grupo a cargo, entonces ya no pudo ser posible\u201d.<\/p>\n\n\n\n<p><br>Para finalizar V\u00edctor D\u00edaz Morales, hizo extensa su satisfacci\u00f3n por el trabajo que ha desempe\u00f1ado a lo largo de estos 37 a\u00f1os, de los cuales 29 han sido al frente del Grupo Cristo Rey y reconoci\u00f3 el trabajo y colaboraci\u00f3n de todos los miembros que participan.<\/p>\n","protected":false},"excerpt":{"rendered":"<p>Amigo lector de Estado29, retomando la entrevista con el se\u00f1or V\u00edctor D\u00edaz Morales, Representante del Grupo Cristo Rey en el municipio de El Carmen Tequexquitla, derivado de la cercan\u00eda de la celebraci\u00f3n de la Semana Santa, acudimos a \u00e9l para conocer el proceso de preparaci\u00f3n de los integrantes de este grupo, para llevar a cabo [&hellip;]<\/p>\n","protected":false},"author":7,"featured_media":89231,"comment_status":"open","ping_status":"open","sticky":false,"template":"","format":"standard","meta":{"om_disable_all_campaigns":false,"_monsterinsights_skip_tracking":false,"_monsterinsights_sitenote_active":false,"_monsterinsights_sitenote_note":"","_monsterinsights_sitenote_category":0,"jnews-multi-image_gallery":[],"jnews_single_post":{"subtitle":"","format":"standard","video":"","gallery":"","source_name":"","source_url":"","via_name":"","via_url":"","override_template":"0","override":[{"template":"1","single_blog_custom":"","parallax":"1","fullscreen":"1","layout":"right-sidebar","sidebar":"default-sidebar","second_sidebar":"default-sidebar","sticky_sidebar":"1","share_position":"top","share_float_style":"share-monocrhome","show_share_counter":"1","show_view_counter":"1","show_featured":"1","show_post_meta":"1","show_post_author":"1","show_post_author_image":"1","show_post_date":"1","post_date_format":"default","post_date_format_custom":"Y\/m\/d","show_post_category":"1","show_post_reading_time":"0","post_reading_time_wpm":"300","show_zoom_button":"0","zoom_button_out_step":"2","zoom_button_in_step":"3","show_post_tag":"1","show_prev_next_post":"1","show_popup_post":"1","number_popup_post":"1","show_author_box":"1","show_post_related":"0","show_inline_post_related":"0"}],"override_image_size":"0","image_override":[{"single_post_thumbnail_size":"crop-500","single_post_gallery_size":"crop-500"}],"trending_post":"0","trending_post_position":"meta","trending_post_label":"Trending","sponsored_post":"0","sponsored_post_label":"Sponsored by","sponsored_post_name":"","sponsored_post_url":"","sponsored_post_logo_enable":"0","sponsored_post_logo":"","sponsored_post_desc":"","disable_ad":"0"},"jnews_primary_category":{"id":""},"footnotes":""},"categories":[1],"tags":[],"class_list":["post-89275","post","type-post","status-publish","format-standard","has-post-thumbnail","hentry","category-uncategorized"],"aioseo_notices":[],"_links":{"self":[{"href":"https:\/\/estado29.mx\/index.php?rest_route=\/wp\/v2\/posts\/89275","targetHints":{"allow":["GET"]}}],"collection":[{"href":"https:\/\/estado29.mx\/index.php?rest_route=\/wp\/v2\/posts"}],"about":[{"href":"https:\/\/estado29.mx\/index.php?rest_route=\/wp\/v2\/types\/post"}],"author":[{"embeddable":true,"href":"https:\/\/estado29.mx\/index.php?rest_route=\/wp\/v2\/users\/7"}],"replies":[{"embeddable":true,"href":"https:\/\/estado29.mx\/index.php?rest_route=%2Fwp%2Fv2%2Fcomments&post=89275"}],"version-history":[{"count":2,"href":"https:\/\/estado29.mx\/index.php?rest_route=\/wp\/v2\/posts\/89275\/revisions"}],"predecessor-version":[{"id":89278,"href":"https:\/\/estado29.mx\/index.php?rest_route=\/wp\/v2\/posts\/89275\/revisions\/89278"}],"wp:featuredmedia":[{"embeddable":true,"href":"https:\/\/estado29.mx\/index.php?rest_route=\/wp\/v2\/media\/89231"}],"wp:attachment":[{"href":"https:\/\/estado29.mx\/index.php?rest_route=%2Fwp%2Fv2%2Fmedia&parent=89275"}],"wp:term":[{"taxonomy":"category","embeddable":true,"href":"https:\/\/estado29.mx\/index.php?rest_route=%2Fwp%2Fv2%2Fcategories&post=89275"},{"taxonomy":"post_tag","embeddable":true,"href":"https:\/\/estado29.mx\/index.php?rest_route=%2Fwp%2Fv2%2Ftags&post=89275"}],"curies":[{"name":"wp","href":"https:\/\/api.w.org\/{rel}","templated":true}]}}