{"id":89279,"date":"2024-03-20T17:15:19","date_gmt":"2024-03-20T17:15:19","guid":{"rendered":"https:\/\/estado29.mx\/?p=89279"},"modified":"2024-03-20T17:15:19","modified_gmt":"2024-03-20T17:15:19","slug":"festival-de-maiz-cultura-tradicion-e-identidad-de-ixtenco","status":"publish","type":"post","link":"https:\/\/estado29.mx\/?p=89279","title":{"rendered":"Festival de Ma\u00edz, Cultura, Tradici\u00f3n e Identidad de Ixtenco."},"content":{"rendered":"\n<p>Amigos de Estado29, el municipio de Ixtenco ha sido reconocido por las diversas variantes de ma\u00edz que han preservado a trav\u00e9s del tiempo, derivado de la cercan\u00eda del Festival del Ma\u00edz en el lugar, Cornelio Hern\u00e1ndez Rojas, quien es Coordinador General de este evento, comparti\u00f3 para este portal informativo c\u00f3mo es que iniciaron estas actividades y la evoluci\u00f3n que han tenido con el paso de los a\u00f1os \u201cel festival tal y como lo hacemos ahora, ha sido resultado de diversas experiencias, all\u00e1 en el a\u00f1o de 1995, hicimos un primer ejercicio con personas de la tercera edad, nos reun\u00edamos para escuchar sus experiencias, la tradici\u00f3n oral que ellos manten\u00edan y dentro de ello hicimos la primera exposici\u00f3n, tuvimos cuatro colores de ma\u00edz, no porque no hubiera otros, sino que, era el primer ejercicio que hac\u00edamos\u201d.<\/p>\n\n\n\n<p><br>Cornelio Hern\u00e1ndez, agreg\u00f3 que la idea fue tomada de otros lugares que realizaban estos eventos \u201cposteriormente, tuvimos oportunidad de conocer que en otros lados estaban haciendo el Festival del Ma\u00edz, era muy poco realmente los que hac\u00edan en el pa\u00eds y adem\u00e1s, pues nos dimos cuenta de esa riqueza que nosotros tenemos ac\u00e1 en Ixtenco y que muy pocos pueblos la ten\u00edan\u201d.<\/p>\n\n\n<figure class=\"wp-block-post-featured-image\"><img loading=\"lazy\" decoding=\"async\" width=\"2560\" height=\"1920\" src=\"https:\/\/estado29.mx\/wp-content\/uploads\/2024\/03\/IMG_20240320_084421-min-scaled.jpg\" class=\"attachment-post-thumbnail size-post-thumbnail wp-post-image\" alt=\"\" style=\"object-fit:cover;\" srcset=\"https:\/\/estado29.mx\/wp-content\/uploads\/2024\/03\/IMG_20240320_084421-min-scaled.jpg 2560w, https:\/\/estado29.mx\/wp-content\/uploads\/2024\/03\/IMG_20240320_084421-min-300x225.jpg 300w, https:\/\/estado29.mx\/wp-content\/uploads\/2024\/03\/IMG_20240320_084421-min-1024x768.jpg 1024w, https:\/\/estado29.mx\/wp-content\/uploads\/2024\/03\/IMG_20240320_084421-min-768x576.jpg 768w, https:\/\/estado29.mx\/wp-content\/uploads\/2024\/03\/IMG_20240320_084421-min-1536x1152.jpg 1536w, https:\/\/estado29.mx\/wp-content\/uploads\/2024\/03\/IMG_20240320_084421-min-2048x1536.jpg 2048w, https:\/\/estado29.mx\/wp-content\/uploads\/2024\/03\/IMG_20240320_084421-min-750x563.jpg 750w, https:\/\/estado29.mx\/wp-content\/uploads\/2024\/03\/IMG_20240320_084421-min-1140x855.jpg 1140w\" sizes=\"auto, (max-width: 2560px) 100vw, 2560px\" \/><\/figure>\n\n\n<p><br>\u201cpor cuestiones laborales estaba participando en un proyecto sobre agricultura y en ese momento me doy cuenta que por lo menos en Tlaxcala no hab\u00eda, ning\u00fan pueblo, ninguna comunidad ten\u00eda esa diversidad que tenemos, entonces ah\u00ed es cuando empiezo a trabajar con los productores, que ten\u00edamos a diferencia de otras comunidades, porque nosotros pensamos que todas las comunidades son iguales, pero no, nos son iguales\u201d.<\/p>\n\n\n\n<p><br>Asimismo, puntualiz\u00f3 que Ixtenco tiene el privilegio de contar con diversas variantes de esta semilla y productores que preservan las diversas tonalidades \u201cnosotros tenemos esa diferencia y ese privilegio de contar con tanto colorido de ma\u00edz, entonces empezamos a trabajar, a ver que im\u00e1genes del ma\u00edz salieran, a relacionarlo m\u00e1s con la feria patronal, por otro lado los artesanos desde 1976 empezaron a trabajar haciendo alfombras, tapetes, portadas con los ma\u00edces y aprovecharon este colorido, ya no empleaban otros materiales mas que ma\u00edz\u201d.<\/p>\n","protected":false},"excerpt":{"rendered":"<p>Amigos de Estado29, el municipio de Ixtenco ha sido reconocido por las diversas variantes de ma\u00edz que han preservado a trav\u00e9s del tiempo, derivado de la cercan\u00eda del Festival del Ma\u00edz en el lugar, Cornelio Hern\u00e1ndez Rojas, quien es Coordinador General de este evento, comparti\u00f3 para este portal informativo c\u00f3mo es que iniciaron estas actividades [&hellip;]<\/p>\n","protected":false},"author":7,"featured_media":89280,"comment_status":"open","ping_status":"open","sticky":false,"template":"","format":"standard","meta":{"om_disable_all_campaigns":false,"_monsterinsights_skip_tracking":false,"_monsterinsights_sitenote_active":false,"_monsterinsights_sitenote_note":"","_monsterinsights_sitenote_category":0,"jnews-multi-image_gallery":[],"jnews_single_post":{"subtitle":"","format":"standard","video":"","gallery":"","source_name":"","source_url":"","via_name":"","via_url":"","override_template":"0","override":[{"template":"1","single_blog_custom":"","parallax":"1","fullscreen":"1","layout":"right-sidebar","sidebar":"default-sidebar","second_sidebar":"default-sidebar","sticky_sidebar":"1","share_position":"top","share_float_style":"share-monocrhome","show_share_counter":"1","show_view_counter":"1","show_featured":"1","show_post_meta":"1","show_post_author":"1","show_post_author_image":"1","show_post_date":"1","post_date_format":"default","post_date_format_custom":"Y\/m\/d","show_post_category":"1","show_post_reading_time":"0","post_reading_time_wpm":"300","show_zoom_button":"0","zoom_button_out_step":"2","zoom_button_in_step":"3","show_post_tag":"1","show_prev_next_post":"1","show_popup_post":"1","number_popup_post":"1","show_author_box":"1","show_post_related":"0","show_inline_post_related":"0"}],"override_image_size":"0","image_override":[{"single_post_thumbnail_size":"crop-500","single_post_gallery_size":"crop-500"}],"trending_post":"0","trending_post_position":"meta","trending_post_label":"Trending","sponsored_post":"0","sponsored_post_label":"Sponsored by","sponsored_post_name":"","sponsored_post_url":"","sponsored_post_logo_enable":"0","sponsored_post_logo":"","sponsored_post_desc":"","disable_ad":"0"},"jnews_primary_category":{"id":""},"footnotes":""},"categories":[1],"tags":[],"class_list":["post-89279","post","type-post","status-publish","format-standard","has-post-thumbnail","hentry","category-uncategorized"],"aioseo_notices":[],"_links":{"self":[{"href":"https:\/\/estado29.mx\/index.php?rest_route=\/wp\/v2\/posts\/89279","targetHints":{"allow":["GET"]}}],"collection":[{"href":"https:\/\/estado29.mx\/index.php?rest_route=\/wp\/v2\/posts"}],"about":[{"href":"https:\/\/estado29.mx\/index.php?rest_route=\/wp\/v2\/types\/post"}],"author":[{"embeddable":true,"href":"https:\/\/estado29.mx\/index.php?rest_route=\/wp\/v2\/users\/7"}],"replies":[{"embeddable":true,"href":"https:\/\/estado29.mx\/index.php?rest_route=%2Fwp%2Fv2%2Fcomments&post=89279"}],"version-history":[{"count":1,"href":"https:\/\/estado29.mx\/index.php?rest_route=\/wp\/v2\/posts\/89279\/revisions"}],"predecessor-version":[{"id":89281,"href":"https:\/\/estado29.mx\/index.php?rest_route=\/wp\/v2\/posts\/89279\/revisions\/89281"}],"wp:featuredmedia":[{"embeddable":true,"href":"https:\/\/estado29.mx\/index.php?rest_route=\/wp\/v2\/media\/89280"}],"wp:attachment":[{"href":"https:\/\/estado29.mx\/index.php?rest_route=%2Fwp%2Fv2%2Fmedia&parent=89279"}],"wp:term":[{"taxonomy":"category","embeddable":true,"href":"https:\/\/estado29.mx\/index.php?rest_route=%2Fwp%2Fv2%2Fcategories&post=89279"},{"taxonomy":"post_tag","embeddable":true,"href":"https:\/\/estado29.mx\/index.php?rest_route=%2Fwp%2Fv2%2Ftags&post=89279"}],"curies":[{"name":"wp","href":"https:\/\/api.w.org\/{rel}","templated":true}]}}