{"id":89284,"date":"2024-03-21T19:30:45","date_gmt":"2024-03-21T19:30:45","guid":{"rendered":"https:\/\/estado29.mx\/?p=89284"},"modified":"2024-03-21T19:31:13","modified_gmt":"2024-03-21T19:31:13","slug":"realizan-en-huamantla-promocion-de-la-lectura-en-instituciones-educativas","status":"publish","type":"post","link":"https:\/\/estado29.mx\/?p=89284","title":{"rendered":"Realizan en Huamantla promoci\u00f3n de la lectura en instituciones educativas."},"content":{"rendered":"\n<p>Mar\u00eda del Roc\u00edo P\u00e9rez Ju\u00e1rez, habl\u00f3 sobre el proyecto de promoci\u00f3n de lectura que se ha implementado de manera independiente y gratuita, en instituciones educativas como la escuela Adolfo L\u00f3pez Mateos de esta ciudad.<\/p>\n\n\n\n<p><br>P\u00e9rez Ju\u00e1rez dijo que el objetivo de este proyecto es llevar a los ni\u00f1os un regalo como es la lectura y as\u00ed generar inter\u00e9s en estos peque\u00f1os para agarrar un libro \u201cdecirte que nosotros seguimos trabajando de manera independiente como siempre lo hemos realizado y ahorita estamos llevando a cabo un trabajo de promoci\u00f3n de la lectura, en una escuela vespertina, aqu\u00ed en Adolfo L\u00f3pez Mateos, con la maestra Elvira S\u00e1nchez, la directora y con el apoyo de todo su personal docente\u201d.<\/p>\n\n\n\n<p><br>A su vez agreg\u00f3 que este proyecto es en apoyo a los docentes con la carga laboral que tienen d\u00eda a d\u00eda \u201cllevamos lecturas a los peque\u00f1itos, para enamorarlos, el objetivo es enamorarlos de la lectura y tambi\u00e9n apoyar un poco el trabajo de los maestros, en verdad es muy agotador, es muy satisfactorio pero es muy agotador y bueno llevarles un regalo, que es como llegamos no, les llevamos un regalo una lectura y el objetivo es que despu\u00e9s de tres o cuatro o hasta cinco lecturas, el ni\u00f1o por s\u00ed solo, que los hay, pues se interesen m\u00e1s por tomar un libro, por conocer otra historia y que poco a poco se vayan haciendo lectores no, de acuerdo a su edad se eligen los temas y creo que vamos por buen camino\u201d.<\/p>\n\n\n\n<p><br>Asimismo, extern\u00f3 su preocupaci\u00f3n por los diversos problemas sociales que se han generado, como el caso de la violencia \u201ca mi me preocupa mucho la situaci\u00f3n que se est\u00e1 viviendo en todo el mundo no, con la violencia y dem\u00e1s situaciones, y algo que me preocupaba cuando yo estaba al frente de la escuela es, viene el periodo vacacional, qu\u00e9 hacen los ni\u00f1os en el periodo vacacional y qu\u00e9 hacen los pap\u00e1s, este proyecto es antes de que se vayan de vacaciones, se lleven esa inquietud\u201d.<\/p>\n\n\n<figure class=\"wp-block-post-featured-image\"><img loading=\"lazy\" decoding=\"async\" width=\"1920\" height=\"2560\" src=\"https:\/\/estado29.mx\/wp-content\/uploads\/2024\/03\/IMG_20240314_121759-min-scaled.jpg\" class=\"attachment-post-thumbnail size-post-thumbnail wp-post-image\" alt=\"\" style=\"object-fit:cover;\" srcset=\"https:\/\/estado29.mx\/wp-content\/uploads\/2024\/03\/IMG_20240314_121759-min-scaled.jpg 1920w, https:\/\/estado29.mx\/wp-content\/uploads\/2024\/03\/IMG_20240314_121759-min-225x300.jpg 225w, https:\/\/estado29.mx\/wp-content\/uploads\/2024\/03\/IMG_20240314_121759-min-768x1024.jpg 768w, https:\/\/estado29.mx\/wp-content\/uploads\/2024\/03\/IMG_20240314_121759-min-1152x1536.jpg 1152w, https:\/\/estado29.mx\/wp-content\/uploads\/2024\/03\/IMG_20240314_121759-min-1536x2048.jpg 1536w, https:\/\/estado29.mx\/wp-content\/uploads\/2024\/03\/IMG_20240314_121759-min-750x1000.jpg 750w, https:\/\/estado29.mx\/wp-content\/uploads\/2024\/03\/IMG_20240314_121759-min-1140x1520.jpg 1140w\" sizes=\"auto, (max-width: 1920px) 100vw, 1920px\" \/><\/figure>","protected":false},"excerpt":{"rendered":"<p>Mar\u00eda del Roc\u00edo P\u00e9rez Ju\u00e1rez, habl\u00f3 sobre el proyecto de promoci\u00f3n de lectura que se ha implementado de manera independiente y gratuita, en instituciones educativas como la escuela Adolfo L\u00f3pez Mateos de esta ciudad. P\u00e9rez Ju\u00e1rez dijo que el objetivo de este proyecto es llevar a los ni\u00f1os un regalo como es la lectura y [&hellip;]<\/p>\n","protected":false},"author":7,"featured_media":89285,"comment_status":"open","ping_status":"open","sticky":false,"template":"","format":"standard","meta":{"om_disable_all_campaigns":false,"_monsterinsights_skip_tracking":false,"_monsterinsights_sitenote_active":false,"_monsterinsights_sitenote_note":"","_monsterinsights_sitenote_category":0,"jnews-multi-image_gallery":[],"jnews_single_post":{"subtitle":"","format":"standard","video":"","gallery":"","source_name":"","source_url":"","via_name":"","via_url":"","override_template":"0","override":[{"template":"1","single_blog_custom":"","parallax":"1","fullscreen":"1","layout":"right-sidebar","sidebar":"default-sidebar","second_sidebar":"default-sidebar","sticky_sidebar":"1","share_position":"top","share_float_style":"share-monocrhome","show_share_counter":"1","show_view_counter":"1","show_featured":"1","show_post_meta":"1","show_post_author":"1","show_post_author_image":"1","show_post_date":"1","post_date_format":"default","post_date_format_custom":"Y\/m\/d","show_post_category":"1","show_post_reading_time":"0","post_reading_time_wpm":"300","show_zoom_button":"0","zoom_button_out_step":"2","zoom_button_in_step":"3","show_post_tag":"1","show_prev_next_post":"1","show_popup_post":"1","number_popup_post":"1","show_author_box":"1","show_post_related":"0","show_inline_post_related":"0"}],"override_image_size":"0","image_override":[{"single_post_thumbnail_size":"crop-500","single_post_gallery_size":"crop-500"}],"trending_post":"0","trending_post_position":"meta","trending_post_label":"Trending","sponsored_post":"0","sponsored_post_label":"Sponsored by","sponsored_post_name":"","sponsored_post_url":"","sponsored_post_logo_enable":"0","sponsored_post_logo":"","sponsored_post_desc":"","disable_ad":"0"},"jnews_primary_category":{"id":""},"footnotes":""},"categories":[1],"tags":[],"class_list":["post-89284","post","type-post","status-publish","format-standard","has-post-thumbnail","hentry","category-uncategorized"],"aioseo_notices":[],"_links":{"self":[{"href":"https:\/\/estado29.mx\/index.php?rest_route=\/wp\/v2\/posts\/89284","targetHints":{"allow":["GET"]}}],"collection":[{"href":"https:\/\/estado29.mx\/index.php?rest_route=\/wp\/v2\/posts"}],"about":[{"href":"https:\/\/estado29.mx\/index.php?rest_route=\/wp\/v2\/types\/post"}],"author":[{"embeddable":true,"href":"https:\/\/estado29.mx\/index.php?rest_route=\/wp\/v2\/users\/7"}],"replies":[{"embeddable":true,"href":"https:\/\/estado29.mx\/index.php?rest_route=%2Fwp%2Fv2%2Fcomments&post=89284"}],"version-history":[{"count":1,"href":"https:\/\/estado29.mx\/index.php?rest_route=\/wp\/v2\/posts\/89284\/revisions"}],"predecessor-version":[{"id":89286,"href":"https:\/\/estado29.mx\/index.php?rest_route=\/wp\/v2\/posts\/89284\/revisions\/89286"}],"wp:featuredmedia":[{"embeddable":true,"href":"https:\/\/estado29.mx\/index.php?rest_route=\/wp\/v2\/media\/89285"}],"wp:attachment":[{"href":"https:\/\/estado29.mx\/index.php?rest_route=%2Fwp%2Fv2%2Fmedia&parent=89284"}],"wp:term":[{"taxonomy":"category","embeddable":true,"href":"https:\/\/estado29.mx\/index.php?rest_route=%2Fwp%2Fv2%2Fcategories&post=89284"},{"taxonomy":"post_tag","embeddable":true,"href":"https:\/\/estado29.mx\/index.php?rest_route=%2Fwp%2Fv2%2Ftags&post=89284"}],"curies":[{"name":"wp","href":"https:\/\/api.w.org\/{rel}","templated":true}]}}