{"id":89287,"date":"2024-03-21T19:52:28","date_gmt":"2024-03-21T19:52:28","guid":{"rendered":"https:\/\/estado29.mx\/?p=89287"},"modified":"2024-03-21T19:52:29","modified_gmt":"2024-03-21T19:52:29","slug":"festival-de-maiz-cultura-tradicion-e-identidad-de-ixtenco-2","status":"publish","type":"post","link":"https:\/\/estado29.mx\/?p=89287","title":{"rendered":"Festival de Ma\u00edz, Cultura, Tradici\u00f3n e Identidad de Ixtenco."},"content":{"rendered":"\n<p>Amigos de En Punto, retomando la entrevista con el Coordinador General del Festival de Ma\u00edz en Ixtenco, Cornelio Hern\u00e1ndez Rojas, quien refiri\u00f3 que esta actividad inici\u00f3 en 2011, posterior a concursos que se realizaban entre personas de la tercera edad.<\/p>\n\n\n\n<p><br>Asimismo, detall\u00f3 sobre la evoluci\u00f3n que ha tenido este evento en cuanto al incrementa de productores de las diversas tonalidades y especies de esta semilla, as\u00ed como de los d\u00edas en que se efect\u00faa \u201cen el a\u00f1o 2011 iniciamos con el Festival del Ma\u00edz, este ya no es concurso, sino, es un espacio para todos los que quieran, puedan participar en \u00e1rea de expo-venta, vender sus semillas, los campesinos necesitan allegarse recursos, no basta que les digamos, a veces cuando les va bien, les decimos que es una actividad muy importante, si pero no basta con eso, las palabras no se comen, nutren el esp\u00edritu pero no al cuerpo\u201d.<\/p>\n\n\n\n<p><br>De igual modo, puntualiz\u00f3 los diversos desaf\u00edos que enfrentan los productores de ma\u00edz de color y los precios en el mercado \u201cdesde un principio, el proyecto lo generamos, era un espacio para comercializar, a precios justos si y el precio justo no era comparado con los precios que se est\u00e1n manejando en general en el mercado, porque bueno, lamentablemente en el mercado, los ma\u00edces de color los pagan m\u00e1s barato que los ma\u00edces blancos, cuando producir ma\u00edces de color es un poco m\u00e1s dif\u00edcil porque las plantas de ma\u00edz de color son m\u00e1s sensibles a diversos fen\u00f3menos y adem\u00e1s de que el rendimiento por hect\u00e1rea es menor\u201d.<\/p>\n\n\n\n<p><br>Coment\u00f3 que con el paso de los a\u00f1os el festival fue creciendo en cuanto a espacio y n\u00famero de d\u00edas en que se realiza \u201ces as\u00ed que en el a\u00f1o 2011 hicimos el primer festival, fue solamente de un d\u00eda, fue un espacio de 50 metros lineales y de ah\u00ed pues venimos creciendo, posteriormente nos fuimos a realizar el festival durante dos d\u00edas, despu\u00e9s lo aumentamos a tres d\u00edas, crecimos tambi\u00e9n en cuanto a espacio y a partir de este a\u00f1o lo hemos programado para que sea durante ocho d\u00edas el festival aprovechando este periodo vacacional que hay en la Semana Santa, esperemos que lleguen personas a descansar, pero tambi\u00e9n a conocer esa diversidad de ma\u00edces que tenemos y poder degustarlos\u201d.<\/p>\n\n\n<figure class=\"wp-block-post-featured-image\"><img loading=\"lazy\" decoding=\"async\" width=\"1920\" height=\"2560\" src=\"https:\/\/estado29.mx\/wp-content\/uploads\/2024\/03\/IMG_20240320_092821-min-scaled.jpg\" class=\"attachment-post-thumbnail size-post-thumbnail wp-post-image\" alt=\"\" style=\"object-fit:cover;\" srcset=\"https:\/\/estado29.mx\/wp-content\/uploads\/2024\/03\/IMG_20240320_092821-min-scaled.jpg 1920w, https:\/\/estado29.mx\/wp-content\/uploads\/2024\/03\/IMG_20240320_092821-min-225x300.jpg 225w, https:\/\/estado29.mx\/wp-content\/uploads\/2024\/03\/IMG_20240320_092821-min-768x1024.jpg 768w, https:\/\/estado29.mx\/wp-content\/uploads\/2024\/03\/IMG_20240320_092821-min-1152x1536.jpg 1152w, https:\/\/estado29.mx\/wp-content\/uploads\/2024\/03\/IMG_20240320_092821-min-1536x2048.jpg 1536w, https:\/\/estado29.mx\/wp-content\/uploads\/2024\/03\/IMG_20240320_092821-min-750x1000.jpg 750w, https:\/\/estado29.mx\/wp-content\/uploads\/2024\/03\/IMG_20240320_092821-min-1140x1520.jpg 1140w\" sizes=\"auto, (max-width: 1920px) 100vw, 1920px\" \/><\/figure>","protected":false},"excerpt":{"rendered":"<p>Amigos de En Punto, retomando la entrevista con el Coordinador General del Festival de Ma\u00edz en Ixtenco, Cornelio Hern\u00e1ndez Rojas, quien refiri\u00f3 que esta actividad inici\u00f3 en 2011, posterior a concursos que se realizaban entre personas de la tercera edad. Asimismo, detall\u00f3 sobre la evoluci\u00f3n que ha tenido este evento en cuanto al incrementa de [&hellip;]<\/p>\n","protected":false},"author":7,"featured_media":89288,"comment_status":"open","ping_status":"open","sticky":false,"template":"","format":"standard","meta":{"om_disable_all_campaigns":false,"_monsterinsights_skip_tracking":false,"_monsterinsights_sitenote_active":false,"_monsterinsights_sitenote_note":"","_monsterinsights_sitenote_category":0,"jnews-multi-image_gallery":[],"jnews_single_post":{"subtitle":"","format":"standard","video":"","gallery":"","source_name":"","source_url":"","via_name":"","via_url":"","override_template":"0","override":[{"template":"1","single_blog_custom":"","parallax":"1","fullscreen":"1","layout":"right-sidebar","sidebar":"default-sidebar","second_sidebar":"default-sidebar","sticky_sidebar":"1","share_position":"top","share_float_style":"share-monocrhome","show_share_counter":"1","show_view_counter":"1","show_featured":"1","show_post_meta":"1","show_post_author":"1","show_post_author_image":"1","show_post_date":"1","post_date_format":"default","post_date_format_custom":"Y\/m\/d","show_post_category":"1","show_post_reading_time":"0","post_reading_time_wpm":"300","show_zoom_button":"0","zoom_button_out_step":"2","zoom_button_in_step":"3","show_post_tag":"1","show_prev_next_post":"1","show_popup_post":"1","number_popup_post":"1","show_author_box":"1","show_post_related":"0","show_inline_post_related":"0"}],"override_image_size":"0","image_override":[{"single_post_thumbnail_size":"crop-500","single_post_gallery_size":"crop-500"}],"trending_post":"0","trending_post_position":"meta","trending_post_label":"Trending","sponsored_post":"0","sponsored_post_label":"Sponsored by","sponsored_post_name":"","sponsored_post_url":"","sponsored_post_logo_enable":"0","sponsored_post_logo":"","sponsored_post_desc":"","disable_ad":"0"},"jnews_primary_category":{"id":""},"footnotes":""},"categories":[1],"tags":[],"class_list":["post-89287","post","type-post","status-publish","format-standard","has-post-thumbnail","hentry","category-uncategorized"],"aioseo_notices":[],"_links":{"self":[{"href":"https:\/\/estado29.mx\/index.php?rest_route=\/wp\/v2\/posts\/89287","targetHints":{"allow":["GET"]}}],"collection":[{"href":"https:\/\/estado29.mx\/index.php?rest_route=\/wp\/v2\/posts"}],"about":[{"href":"https:\/\/estado29.mx\/index.php?rest_route=\/wp\/v2\/types\/post"}],"author":[{"embeddable":true,"href":"https:\/\/estado29.mx\/index.php?rest_route=\/wp\/v2\/users\/7"}],"replies":[{"embeddable":true,"href":"https:\/\/estado29.mx\/index.php?rest_route=%2Fwp%2Fv2%2Fcomments&post=89287"}],"version-history":[{"count":1,"href":"https:\/\/estado29.mx\/index.php?rest_route=\/wp\/v2\/posts\/89287\/revisions"}],"predecessor-version":[{"id":89289,"href":"https:\/\/estado29.mx\/index.php?rest_route=\/wp\/v2\/posts\/89287\/revisions\/89289"}],"wp:featuredmedia":[{"embeddable":true,"href":"https:\/\/estado29.mx\/index.php?rest_route=\/wp\/v2\/media\/89288"}],"wp:attachment":[{"href":"https:\/\/estado29.mx\/index.php?rest_route=%2Fwp%2Fv2%2Fmedia&parent=89287"}],"wp:term":[{"taxonomy":"category","embeddable":true,"href":"https:\/\/estado29.mx\/index.php?rest_route=%2Fwp%2Fv2%2Fcategories&post=89287"},{"taxonomy":"post_tag","embeddable":true,"href":"https:\/\/estado29.mx\/index.php?rest_route=%2Fwp%2Fv2%2Ftags&post=89287"}],"curies":[{"name":"wp","href":"https:\/\/api.w.org\/{rel}","templated":true}]}}