{"id":89291,"date":"2024-03-22T19:15:49","date_gmt":"2024-03-22T19:15:49","guid":{"rendered":"https:\/\/estado29.mx\/?p=89291"},"modified":"2024-03-22T19:15:49","modified_gmt":"2024-03-22T19:15:49","slug":"inicia-grupo-cristo-rey-con-la-representacion-vida-pasion-y-muerte-de-cristo-semana-santa-2024","status":"publish","type":"post","link":"https:\/\/estado29.mx\/?p=89291","title":{"rendered":"Inicia Grupo Cristo Rey con la Representaci\u00f3n Vida, Pasi\u00f3n y Muerte de Cristo Semana Santa 2024."},"content":{"rendered":"\n<p>V\u00edctor D\u00edaz Morales, Representante del Grupo Cristo Rey en el Carmen Tequexquitla, detall\u00f3 que este s\u00e1bado 23 de marzo del a\u00f1o en curso, inician las actividades de la representaci\u00f3n Vida, Pasi\u00f3n y Muerte de Cristo Semana Santa 2024.<\/p>\n\n\n\n<p>D\u00edaz Morales, puntualiz\u00f3 que los trabajos inician con la colocaci\u00f3n de biombos, templetes para el domingo iniciar de forma oficial con esta representaci\u00f3n \u201cel programa ya oficial, empieza ya el 23 de marzo, se empiezan a colocar los biombos y templetes, las tramoyas para empezar a recibir Domingo de Ramos\u201d.<\/p>\n\n\n\n<p><br>Coment\u00f3 que el \u201cDomingo de Ramos tenemos, aqu\u00ed es Juan Bautista en el Auditorio Municipal, posteriormente, decapitaci\u00f3n de Juan Bautista, Banquete de Salom\u00e9, Bodas de Can\u00e1, esto se hace en el auditorio municipal, de aqu\u00ed de Tequexquitla, Benito Ju\u00e1rez\u201d.<\/p>\n\n\n\n<p><br>Para finalizar refiri\u00f3 que \u201cposteriormente la procesi\u00f3n y de ah\u00ed llegamos a La Campana, durante la procesi\u00f3n, tenemos la curaci\u00f3n de los ciegos de Jeric\u00f3, la curaci\u00f3n de una inv\u00e1lida y el endemoniado y llegando al Templo de La Campana, es la expulsi\u00f3n de los vendedores del templo&#8221;.<\/p>\n\n\n<figure class=\"wp-block-post-featured-image\"><img loading=\"lazy\" decoding=\"async\" width=\"1280\" height=\"960\" src=\"https:\/\/estado29.mx\/wp-content\/uploads\/2024\/03\/IMG-20240311-WA0003.jpg\" class=\"attachment-post-thumbnail size-post-thumbnail wp-post-image\" alt=\"\" style=\"object-fit:cover;\" srcset=\"https:\/\/estado29.mx\/wp-content\/uploads\/2024\/03\/IMG-20240311-WA0003.jpg 1280w, https:\/\/estado29.mx\/wp-content\/uploads\/2024\/03\/IMG-20240311-WA0003-300x225.jpg 300w, https:\/\/estado29.mx\/wp-content\/uploads\/2024\/03\/IMG-20240311-WA0003-1024x768.jpg 1024w, https:\/\/estado29.mx\/wp-content\/uploads\/2024\/03\/IMG-20240311-WA0003-768x576.jpg 768w, https:\/\/estado29.mx\/wp-content\/uploads\/2024\/03\/IMG-20240311-WA0003-750x563.jpg 750w, https:\/\/estado29.mx\/wp-content\/uploads\/2024\/03\/IMG-20240311-WA0003-1140x855.jpg 1140w\" sizes=\"auto, (max-width: 1280px) 100vw, 1280px\" \/><\/figure>","protected":false},"excerpt":{"rendered":"<p>V\u00edctor D\u00edaz Morales, Representante del Grupo Cristo Rey en el Carmen Tequexquitla, detall\u00f3 que este s\u00e1bado 23 de marzo del a\u00f1o en curso, inician las actividades de la representaci\u00f3n Vida, Pasi\u00f3n y Muerte de Cristo Semana Santa 2024. D\u00edaz Morales, puntualiz\u00f3 que los trabajos inician con la colocaci\u00f3n de biombos, templetes para el domingo iniciar [&hellip;]<\/p>\n","protected":false},"author":7,"featured_media":89246,"comment_status":"open","ping_status":"open","sticky":false,"template":"","format":"standard","meta":{"om_disable_all_campaigns":false,"_monsterinsights_skip_tracking":false,"_monsterinsights_sitenote_active":false,"_monsterinsights_sitenote_note":"","_monsterinsights_sitenote_category":0,"jnews-multi-image_gallery":[],"jnews_single_post":{"subtitle":"","format":"standard","video":"","gallery":"","source_name":"","source_url":"","via_name":"","via_url":"","override_template":"0","override":[{"template":"1","single_blog_custom":"","parallax":"1","fullscreen":"1","layout":"right-sidebar","sidebar":"default-sidebar","second_sidebar":"default-sidebar","sticky_sidebar":"1","share_position":"top","share_float_style":"share-monocrhome","show_share_counter":"1","show_view_counter":"1","show_featured":"1","show_post_meta":"1","show_post_author":"1","show_post_author_image":"1","show_post_date":"1","post_date_format":"default","post_date_format_custom":"Y\/m\/d","show_post_category":"1","show_post_reading_time":"0","post_reading_time_wpm":"300","show_zoom_button":"0","zoom_button_out_step":"2","zoom_button_in_step":"3","show_post_tag":"1","show_prev_next_post":"1","show_popup_post":"1","number_popup_post":"1","show_author_box":"1","show_post_related":"0","show_inline_post_related":"0"}],"override_image_size":"0","image_override":[{"single_post_thumbnail_size":"crop-500","single_post_gallery_size":"crop-500"}],"trending_post":"0","trending_post_position":"meta","trending_post_label":"Trending","sponsored_post":"0","sponsored_post_label":"Sponsored by","sponsored_post_name":"","sponsored_post_url":"","sponsored_post_logo_enable":"0","sponsored_post_logo":"","sponsored_post_desc":"","disable_ad":"0"},"jnews_primary_category":{"id":""},"footnotes":""},"categories":[1],"tags":[],"class_list":["post-89291","post","type-post","status-publish","format-standard","has-post-thumbnail","hentry","category-uncategorized"],"aioseo_notices":[],"_links":{"self":[{"href":"https:\/\/estado29.mx\/index.php?rest_route=\/wp\/v2\/posts\/89291","targetHints":{"allow":["GET"]}}],"collection":[{"href":"https:\/\/estado29.mx\/index.php?rest_route=\/wp\/v2\/posts"}],"about":[{"href":"https:\/\/estado29.mx\/index.php?rest_route=\/wp\/v2\/types\/post"}],"author":[{"embeddable":true,"href":"https:\/\/estado29.mx\/index.php?rest_route=\/wp\/v2\/users\/7"}],"replies":[{"embeddable":true,"href":"https:\/\/estado29.mx\/index.php?rest_route=%2Fwp%2Fv2%2Fcomments&post=89291"}],"version-history":[{"count":1,"href":"https:\/\/estado29.mx\/index.php?rest_route=\/wp\/v2\/posts\/89291\/revisions"}],"predecessor-version":[{"id":89292,"href":"https:\/\/estado29.mx\/index.php?rest_route=\/wp\/v2\/posts\/89291\/revisions\/89292"}],"wp:featuredmedia":[{"embeddable":true,"href":"https:\/\/estado29.mx\/index.php?rest_route=\/wp\/v2\/media\/89246"}],"wp:attachment":[{"href":"https:\/\/estado29.mx\/index.php?rest_route=%2Fwp%2Fv2%2Fmedia&parent=89291"}],"wp:term":[{"taxonomy":"category","embeddable":true,"href":"https:\/\/estado29.mx\/index.php?rest_route=%2Fwp%2Fv2%2Fcategories&post=89291"},{"taxonomy":"post_tag","embeddable":true,"href":"https:\/\/estado29.mx\/index.php?rest_route=%2Fwp%2Fv2%2Ftags&post=89291"}],"curies":[{"name":"wp","href":"https:\/\/api.w.org\/{rel}","templated":true}]}}