{"id":89293,"date":"2024-03-22T19:27:29","date_gmt":"2024-03-22T19:27:29","guid":{"rendered":"https:\/\/estado29.mx\/?p=89293"},"modified":"2024-03-22T19:27:30","modified_gmt":"2024-03-22T19:27:30","slug":"todo-listo-para-el-festival-del-maiz-2024-en-ixtenco","status":"publish","type":"post","link":"https:\/\/estado29.mx\/?p=89293","title":{"rendered":"Todo listo para el Festival del Ma\u00edz 2024 en Ixtenco."},"content":{"rendered":"\n<p>Cornelio Hern\u00e1ndez Rojas, Coordinador del Festival del Ma\u00edz en Ixtenco, refiri\u00f3 que ya se tiene listo el programa para el desarrollo de este evento en su edici\u00f3n 2024.<\/p>\n\n\n\n<figure class=\"wp-block-image size-large\"><img loading=\"lazy\" decoding=\"async\" width=\"1024\" height=\"768\" src=\"https:\/\/estado29.mx\/wp-content\/uploads\/2024\/03\/IMG_20240320_092828-min-1024x768.jpg\" alt=\"\" class=\"wp-image-89294\" srcset=\"https:\/\/estado29.mx\/wp-content\/uploads\/2024\/03\/IMG_20240320_092828-min-1024x768.jpg 1024w, https:\/\/estado29.mx\/wp-content\/uploads\/2024\/03\/IMG_20240320_092828-min-300x225.jpg 300w, https:\/\/estado29.mx\/wp-content\/uploads\/2024\/03\/IMG_20240320_092828-min-768x576.jpg 768w, https:\/\/estado29.mx\/wp-content\/uploads\/2024\/03\/IMG_20240320_092828-min-1536x1152.jpg 1536w, https:\/\/estado29.mx\/wp-content\/uploads\/2024\/03\/IMG_20240320_092828-min-2048x1536.jpg 2048w, https:\/\/estado29.mx\/wp-content\/uploads\/2024\/03\/IMG_20240320_092828-min-750x563.jpg 750w, https:\/\/estado29.mx\/wp-content\/uploads\/2024\/03\/IMG_20240320_092828-min-1140x855.jpg 1140w\" sizes=\"auto, (max-width: 1024px) 100vw, 1024px\" \/><\/figure>\n\n\n\n<p><br>Hern\u00e1ndez Rojas agreg\u00f3 que ser\u00e1n una semana de actividades muy interesantes, iniciando el s\u00e1bado 23 al 31 de marzo, en donde los visitantes tendr\u00e1n la oportunidad de conocer las diversas especies de ma\u00edz as\u00ed como sus colores \u201cel pr\u00f3ximo s\u00e1bado 23 estamos iniciando las actividades, tenemos desde las nueve y media de la ma\u00f1ana tenemos la instalaci\u00f3n de expositores, a las 10:45 tenemos la bienvenida, nosotros no tenemos una ceremonia en especial, la bienvenida siempre la da una persona hablante de lengua ind\u00edgena, son quienes hacen este mensaje\u201d.<\/p>\n\n\n\n<figure class=\"wp-block-image size-large\"><img loading=\"lazy\" decoding=\"async\" width=\"768\" height=\"1024\" src=\"https:\/\/estado29.mx\/wp-content\/uploads\/2024\/03\/IMG_20240320_084414-min-768x1024.jpg\" alt=\"\" class=\"wp-image-89295\" srcset=\"https:\/\/estado29.mx\/wp-content\/uploads\/2024\/03\/IMG_20240320_084414-min-768x1024.jpg 768w, https:\/\/estado29.mx\/wp-content\/uploads\/2024\/03\/IMG_20240320_084414-min-225x300.jpg 225w, https:\/\/estado29.mx\/wp-content\/uploads\/2024\/03\/IMG_20240320_084414-min-1152x1536.jpg 1152w, https:\/\/estado29.mx\/wp-content\/uploads\/2024\/03\/IMG_20240320_084414-min-1536x2048.jpg 1536w, https:\/\/estado29.mx\/wp-content\/uploads\/2024\/03\/IMG_20240320_084414-min-750x1000.jpg 750w, https:\/\/estado29.mx\/wp-content\/uploads\/2024\/03\/IMG_20240320_084414-min-1140x1520.jpg 1140w, https:\/\/estado29.mx\/wp-content\/uploads\/2024\/03\/IMG_20240320_084414-min-scaled.jpg 1920w\" sizes=\"auto, (max-width: 768px) 100vw, 768px\" \/><\/figure>\n\n\n\n<p>Cornelio Hern\u00e1ndez destac\u00f3 que este evento es para los productores del campo, por lo que son los principales invitados  \u201cpara nosotros, los principales invitados son los campesinos, pues es un festival campesino y queremos seguir haciendo de este espacio, dedicado para los campesinos si, los campesinos dif\u00edcilmente tienen un espacio, los campesinos cuando hay un evento, pues si tienen un espacio siempre los sientan hasta el \u00faltimo, hasta la \u00faltima fila, queremos que los campesinos est\u00e9n en primera fila\u201d.<\/p>\n\n\n<figure class=\"wp-block-post-featured-image\"><img loading=\"lazy\" decoding=\"async\" width=\"2560\" height=\"1920\" src=\"https:\/\/estado29.mx\/wp-content\/uploads\/2024\/03\/IMG_20240320_084421-min-scaled.jpg\" class=\"attachment-post-thumbnail size-post-thumbnail wp-post-image\" alt=\"\" style=\"object-fit:cover;\" srcset=\"https:\/\/estado29.mx\/wp-content\/uploads\/2024\/03\/IMG_20240320_084421-min-scaled.jpg 2560w, https:\/\/estado29.mx\/wp-content\/uploads\/2024\/03\/IMG_20240320_084421-min-300x225.jpg 300w, https:\/\/estado29.mx\/wp-content\/uploads\/2024\/03\/IMG_20240320_084421-min-1024x768.jpg 1024w, https:\/\/estado29.mx\/wp-content\/uploads\/2024\/03\/IMG_20240320_084421-min-768x576.jpg 768w, https:\/\/estado29.mx\/wp-content\/uploads\/2024\/03\/IMG_20240320_084421-min-1536x1152.jpg 1536w, https:\/\/estado29.mx\/wp-content\/uploads\/2024\/03\/IMG_20240320_084421-min-2048x1536.jpg 2048w, https:\/\/estado29.mx\/wp-content\/uploads\/2024\/03\/IMG_20240320_084421-min-750x563.jpg 750w, https:\/\/estado29.mx\/wp-content\/uploads\/2024\/03\/IMG_20240320_084421-min-1140x855.jpg 1140w\" sizes=\"auto, (max-width: 2560px) 100vw, 2560px\" \/><\/figure>\n\n\n<p><br>Para finalizar aseguro que \u201cser\u00e1 un evento donde haya conferencias, a cargo de diversos investigadores, eventos art\u00edsticos, presentaciones de libros, ser\u00e1 un evento muy interesante, pues a lo largo de la semana estaremos todo el grupo de artesanos y productores exponiendo las diversas variantes de ma\u00edz\u201d.<\/p>\n","protected":false},"excerpt":{"rendered":"<p>Cornelio Hern\u00e1ndez Rojas, Coordinador del Festival del Ma\u00edz en Ixtenco, refiri\u00f3 que ya se tiene listo el programa para el desarrollo de este evento en su edici\u00f3n 2024. Hern\u00e1ndez Rojas agreg\u00f3 que ser\u00e1n una semana de actividades muy interesantes, iniciando el s\u00e1bado 23 al 31 de marzo, en donde los visitantes tendr\u00e1n la oportunidad de [&hellip;]<\/p>\n","protected":false},"author":7,"featured_media":89280,"comment_status":"open","ping_status":"open","sticky":false,"template":"","format":"standard","meta":{"om_disable_all_campaigns":false,"_monsterinsights_skip_tracking":false,"_monsterinsights_sitenote_active":false,"_monsterinsights_sitenote_note":"","_monsterinsights_sitenote_category":0,"jnews-multi-image_gallery":[],"jnews_single_post":{"subtitle":"","format":"standard","video":"","gallery":"","source_name":"","source_url":"","via_name":"","via_url":"","override_template":"0","override":[{"template":"1","single_blog_custom":"","parallax":"1","fullscreen":"1","layout":"right-sidebar","sidebar":"default-sidebar","second_sidebar":"default-sidebar","sticky_sidebar":"1","share_position":"top","share_float_style":"share-monocrhome","show_share_counter":"1","show_view_counter":"1","show_featured":"1","show_post_meta":"1","show_post_author":"1","show_post_author_image":"1","show_post_date":"1","post_date_format":"default","post_date_format_custom":"Y\/m\/d","show_post_category":"1","show_post_reading_time":"0","post_reading_time_wpm":"300","show_zoom_button":"0","zoom_button_out_step":"2","zoom_button_in_step":"3","show_post_tag":"1","show_prev_next_post":"1","show_popup_post":"1","number_popup_post":"1","show_author_box":"1","show_post_related":"0","show_inline_post_related":"0"}],"override_image_size":"0","image_override":[{"single_post_thumbnail_size":"crop-500","single_post_gallery_size":"crop-500"}],"trending_post":"0","trending_post_position":"meta","trending_post_label":"Trending","sponsored_post":"0","sponsored_post_label":"Sponsored by","sponsored_post_name":"","sponsored_post_url":"","sponsored_post_logo_enable":"0","sponsored_post_logo":"","sponsored_post_desc":"","disable_ad":"0"},"jnews_primary_category":{"id":""},"footnotes":""},"categories":[1],"tags":[],"class_list":["post-89293","post","type-post","status-publish","format-standard","has-post-thumbnail","hentry","category-uncategorized"],"aioseo_notices":[],"_links":{"self":[{"href":"https:\/\/estado29.mx\/index.php?rest_route=\/wp\/v2\/posts\/89293","targetHints":{"allow":["GET"]}}],"collection":[{"href":"https:\/\/estado29.mx\/index.php?rest_route=\/wp\/v2\/posts"}],"about":[{"href":"https:\/\/estado29.mx\/index.php?rest_route=\/wp\/v2\/types\/post"}],"author":[{"embeddable":true,"href":"https:\/\/estado29.mx\/index.php?rest_route=\/wp\/v2\/users\/7"}],"replies":[{"embeddable":true,"href":"https:\/\/estado29.mx\/index.php?rest_route=%2Fwp%2Fv2%2Fcomments&post=89293"}],"version-history":[{"count":1,"href":"https:\/\/estado29.mx\/index.php?rest_route=\/wp\/v2\/posts\/89293\/revisions"}],"predecessor-version":[{"id":89296,"href":"https:\/\/estado29.mx\/index.php?rest_route=\/wp\/v2\/posts\/89293\/revisions\/89296"}],"wp:featuredmedia":[{"embeddable":true,"href":"https:\/\/estado29.mx\/index.php?rest_route=\/wp\/v2\/media\/89280"}],"wp:attachment":[{"href":"https:\/\/estado29.mx\/index.php?rest_route=%2Fwp%2Fv2%2Fmedia&parent=89293"}],"wp:term":[{"taxonomy":"category","embeddable":true,"href":"https:\/\/estado29.mx\/index.php?rest_route=%2Fwp%2Fv2%2Fcategories&post=89293"},{"taxonomy":"post_tag","embeddable":true,"href":"https:\/\/estado29.mx\/index.php?rest_route=%2Fwp%2Fv2%2Ftags&post=89293"}],"curies":[{"name":"wp","href":"https:\/\/api.w.org\/{rel}","templated":true}]}}