{"id":89301,"date":"2024-03-26T19:02:42","date_gmt":"2024-03-26T19:02:42","guid":{"rendered":"https:\/\/estado29.mx\/?p=89301"},"modified":"2024-03-26T19:02:43","modified_gmt":"2024-03-26T19:02:43","slug":"festival-de-maiz-cultura-tradicion-e-identidad-de-ixtenco-3","status":"publish","type":"post","link":"https:\/\/estado29.mx\/?p=89301","title":{"rendered":"Festival de Ma\u00edz, Cultura, Tradici\u00f3n e Identidad de Ixtenco."},"content":{"rendered":"\n<p>Amigos de En Punto, retomando la entrevista con el Coordinador General del Festival de Ma\u00edz en Ixtenco, Cornelio Hern\u00e1ndez Rojas, quien en esta ocasi\u00f3n nos habla del dise\u00f1o de este proyecto.<\/p>\n\n\n\n<p><br>Agreg\u00f3 que es dirigido a los productores del campo, pues en otros festivales se contempla solo a comerciante \u201ceste festival est\u00e1 promovido por un grupo de compa\u00f1eros y compa\u00f1eras campesinos, hay pocos festivales en que t\u00fa puedes dialogar de manera directa con un campesino, tenemos mucho cuidado de que sean productores, no comerciantes\u201d.<\/p>\n\n\n\n<figure class=\"wp-block-image size-large\"><img loading=\"lazy\" decoding=\"async\" width=\"1024\" height=\"768\" src=\"https:\/\/estado29.mx\/wp-content\/uploads\/2024\/03\/IMG_20240320_092828-min-1-1024x768.jpg\" alt=\"\" class=\"wp-image-89302\" srcset=\"https:\/\/estado29.mx\/wp-content\/uploads\/2024\/03\/IMG_20240320_092828-min-1-1024x768.jpg 1024w, https:\/\/estado29.mx\/wp-content\/uploads\/2024\/03\/IMG_20240320_092828-min-1-300x225.jpg 300w, https:\/\/estado29.mx\/wp-content\/uploads\/2024\/03\/IMG_20240320_092828-min-1-768x576.jpg 768w, https:\/\/estado29.mx\/wp-content\/uploads\/2024\/03\/IMG_20240320_092828-min-1-1536x1152.jpg 1536w, https:\/\/estado29.mx\/wp-content\/uploads\/2024\/03\/IMG_20240320_092828-min-1-2048x1536.jpg 2048w, https:\/\/estado29.mx\/wp-content\/uploads\/2024\/03\/IMG_20240320_092828-min-1-750x563.jpg 750w, https:\/\/estado29.mx\/wp-content\/uploads\/2024\/03\/IMG_20240320_092828-min-1-1140x855.jpg 1140w\" sizes=\"auto, (max-width: 1024px) 100vw, 1024px\" \/><\/figure>\n\n\n\n<p><br>Coment\u00f3 que en ocasiones, la sociedad suele dirigirse al campesino de una forma denigrante, dejando de lado la sabidur\u00eda que posee y la conexi\u00f3n con la tierra y sus diversas etapas \u201csi bien es cierto que es una oportunidad para comerciar sus productos, pero que sean productores, porque lamentablemente en muchos festivales encontramos a gente que son comerciantes y dijimos, este es un espacio que sea para los campesinos, porque va acompa\u00f1ado de un proceso de empoderamiento de los compa\u00f1eros campesinos\u201d.<\/p>\n\n\n\n<p><br>Puntualiz\u00f3 que \u201cser campesino, que no sea algo denigrante, que digan, hay es que es campesino, no, el campesino es una persona que sabe y que sabe mucho, que sabe de las caracter\u00edsticas de la semilla, los periodos de siembra, c\u00f3mo preparar la tierra, de las condiciones clim\u00e1ticas, de los usos alimenticios de cada semilla, el campesino es una persona que est\u00e1 conectada con la tierra, que todav\u00eda respeta la tierra, que no se regocija a aplicar agroqu\u00edmico, ese es el campesino y queremos rescatar esa forma de ser campesino, aquellos hombres, aquellas mujeres que respeten la tierra, que respeten la naturaleza, que es muy necesario en estos tiempos, que estamos viviendo el inicio, lamentablemente, solo es el inicio de cambio clim\u00e1tico de esta nueva era que le est\u00e1n llamando Antropoceno, porque las eras anteriores que, bueno pues era un cambio de clima generada por la misma naturaleza, pero este cambio de clima lo generamos nosotros los hombres y entonces, es mucho m\u00e1s incierto y las consecuencias bastante graves para esta cantidad de poblaci\u00f3n que tenemos en el mundo\u201d.<\/p>\n\n\n<figure class=\"wp-block-post-featured-image\"><img loading=\"lazy\" decoding=\"async\" width=\"2560\" height=\"1920\" src=\"https:\/\/estado29.mx\/wp-content\/uploads\/2024\/03\/IMG_20240320_084421-min-scaled.jpg\" class=\"attachment-post-thumbnail size-post-thumbnail wp-post-image\" alt=\"\" style=\"object-fit:cover;\" srcset=\"https:\/\/estado29.mx\/wp-content\/uploads\/2024\/03\/IMG_20240320_084421-min-scaled.jpg 2560w, https:\/\/estado29.mx\/wp-content\/uploads\/2024\/03\/IMG_20240320_084421-min-300x225.jpg 300w, https:\/\/estado29.mx\/wp-content\/uploads\/2024\/03\/IMG_20240320_084421-min-1024x768.jpg 1024w, https:\/\/estado29.mx\/wp-content\/uploads\/2024\/03\/IMG_20240320_084421-min-768x576.jpg 768w, https:\/\/estado29.mx\/wp-content\/uploads\/2024\/03\/IMG_20240320_084421-min-1536x1152.jpg 1536w, https:\/\/estado29.mx\/wp-content\/uploads\/2024\/03\/IMG_20240320_084421-min-2048x1536.jpg 2048w, https:\/\/estado29.mx\/wp-content\/uploads\/2024\/03\/IMG_20240320_084421-min-750x563.jpg 750w, https:\/\/estado29.mx\/wp-content\/uploads\/2024\/03\/IMG_20240320_084421-min-1140x855.jpg 1140w\" sizes=\"auto, (max-width: 2560px) 100vw, 2560px\" \/><\/figure>","protected":false},"excerpt":{"rendered":"<p>Amigos de En Punto, retomando la entrevista con el Coordinador General del Festival de Ma\u00edz en Ixtenco, Cornelio Hern\u00e1ndez Rojas, quien en esta ocasi\u00f3n nos habla del dise\u00f1o de este proyecto. Agreg\u00f3 que es dirigido a los productores del campo, pues en otros festivales se contempla solo a comerciante \u201ceste festival est\u00e1 promovido por un [&hellip;]<\/p>\n","protected":false},"author":7,"featured_media":89280,"comment_status":"open","ping_status":"open","sticky":false,"template":"","format":"standard","meta":{"om_disable_all_campaigns":false,"_monsterinsights_skip_tracking":false,"_monsterinsights_sitenote_active":false,"_monsterinsights_sitenote_note":"","_monsterinsights_sitenote_category":0,"jnews-multi-image_gallery":[],"jnews_single_post":{"subtitle":"","format":"standard","video":"","gallery":"","source_name":"","source_url":"","via_name":"","via_url":"","override_template":"0","override":[{"template":"1","single_blog_custom":"","parallax":"1","fullscreen":"1","layout":"right-sidebar","sidebar":"default-sidebar","second_sidebar":"default-sidebar","sticky_sidebar":"1","share_position":"top","share_float_style":"share-monocrhome","show_share_counter":"1","show_view_counter":"1","show_featured":"1","show_post_meta":"1","show_post_author":"1","show_post_author_image":"1","show_post_date":"1","post_date_format":"default","post_date_format_custom":"Y\/m\/d","show_post_category":"1","show_post_reading_time":"0","post_reading_time_wpm":"300","show_zoom_button":"0","zoom_button_out_step":"2","zoom_button_in_step":"3","show_post_tag":"1","show_prev_next_post":"1","show_popup_post":"1","number_popup_post":"1","show_author_box":"1","show_post_related":"0","show_inline_post_related":"0"}],"override_image_size":"0","image_override":[{"single_post_thumbnail_size":"crop-500","single_post_gallery_size":"crop-500"}],"trending_post":"0","trending_post_position":"meta","trending_post_label":"Trending","sponsored_post":"0","sponsored_post_label":"Sponsored by","sponsored_post_name":"","sponsored_post_url":"","sponsored_post_logo_enable":"0","sponsored_post_logo":"","sponsored_post_desc":"","disable_ad":"0"},"jnews_primary_category":{"id":""},"footnotes":""},"categories":[1],"tags":[],"class_list":["post-89301","post","type-post","status-publish","format-standard","has-post-thumbnail","hentry","category-uncategorized"],"aioseo_notices":[],"_links":{"self":[{"href":"https:\/\/estado29.mx\/index.php?rest_route=\/wp\/v2\/posts\/89301","targetHints":{"allow":["GET"]}}],"collection":[{"href":"https:\/\/estado29.mx\/index.php?rest_route=\/wp\/v2\/posts"}],"about":[{"href":"https:\/\/estado29.mx\/index.php?rest_route=\/wp\/v2\/types\/post"}],"author":[{"embeddable":true,"href":"https:\/\/estado29.mx\/index.php?rest_route=\/wp\/v2\/users\/7"}],"replies":[{"embeddable":true,"href":"https:\/\/estado29.mx\/index.php?rest_route=%2Fwp%2Fv2%2Fcomments&post=89301"}],"version-history":[{"count":1,"href":"https:\/\/estado29.mx\/index.php?rest_route=\/wp\/v2\/posts\/89301\/revisions"}],"predecessor-version":[{"id":89303,"href":"https:\/\/estado29.mx\/index.php?rest_route=\/wp\/v2\/posts\/89301\/revisions\/89303"}],"wp:featuredmedia":[{"embeddable":true,"href":"https:\/\/estado29.mx\/index.php?rest_route=\/wp\/v2\/media\/89280"}],"wp:attachment":[{"href":"https:\/\/estado29.mx\/index.php?rest_route=%2Fwp%2Fv2%2Fmedia&parent=89301"}],"wp:term":[{"taxonomy":"category","embeddable":true,"href":"https:\/\/estado29.mx\/index.php?rest_route=%2Fwp%2Fv2%2Fcategories&post=89301"},{"taxonomy":"post_tag","embeddable":true,"href":"https:\/\/estado29.mx\/index.php?rest_route=%2Fwp%2Fv2%2Ftags&post=89301"}],"curies":[{"name":"wp","href":"https:\/\/api.w.org\/{rel}","templated":true}]}}