{"id":89318,"date":"2024-03-27T20:11:13","date_gmt":"2024-03-27T20:11:13","guid":{"rendered":"https:\/\/estado29.mx\/?p=89318"},"modified":"2024-03-27T20:11:14","modified_gmt":"2024-03-27T20:11:14","slug":"listo-hector-para-representar-el-papel-de-jesus-el-proximo-viernes-santo-en-tequexquitla-2","status":"publish","type":"post","link":"https:\/\/estado29.mx\/?p=89318","title":{"rendered":"Listo H\u00e9ctor para representar el papel de Jes\u00fas el pr\u00f3ximo Viernes Santo en Tequexquitla."},"content":{"rendered":"\n<p>H\u00e9ctor Camacho Mart\u00ednez, quien interpretar\u00e1 el papel de Jes\u00fas en la Representaci\u00f3n del Viacrucis Vida Pasi\u00f3n y Muerte de Cristo en el Carmen Tequexquitla, en entrevista para En Punto, comparti\u00f3 los diversos aspectos que tom\u00f3 en cuenta, como m\u00e9todo de preparaci\u00f3n para este recorrido, de alrededor de 4 kil\u00f3metros, que realizar\u00e1 el pr\u00f3ximo Viernes Santo, por las principales calles del lugar.<\/p>\n\n\n\n<p><br>Camacho Mart\u00ednez en su mensaje, invita a la ciudadan\u00eda a vivir esta Semana Santa en familia, a la reflexi\u00f3n y a seguir los mandamientos de Jes\u00fas, que es el objetivo por el que se hace esta representaci\u00f3n \u201ctenemos el gusto, la dicha, el deseo de nuevamente interpretar el papel de Jes\u00fas, es la tercera ocasi\u00f3n que nos toca representar y yo creo que ya ser\u00e1 la \u00faltima, como costumbre, como tradici\u00f3n, todos buscamos las tres ocasiones, el m\u00e9todo de preparaci\u00f3n que yo ocup\u00e9, fue basado en tres aspectos, psicol\u00f3gico, espiritual y f\u00edsico\u201d.<\/p>\n\n\n<figure class=\"wp-block-post-featured-image\"><img loading=\"lazy\" decoding=\"async\" width=\"2560\" height=\"1920\" src=\"https:\/\/estado29.mx\/wp-content\/uploads\/2024\/03\/IMG_20240327_114817-min-scaled.jpg\" class=\"attachment-post-thumbnail size-post-thumbnail wp-post-image\" alt=\"\" style=\"object-fit:cover;\" srcset=\"https:\/\/estado29.mx\/wp-content\/uploads\/2024\/03\/IMG_20240327_114817-min-scaled.jpg 2560w, https:\/\/estado29.mx\/wp-content\/uploads\/2024\/03\/IMG_20240327_114817-min-300x225.jpg 300w, https:\/\/estado29.mx\/wp-content\/uploads\/2024\/03\/IMG_20240327_114817-min-1024x768.jpg 1024w, https:\/\/estado29.mx\/wp-content\/uploads\/2024\/03\/IMG_20240327_114817-min-768x576.jpg 768w, https:\/\/estado29.mx\/wp-content\/uploads\/2024\/03\/IMG_20240327_114817-min-1536x1152.jpg 1536w, https:\/\/estado29.mx\/wp-content\/uploads\/2024\/03\/IMG_20240327_114817-min-2048x1536.jpg 2048w, https:\/\/estado29.mx\/wp-content\/uploads\/2024\/03\/IMG_20240327_114817-min-750x563.jpg 750w, https:\/\/estado29.mx\/wp-content\/uploads\/2024\/03\/IMG_20240327_114817-min-1140x855.jpg 1140w\" sizes=\"auto, (max-width: 2560px) 100vw, 2560px\" \/><\/figure>\n\n\n<p><br>Detall\u00f3 que \u201cen el m\u00e9todo psicol\u00f3gico es saber que en este proceso, conlleva muchos sentimientos, entonces a veces los sentimientos nos doblegan, cuando vemos a un familiar, que va angustiado, a veces m\u00e1s que uno, pues transmite esa angustia, entonces saber manejar todo ese proceso, saber controlar el cuerpo con la mente, hay golpes, s\u00ed si hay golpes pero pues hay que soportar el peso de la cruz\u201d.<br>\u201cen el tema espiritual, estar en paz con uno mismo, acercarse a Dios mediante la eucarist\u00eda, saber lo que estamos representando, lo que vamos a hacer, lo que queremos compartir a la dem\u00e1s gente\u201d.<\/p>\n\n\n\n<p><br>Asimismo coment\u00f3 que \u201cel proceso f\u00edsico, nos vamos a correr porque hay que agarrar condici\u00f3n, por el recorrido que son 4 kil\u00f3metros, preparar los pies pues va uno descalzo, entonces de cierta manera pues agarrar un poco de callo en los pies para soportar estas temperaturas que pues ahorita nos est\u00e1n afectando demasiado\u201d.<\/p>\n\n\n\n<p><br>Para finalizar dijo que \u201cel mensaje que yo podr\u00eda dar a la poblaci\u00f3n es que vivamos esta Semana Santa, en santa paz, si tenemos la oportunidad de vivirla, de conmemorar esta festividad con nuestra familia, que no perdamos tiempo y que lo hagamos , son tiempos de reflexi\u00f3n, se dice por ah\u00ed, todo el a\u00f1o somos malos, pecadores, es cierto, de cierta manera llegamos a pecar pero yo creo que estos d\u00edas son para reflexionar y cambiar, sabemos que estamos en el mundo del pecado, pero s\u00ed podemos ser mejores\u201d.<\/p>\n","protected":false},"excerpt":{"rendered":"<p>H\u00e9ctor Camacho Mart\u00ednez, quien interpretar\u00e1 el papel de Jes\u00fas en la Representaci\u00f3n del Viacrucis Vida Pasi\u00f3n y Muerte de Cristo en el Carmen Tequexquitla, en entrevista para En Punto, comparti\u00f3 los diversos aspectos que tom\u00f3 en cuenta, como m\u00e9todo de preparaci\u00f3n para este recorrido, de alrededor de 4 kil\u00f3metros, que realizar\u00e1 el pr\u00f3ximo Viernes Santo, [&hellip;]<\/p>\n","protected":false},"author":7,"featured_media":89319,"comment_status":"open","ping_status":"open","sticky":false,"template":"","format":"standard","meta":{"om_disable_all_campaigns":false,"_monsterinsights_skip_tracking":false,"_monsterinsights_sitenote_active":false,"_monsterinsights_sitenote_note":"","_monsterinsights_sitenote_category":0,"jnews-multi-image_gallery":[],"jnews_single_post":{"subtitle":"","format":"standard","video":"","gallery":"","source_name":"","source_url":"","via_name":"","via_url":"","override_template":"0","override":[{"template":"1","single_blog_custom":"","parallax":"1","fullscreen":"1","layout":"right-sidebar","sidebar":"default-sidebar","second_sidebar":"default-sidebar","sticky_sidebar":"1","share_position":"top","share_float_style":"share-monocrhome","show_share_counter":"1","show_view_counter":"1","show_featured":"1","show_post_meta":"1","show_post_author":"1","show_post_author_image":"1","show_post_date":"1","post_date_format":"default","post_date_format_custom":"Y\/m\/d","show_post_category":"1","show_post_reading_time":"0","post_reading_time_wpm":"300","show_zoom_button":"0","zoom_button_out_step":"2","zoom_button_in_step":"3","show_post_tag":"1","show_prev_next_post":"1","show_popup_post":"1","number_popup_post":"1","show_author_box":"1","show_post_related":"0","show_inline_post_related":"0"}],"override_image_size":"0","image_override":[{"single_post_thumbnail_size":"crop-500","single_post_gallery_size":"crop-500"}],"trending_post":"0","trending_post_position":"meta","trending_post_label":"Trending","sponsored_post":"0","sponsored_post_label":"Sponsored by","sponsored_post_name":"","sponsored_post_url":"","sponsored_post_logo_enable":"0","sponsored_post_logo":"","sponsored_post_desc":"","disable_ad":"0"},"jnews_primary_category":{"id":""},"footnotes":""},"categories":[1],"tags":[],"class_list":["post-89318","post","type-post","status-publish","format-standard","has-post-thumbnail","hentry","category-uncategorized"],"aioseo_notices":[],"_links":{"self":[{"href":"https:\/\/estado29.mx\/index.php?rest_route=\/wp\/v2\/posts\/89318","targetHints":{"allow":["GET"]}}],"collection":[{"href":"https:\/\/estado29.mx\/index.php?rest_route=\/wp\/v2\/posts"}],"about":[{"href":"https:\/\/estado29.mx\/index.php?rest_route=\/wp\/v2\/types\/post"}],"author":[{"embeddable":true,"href":"https:\/\/estado29.mx\/index.php?rest_route=\/wp\/v2\/users\/7"}],"replies":[{"embeddable":true,"href":"https:\/\/estado29.mx\/index.php?rest_route=%2Fwp%2Fv2%2Fcomments&post=89318"}],"version-history":[{"count":1,"href":"https:\/\/estado29.mx\/index.php?rest_route=\/wp\/v2\/posts\/89318\/revisions"}],"predecessor-version":[{"id":89320,"href":"https:\/\/estado29.mx\/index.php?rest_route=\/wp\/v2\/posts\/89318\/revisions\/89320"}],"wp:featuredmedia":[{"embeddable":true,"href":"https:\/\/estado29.mx\/index.php?rest_route=\/wp\/v2\/media\/89319"}],"wp:attachment":[{"href":"https:\/\/estado29.mx\/index.php?rest_route=%2Fwp%2Fv2%2Fmedia&parent=89318"}],"wp:term":[{"taxonomy":"category","embeddable":true,"href":"https:\/\/estado29.mx\/index.php?rest_route=%2Fwp%2Fv2%2Fcategories&post=89318"},{"taxonomy":"post_tag","embeddable":true,"href":"https:\/\/estado29.mx\/index.php?rest_route=%2Fwp%2Fv2%2Ftags&post=89318"}],"curies":[{"name":"wp","href":"https:\/\/api.w.org\/{rel}","templated":true}]}}