{"id":89322,"date":"2024-03-28T19:33:13","date_gmt":"2024-03-28T19:33:13","guid":{"rendered":"https:\/\/estado29.mx\/?p=89322"},"modified":"2024-03-28T19:33:13","modified_gmt":"2024-03-28T19:33:13","slug":"trabajaran-de-forma-coordinada-proteccion-civil-y-direccion-de-seguridad-de-huamantla-por-operativo-de-semana-santa","status":"publish","type":"post","link":"https:\/\/estado29.mx\/?p=89322","title":{"rendered":"Trabajar\u00e1n de forma coordinada Protecci\u00f3n Civil y Direcci\u00f3n de Seguridad de Huamantla por Operativo de Semana Santa."},"content":{"rendered":"\n<p>El Coordinador de Protecci\u00f3n Civil en el municipio de Huamantla, Orlando Rafael Castillo L\u00f3pez, refiri\u00f3 que dicha \u00e1rea municipal trabajar\u00e1 de manera conjunta con la Direcci\u00f3n de Seguridad a fin de salvaguardar la integridad de la ciudadan\u00eda y visitantes al lugar, por el periodo vacacional de Semana Santa \u201cla coordinaci\u00f3n empez\u00f3 el operativo a partir del d\u00eda lunes, se empez\u00f3 ya a hacer las revisiones en los centros vacacionales, en los centros recreativos que tenemos aqu\u00ed en Huamantla, para que cuenten con las medidas preventivas de seguridad, con sus param\u00e9dicos, con sus salvavidas y que las instalaciones est\u00e9n en condiciones \u00f3ptimas para recibir a los visitantes\u201d.<\/p>\n\n\n\n<p><br>En este sentido enfatiz\u00f3 que este operativo dio inicio el lunes y culminar\u00e1 el d\u00eda 31 de marzo y que como medida preventiva, se realizan inspecciones el balnearios, a fin de que cumplan con las medidas necesarias de operatividad.<\/p>\n\n\n<figure class=\"wp-block-post-featured-image\"><img loading=\"lazy\" decoding=\"async\" width=\"2560\" height=\"1920\" src=\"https:\/\/estado29.mx\/wp-content\/uploads\/2024\/03\/IMG_20240327_102908-min-scaled.jpg\" class=\"attachment-post-thumbnail size-post-thumbnail wp-post-image\" alt=\"\" style=\"object-fit:cover;\" srcset=\"https:\/\/estado29.mx\/wp-content\/uploads\/2024\/03\/IMG_20240327_102908-min-scaled.jpg 2560w, https:\/\/estado29.mx\/wp-content\/uploads\/2024\/03\/IMG_20240327_102908-min-300x225.jpg 300w, https:\/\/estado29.mx\/wp-content\/uploads\/2024\/03\/IMG_20240327_102908-min-1024x768.jpg 1024w, https:\/\/estado29.mx\/wp-content\/uploads\/2024\/03\/IMG_20240327_102908-min-768x576.jpg 768w, https:\/\/estado29.mx\/wp-content\/uploads\/2024\/03\/IMG_20240327_102908-min-1536x1152.jpg 1536w, https:\/\/estado29.mx\/wp-content\/uploads\/2024\/03\/IMG_20240327_102908-min-2048x1536.jpg 2048w, https:\/\/estado29.mx\/wp-content\/uploads\/2024\/03\/IMG_20240327_102908-min-750x563.jpg 750w, https:\/\/estado29.mx\/wp-content\/uploads\/2024\/03\/IMG_20240327_102908-min-1140x855.jpg 1140w\" sizes=\"auto, (max-width: 2560px) 100vw, 2560px\" \/><\/figure>\n\n\n<p><br>En cuanto a la venta de bebidas et\u00edlicas agreg\u00f3 que \u201cvamos a tener la Ley Seca, en tres comunidades total, que es en Xicot\u00e9ncatl, Ignacio Zaragoza y Benito Ju\u00e1rez, son las comunidades que vanos a tener con la restricci\u00f3n de bebidas alcoh\u00f3licas, todo lo dem\u00e1s va a quedar hasta las 19 horas, a partir de las 19 horas habr\u00e1 operativos, no pueden ingerir bebidas alcoh\u00f3licas dentro de los establecimientos, fuera de los establecimientos y personas que sean sorprendidas tomando bebidas alcoh\u00f3licas en la v\u00eda p\u00fablica, ser\u00e1n puestas a disposici\u00f3n por parte de Polic\u00eda Municipal\u201d.<\/p>\n\n\n\n<p>Para finalizar, emiti\u00f3 algunas medidas de recomendaci\u00f3n a la ciudadan\u00eda, para el presente periodo vacacional \u201cque por favor tengan mucho cuidado, que si toman no manejen, vamos a tener operativos, dentro de todo lo que es Huamantla, las 39 comunidades vamos a estar haciendo recorridos junto con Seguridad P\u00fablica, vamos a tener apoyo de la Coordinaci\u00f3n Estatal de Protecci\u00f3n Civil, tambi\u00e9n van a hacer recorridos, ellos van a estar en conjunto con nosotros, vamos a tener alcohol\u00edmetros, para que tambi\u00e9n la gente tome sus medidas\u201d.<\/p>\n","protected":false},"excerpt":{"rendered":"<p>El Coordinador de Protecci\u00f3n Civil en el municipio de Huamantla, Orlando Rafael Castillo L\u00f3pez, refiri\u00f3 que dicha \u00e1rea municipal trabajar\u00e1 de manera conjunta con la Direcci\u00f3n de Seguridad a fin de salvaguardar la integridad de la ciudadan\u00eda y visitantes al lugar, por el periodo vacacional de Semana Santa \u201cla coordinaci\u00f3n empez\u00f3 el operativo a partir [&hellip;]<\/p>\n","protected":false},"author":7,"featured_media":89323,"comment_status":"open","ping_status":"open","sticky":false,"template":"","format":"standard","meta":{"om_disable_all_campaigns":false,"_monsterinsights_skip_tracking":false,"_monsterinsights_sitenote_active":false,"_monsterinsights_sitenote_note":"","_monsterinsights_sitenote_category":0,"jnews-multi-image_gallery":[],"jnews_single_post":[],"jnews_primary_category":[],"footnotes":""},"categories":[1],"tags":[],"class_list":["post-89322","post","type-post","status-publish","format-standard","has-post-thumbnail","hentry","category-uncategorized"],"aioseo_notices":[],"_links":{"self":[{"href":"https:\/\/estado29.mx\/index.php?rest_route=\/wp\/v2\/posts\/89322","targetHints":{"allow":["GET"]}}],"collection":[{"href":"https:\/\/estado29.mx\/index.php?rest_route=\/wp\/v2\/posts"}],"about":[{"href":"https:\/\/estado29.mx\/index.php?rest_route=\/wp\/v2\/types\/post"}],"author":[{"embeddable":true,"href":"https:\/\/estado29.mx\/index.php?rest_route=\/wp\/v2\/users\/7"}],"replies":[{"embeddable":true,"href":"https:\/\/estado29.mx\/index.php?rest_route=%2Fwp%2Fv2%2Fcomments&post=89322"}],"version-history":[{"count":1,"href":"https:\/\/estado29.mx\/index.php?rest_route=\/wp\/v2\/posts\/89322\/revisions"}],"predecessor-version":[{"id":89324,"href":"https:\/\/estado29.mx\/index.php?rest_route=\/wp\/v2\/posts\/89322\/revisions\/89324"}],"wp:featuredmedia":[{"embeddable":true,"href":"https:\/\/estado29.mx\/index.php?rest_route=\/wp\/v2\/media\/89323"}],"wp:attachment":[{"href":"https:\/\/estado29.mx\/index.php?rest_route=%2Fwp%2Fv2%2Fmedia&parent=89322"}],"wp:term":[{"taxonomy":"category","embeddable":true,"href":"https:\/\/estado29.mx\/index.php?rest_route=%2Fwp%2Fv2%2Fcategories&post=89322"},{"taxonomy":"post_tag","embeddable":true,"href":"https:\/\/estado29.mx\/index.php?rest_route=%2Fwp%2Fv2%2Ftags&post=89322"}],"curies":[{"name":"wp","href":"https:\/\/api.w.org\/{rel}","templated":true}]}}