{"id":89325,"date":"2024-03-28T19:49:36","date_gmt":"2024-03-28T19:49:36","guid":{"rendered":"https:\/\/estado29.mx\/?p=89325"},"modified":"2024-03-28T19:49:37","modified_gmt":"2024-03-28T19:49:37","slug":"todo-listo-en-tequexquitla-para-llevar-a-cabo-representacion-de-viacrucis-en-vivo-vida-pasion-y-muerte-de-cristo-semana-santa-2024","status":"publish","type":"post","link":"https:\/\/estado29.mx\/?p=89325","title":{"rendered":"Todo listo en Tequexquitla para llevar a cabo Representaci\u00f3n de Viacrucis en Vivo Vida, Pasi\u00f3n y Muerte de Cristo Semana Santa 2024."},"content":{"rendered":"\n<p>El representante del Grupo Cristo Rey en el Municipio de El Carmen Tequexquitla, V\u00edctor D\u00edaz Morales, habl\u00f3 en entrevista para este espacio informativo, sobre las actividades que realizar\u00e1 la representaci\u00f3n del Viacrucis Vida, Pasi\u00f3n y Muerte de Cristo, para los d\u00edas viernes santo, S\u00e1bado de Gloria y Domingo que Pascua \u201cel Viernes Santo empezamos a las nueve de la ma\u00f1ana con el Juicio de Pilatos y las representaciones del Viacrucis por las principales calles del pueblo, terminamos m\u00e1s o menos en un promedio de dos y media a tres de la tarde, como lo llamaba el C\u00f3digo Griego, la hora nona\u201d.<\/p>\n\n\n\n<figure class=\"wp-block-image size-large\"><img loading=\"lazy\" decoding=\"async\" width=\"1024\" height=\"768\" src=\"http:\/\/estado29.mx\/wp-content\/uploads\/2024\/03\/IMG-20240311-WA0003-1024x768.jpg\" alt=\"\" class=\"wp-image-89246\" srcset=\"https:\/\/estado29.mx\/wp-content\/uploads\/2024\/03\/IMG-20240311-WA0003-1024x768.jpg 1024w, https:\/\/estado29.mx\/wp-content\/uploads\/2024\/03\/IMG-20240311-WA0003-300x225.jpg 300w, https:\/\/estado29.mx\/wp-content\/uploads\/2024\/03\/IMG-20240311-WA0003-768x576.jpg 768w, https:\/\/estado29.mx\/wp-content\/uploads\/2024\/03\/IMG-20240311-WA0003-750x563.jpg 750w, https:\/\/estado29.mx\/wp-content\/uploads\/2024\/03\/IMG-20240311-WA0003-1140x855.jpg 1140w, https:\/\/estado29.mx\/wp-content\/uploads\/2024\/03\/IMG-20240311-WA0003.jpg 1280w\" sizes=\"auto, (max-width: 1024px) 100vw, 1024px\" \/><\/figure>\n\n\n\n<p><br>Agreg\u00f3 que el S\u00e1bado Santos a las diez de la noche, se representar\u00e1 la Resurrecci\u00f3n de Jes\u00fas \u201cposteriormente el S\u00e1bado Santo, tenemos a las diez de la noche en la Iglesia de La Campana, la resurrecci\u00f3n de Jes\u00fas, a veces lo hacemos con el personaje, a veces lo hacemos con la imagen, se termina la verdad, muy cansado, muy laborioso a veces, ya no est\u00e1n todas las personas, pero si todav\u00eda con unos cien, ciento cincuenta elementos\u201d.<\/p>\n\n\n\n<p>Asimismo puntualiz\u00f3 que estas Fiestas Pascuales, terminan el d\u00eda domingo con la quema de Judas y la flagelaci\u00f3n de los Soldados Romanos \u201ctermina con el Domingo de Pascua, con la flagelaci\u00f3n de todos los Soldados Romanos, la quema de Judas y la flagelaci\u00f3n todos contra todos, en la Iglesia de La Campana\u201d.<\/p>\n\n\n<figure class=\"wp-block-post-featured-image\"><img loading=\"lazy\" decoding=\"async\" width=\"2560\" height=\"1920\" src=\"https:\/\/estado29.mx\/wp-content\/uploads\/2024\/03\/IMG_20240310_142910-min-1-scaled.jpg\" class=\"attachment-post-thumbnail size-post-thumbnail wp-post-image\" alt=\"\" style=\"object-fit:cover;\" srcset=\"https:\/\/estado29.mx\/wp-content\/uploads\/2024\/03\/IMG_20240310_142910-min-1-scaled.jpg 2560w, https:\/\/estado29.mx\/wp-content\/uploads\/2024\/03\/IMG_20240310_142910-min-1-300x225.jpg 300w, https:\/\/estado29.mx\/wp-content\/uploads\/2024\/03\/IMG_20240310_142910-min-1-1024x768.jpg 1024w, https:\/\/estado29.mx\/wp-content\/uploads\/2024\/03\/IMG_20240310_142910-min-1-768x576.jpg 768w, https:\/\/estado29.mx\/wp-content\/uploads\/2024\/03\/IMG_20240310_142910-min-1-1536x1152.jpg 1536w, https:\/\/estado29.mx\/wp-content\/uploads\/2024\/03\/IMG_20240310_142910-min-1-2048x1536.jpg 2048w, https:\/\/estado29.mx\/wp-content\/uploads\/2024\/03\/IMG_20240310_142910-min-1-750x563.jpg 750w, https:\/\/estado29.mx\/wp-content\/uploads\/2024\/03\/IMG_20240310_142910-min-1-1140x855.jpg 1140w\" sizes=\"auto, (max-width: 2560px) 100vw, 2560px\" \/><\/figure>\n\n\n<p><br>D\u00edaz Morales invita a la ciudadan\u00eda a que asistan y vivan este viacrucis en vivo en reflexi\u00f3n y en amor \u201cest\u00e1n invitados a participar en estas Fiestas Pascuales, que se celebran en El Carmen Tequexquitla, para que vengan a dejar su coraz\u00f3n y vengan a aliviar un poquito la espiritualidad de todos los a\u00f1os, mayormente, yo creo que todas las religiones deben participar, no hay ning\u00fan problema, todos somos uno, Dios es amor, Dios no dijo religi\u00f3n, Dios es Amor\u201d.<\/p>\n","protected":false},"excerpt":{"rendered":"<p>El representante del Grupo Cristo Rey en el Municipio de El Carmen Tequexquitla, V\u00edctor D\u00edaz Morales, habl\u00f3 en entrevista para este espacio informativo, sobre las actividades que realizar\u00e1 la representaci\u00f3n del Viacrucis Vida, Pasi\u00f3n y Muerte de Cristo, para los d\u00edas viernes santo, S\u00e1bado de Gloria y Domingo que Pascua \u201cel Viernes Santo empezamos a [&hellip;]<\/p>\n","protected":false},"author":7,"featured_media":89234,"comment_status":"open","ping_status":"open","sticky":false,"template":"","format":"standard","meta":{"om_disable_all_campaigns":false,"_monsterinsights_skip_tracking":false,"_monsterinsights_sitenote_active":false,"_monsterinsights_sitenote_note":"","_monsterinsights_sitenote_category":0,"jnews-multi-image_gallery":[],"jnews_single_post":[],"jnews_primary_category":[],"footnotes":""},"categories":[1],"tags":[],"class_list":["post-89325","post","type-post","status-publish","format-standard","has-post-thumbnail","hentry","category-uncategorized"],"aioseo_notices":[],"_links":{"self":[{"href":"https:\/\/estado29.mx\/index.php?rest_route=\/wp\/v2\/posts\/89325","targetHints":{"allow":["GET"]}}],"collection":[{"href":"https:\/\/estado29.mx\/index.php?rest_route=\/wp\/v2\/posts"}],"about":[{"href":"https:\/\/estado29.mx\/index.php?rest_route=\/wp\/v2\/types\/post"}],"author":[{"embeddable":true,"href":"https:\/\/estado29.mx\/index.php?rest_route=\/wp\/v2\/users\/7"}],"replies":[{"embeddable":true,"href":"https:\/\/estado29.mx\/index.php?rest_route=%2Fwp%2Fv2%2Fcomments&post=89325"}],"version-history":[{"count":1,"href":"https:\/\/estado29.mx\/index.php?rest_route=\/wp\/v2\/posts\/89325\/revisions"}],"predecessor-version":[{"id":89326,"href":"https:\/\/estado29.mx\/index.php?rest_route=\/wp\/v2\/posts\/89325\/revisions\/89326"}],"wp:featuredmedia":[{"embeddable":true,"href":"https:\/\/estado29.mx\/index.php?rest_route=\/wp\/v2\/media\/89234"}],"wp:attachment":[{"href":"https:\/\/estado29.mx\/index.php?rest_route=%2Fwp%2Fv2%2Fmedia&parent=89325"}],"wp:term":[{"taxonomy":"category","embeddable":true,"href":"https:\/\/estado29.mx\/index.php?rest_route=%2Fwp%2Fv2%2Fcategories&post=89325"},{"taxonomy":"post_tag","embeddable":true,"href":"https:\/\/estado29.mx\/index.php?rest_route=%2Fwp%2Fv2%2Ftags&post=89325"}],"curies":[{"name":"wp","href":"https:\/\/api.w.org\/{rel}","templated":true}]}}