{"id":89356,"date":"2024-04-01T15:58:33","date_gmt":"2024-04-01T15:58:33","guid":{"rendered":"https:\/\/estado29.mx\/?p=89356"},"modified":"2024-04-01T15:58:33","modified_gmt":"2024-04-01T15:58:33","slug":"amplia-smyt-periodo-para-el-canje-de-placas-al-28-de-junio","status":"publish","type":"post","link":"https:\/\/estado29.mx\/?p=89356","title":{"rendered":"Amplia SMYT periodo para el canje de placas al 28 de junio."},"content":{"rendered":"\n<p>\u2022 _El costo se mantendr\u00e1 en 235 pesos*<\/p>\n\n\n\n<p>Con la finalidad de que los contribuyentes puedan cumplir con sus obligaciones fiscales, el Gobierno del Estado, a trav\u00e9s de la Secretar\u00eda de Movilidad y Transporte (SMyT), ampli\u00f3 el plazo para realizar el canje de placas del transporte privado al 28 de junio de 2024, manteniendo el costo de 235 pesos, con base en el Acuerdo que establece la Resoluci\u00f3n Miscel\u00e1nea Fiscal Estatal <a><\/a>para el ejercicio fiscal 2024.<\/p>\n\n\n\n<p>Asimismo, los propietarios de veh\u00edculos automotores que deseen regularizar la situaci\u00f3n de sus veh\u00edculos, y que tengan adeudos de ejercicios anteriores a 2024, s\u00f3lo pagar\u00e1n el refrendo 2024 y los derechos correspondientes a los dos \u00faltimos a\u00f1os adeudados, sin pagar multas, recargos y actualizaciones, siempre y cuando se regularicen antes de dicha fecha.<\/p>\n\n\n\n<p>La SMyT inform\u00f3 que quienes a\u00fan no han realizado su canje de placas pueden acudir a las delegaciones ubicadas en Tlaxcala, Santa Ana Chiautempan, Apizaco, Huamantla, Tlaxco, Zacatelco, Calpulalpan y San Pablo del Monte, o bien, acudir al Departamento de Servicios al Transporte Privado en oficinas centrales, en Apetatitl\u00e1n, la cual brinda atenci\u00f3n a la ciudadan\u00eda de todo el territorio estatal.<\/p>\n\n\n\n<p>Para realizar dicho tr\u00e1mite, los propietarios de veh\u00edculos automotores deber\u00e1n presentar original y dos copias de la factura a nombre del propietario. Si se realiz\u00f3 la compra del veh\u00edculo a un tercero, deber\u00e1 presentar adicionalmente el contrato de compra\u2013venta y copia de las identificaciones del comprador y vendedor.<\/p>\n\n\n\n<p>Para los veh\u00edculos que a\u00fan se encuentran en financiamiento, se deber\u00e1 presentar carta factura con vigencia de hasta tres meses despu\u00e9s de su expedici\u00f3n, y la factura sin valor que les proporciona la agencia.<\/p>\n\n\n\n<p>De igual forma, deben presentar identificaci\u00f3n oficial del propietario, ya sea credencial de elector vigente con fotograf\u00eda, c\u00e9dula profesional con fotograf\u00eda, cartilla o pasaporte; comprobante de domicilio de luz, tel\u00e9fono o servicio de internet con antig\u00fcedad m\u00e1xima de tres meses; su CURP actualizado, el \u00faltimo recibo de pago de refrendo y las placas vehiculares con tarjeta de circulaci\u00f3n actuales.<\/p>\n\n\n\n<p>La dependencia se\u00f1al\u00f3 que el canje de placas tiene el prop\u00f3sito de que los veh\u00edculos automotores que circulan en la entidad y en todo el territorio nacional, se encuentren debidamente identificados y se compruebe la posesi\u00f3n legal de los mismos, as\u00ed como garantizar la actualizaci\u00f3n y control del Padr\u00f3n Vehicular Estatal.<\/p>\n\n\n\n<p>Por ello, exhort\u00f3 a los propietarios de veh\u00edculos automotores a que acudan a cualquiera de las delegaciones, o a oficinas centrales, a realizar sus tr\u00e1mites de manera ordenada, toda vez que, con la ampliaci\u00f3n del plazo, se busca evitar aglomeraciones innecesarias.<\/p>\n\n\n\n<p>Finalmente, record\u00f3 que aquellos automovilistas que ya realizaron su canje de placas en el 2023, deber\u00e1n pagar \u00fanicamente su refrendo 2024.<\/p>\n\n\n\n<p>Para mayores informes, los interesados pueden comunicarse al n\u00famero telef\u00f3nico 246 46 5 29 60, extensiones 3343 y 3346.<\/p>\n","protected":false},"excerpt":{"rendered":"<p>\u2022 _El costo se mantendr\u00e1 en 235 pesos* Con la finalidad de que los contribuyentes puedan cumplir con sus obligaciones fiscales, el Gobierno del Estado, a trav\u00e9s de la Secretar\u00eda de Movilidad y Transporte (SMyT), ampli\u00f3 el plazo para realizar el canje de placas del transporte privado al 28 de junio de 2024, manteniendo el [&hellip;]<\/p>\n","protected":false},"author":4,"featured_media":89357,"comment_status":"open","ping_status":"open","sticky":false,"template":"","format":"standard","meta":{"om_disable_all_campaigns":false,"_monsterinsights_skip_tracking":false,"_monsterinsights_sitenote_active":false,"_monsterinsights_sitenote_note":"","_monsterinsights_sitenote_category":0,"jnews-multi-image_gallery":[],"jnews_single_post":{"subtitle":"","format":"standard","video":"","gallery":"","source_name":"","source_url":"","via_name":"","via_url":"","override_template":"0","override":[{"template":"1","single_blog_custom":"","parallax":"1","fullscreen":"1","layout":"right-sidebar","sidebar":"default-sidebar","second_sidebar":"default-sidebar","sticky_sidebar":"1","share_position":"top","share_float_style":"share-monocrhome","show_share_counter":"1","show_view_counter":"1","show_featured":"1","show_post_meta":"1","show_post_author":"1","show_post_author_image":"1","show_post_date":"1","post_date_format":"default","post_date_format_custom":"Y\/m\/d","show_post_category":"1","show_post_reading_time":"0","post_reading_time_wpm":"300","show_zoom_button":"0","zoom_button_out_step":"2","zoom_button_in_step":"3","show_post_tag":"1","show_prev_next_post":"1","show_popup_post":"1","number_popup_post":"1","show_author_box":"1","show_post_related":"0","show_inline_post_related":"0"}],"override_image_size":"0","image_override":[{"single_post_thumbnail_size":"crop-500","single_post_gallery_size":"crop-500"}],"trending_post":"0","trending_post_position":"meta","trending_post_label":"Trending","sponsored_post":"0","sponsored_post_label":"Sponsored by","sponsored_post_name":"","sponsored_post_url":"","sponsored_post_logo_enable":"0","sponsored_post_logo":"","sponsored_post_desc":"","disable_ad":"0"},"jnews_primary_category":{"id":""},"footnotes":""},"categories":[43,52],"tags":[150,110,1048,127,96],"class_list":["post-89356","post","type-post","status-publish","format-standard","has-post-thumbnail","hentry","category-estado","category-gobierno-de-tlaxcala","tag-gobierno-del-estado","tag-municipios","tag-placas","tag-smyt","tag-tlaxcala"],"aioseo_notices":[],"_links":{"self":[{"href":"https:\/\/estado29.mx\/index.php?rest_route=\/wp\/v2\/posts\/89356","targetHints":{"allow":["GET"]}}],"collection":[{"href":"https:\/\/estado29.mx\/index.php?rest_route=\/wp\/v2\/posts"}],"about":[{"href":"https:\/\/estado29.mx\/index.php?rest_route=\/wp\/v2\/types\/post"}],"author":[{"embeddable":true,"href":"https:\/\/estado29.mx\/index.php?rest_route=\/wp\/v2\/users\/4"}],"replies":[{"embeddable":true,"href":"https:\/\/estado29.mx\/index.php?rest_route=%2Fwp%2Fv2%2Fcomments&post=89356"}],"version-history":[{"count":1,"href":"https:\/\/estado29.mx\/index.php?rest_route=\/wp\/v2\/posts\/89356\/revisions"}],"predecessor-version":[{"id":89358,"href":"https:\/\/estado29.mx\/index.php?rest_route=\/wp\/v2\/posts\/89356\/revisions\/89358"}],"wp:featuredmedia":[{"embeddable":true,"href":"https:\/\/estado29.mx\/index.php?rest_route=\/wp\/v2\/media\/89357"}],"wp:attachment":[{"href":"https:\/\/estado29.mx\/index.php?rest_route=%2Fwp%2Fv2%2Fmedia&parent=89356"}],"wp:term":[{"taxonomy":"category","embeddable":true,"href":"https:\/\/estado29.mx\/index.php?rest_route=%2Fwp%2Fv2%2Fcategories&post=89356"},{"taxonomy":"post_tag","embeddable":true,"href":"https:\/\/estado29.mx\/index.php?rest_route=%2Fwp%2Fv2%2Ftags&post=89356"}],"curies":[{"name":"wp","href":"https:\/\/api.w.org\/{rel}","templated":true}]}}