{"id":89379,"date":"2024-04-04T18:43:11","date_gmt":"2024-04-04T18:43:11","guid":{"rendered":"https:\/\/estado29.mx\/?p=89379"},"modified":"2024-04-04T18:43:11","modified_gmt":"2024-04-04T18:43:11","slug":"periodo-vacacional-de-semana-santa-de-incidentes-en-huamantla","status":"publish","type":"post","link":"https:\/\/estado29.mx\/?p=89379","title":{"rendered":"Periodo Vacacional de Semana Santa de Incidentes en Huamantla."},"content":{"rendered":"\n<p>El Coordinador de Protecci\u00f3n Civil en el municipio de Huamantla, Orlando Rafael Castillo L\u00f3pez, comparti\u00f3 para este espacio informativo, sobre los diversos incidentes que se tuvieron el fin de semana en el lugar, como parte del Operativo Semana Santa 2024 \u201cbueno como resultado, no fueron muchos incidentes, todos fueron incidentes menores, en cuestiones de que tuvimos algunas valoraciones por ca\u00eddas, nada m\u00e1s, fueron 15 valoraciones que tuvimos del jueves al domingo, en diferentes puntos\u201d.<\/p>\n\n\n\n<p>Castillo L\u00f3pez, detall\u00f3 que dicha corporaci\u00f3n atendi\u00f3 15 valoraciones, incendios en comunidades y cabecera municipal, as\u00ed como apoyo en el rescate de tres personas que sufrieron ca\u00edda en la zona arenosa de la monta\u00f1a La Malinche y una fuga de gas \u201ctuvimos cinco incendios, tambi\u00e9n en diferentes comunidades, dos aqu\u00ed en la ciudad y atendimos una fuga de gas, tuvimos un incidente el d\u00eda viernes, que fue un fallecido, ese es el m\u00e1s grave, fue el fallecido y dos lesionados m\u00e1s\u201d.<\/p>\n\n\n\n<p><br>Para finalizar, dijo que \u201ctambi\u00e9n tuvimos el d\u00eda domingo un apoyo que hicimos en el Centro Vacacional La Malinche, trabajamos en coordinaci\u00f3n con Polic\u00eda de Monta\u00f1a, ya que, en la parte alta de los areneros, hubo tres personas que se cayeron, uno vino con posible fractura de codo, ellos lo bajaron, lo bajan ahora si que con su equipo, ya nosotros, precisamente en donde est\u00e1 el albergue, nosotros le damos la atenci\u00f3n m\u00e9dica y por parte de nosotros, trasladamos a una ni\u00f1a de ocho a\u00f1os, que tambi\u00e9n sufri\u00f3 luxaci\u00f3n de rodilla derecha, al masculino que ten\u00eda la posible fractura en el codo lo traslad\u00f3 Cruz Roja, al Hospital de la Ciudad y otro que, fue nada m\u00e1s, una peque\u00f1a torcedura, que en el lugar se atendi\u00f3, se le puso un desinflamatorio, se le puso un vendaje y fue trasladado por sus propios medios\u201d.<\/p>\n\n\n<figure class=\"wp-block-post-featured-image\"><img loading=\"lazy\" decoding=\"async\" width=\"2560\" height=\"1920\" src=\"https:\/\/estado29.mx\/wp-content\/uploads\/2024\/03\/IMG_20240327_102908-min-scaled.jpg\" class=\"attachment-post-thumbnail size-post-thumbnail wp-post-image\" alt=\"\" style=\"object-fit:cover;\" srcset=\"https:\/\/estado29.mx\/wp-content\/uploads\/2024\/03\/IMG_20240327_102908-min-scaled.jpg 2560w, https:\/\/estado29.mx\/wp-content\/uploads\/2024\/03\/IMG_20240327_102908-min-300x225.jpg 300w, https:\/\/estado29.mx\/wp-content\/uploads\/2024\/03\/IMG_20240327_102908-min-1024x768.jpg 1024w, https:\/\/estado29.mx\/wp-content\/uploads\/2024\/03\/IMG_20240327_102908-min-768x576.jpg 768w, https:\/\/estado29.mx\/wp-content\/uploads\/2024\/03\/IMG_20240327_102908-min-1536x1152.jpg 1536w, https:\/\/estado29.mx\/wp-content\/uploads\/2024\/03\/IMG_20240327_102908-min-2048x1536.jpg 2048w, https:\/\/estado29.mx\/wp-content\/uploads\/2024\/03\/IMG_20240327_102908-min-750x563.jpg 750w, https:\/\/estado29.mx\/wp-content\/uploads\/2024\/03\/IMG_20240327_102908-min-1140x855.jpg 1140w\" sizes=\"auto, (max-width: 2560px) 100vw, 2560px\" \/><\/figure>\n\n<figure class=\"wp-block-post-featured-image\"><img loading=\"lazy\" decoding=\"async\" width=\"2560\" height=\"1920\" src=\"https:\/\/estado29.mx\/wp-content\/uploads\/2024\/03\/IMG_20240327_102908-min-scaled.jpg\" class=\"attachment-post-thumbnail size-post-thumbnail wp-post-image\" alt=\"\" style=\"object-fit:cover;\" srcset=\"https:\/\/estado29.mx\/wp-content\/uploads\/2024\/03\/IMG_20240327_102908-min-scaled.jpg 2560w, https:\/\/estado29.mx\/wp-content\/uploads\/2024\/03\/IMG_20240327_102908-min-300x225.jpg 300w, https:\/\/estado29.mx\/wp-content\/uploads\/2024\/03\/IMG_20240327_102908-min-1024x768.jpg 1024w, https:\/\/estado29.mx\/wp-content\/uploads\/2024\/03\/IMG_20240327_102908-min-768x576.jpg 768w, https:\/\/estado29.mx\/wp-content\/uploads\/2024\/03\/IMG_20240327_102908-min-1536x1152.jpg 1536w, https:\/\/estado29.mx\/wp-content\/uploads\/2024\/03\/IMG_20240327_102908-min-2048x1536.jpg 2048w, https:\/\/estado29.mx\/wp-content\/uploads\/2024\/03\/IMG_20240327_102908-min-750x563.jpg 750w, https:\/\/estado29.mx\/wp-content\/uploads\/2024\/03\/IMG_20240327_102908-min-1140x855.jpg 1140w\" sizes=\"auto, (max-width: 2560px) 100vw, 2560px\" \/><\/figure>","protected":false},"excerpt":{"rendered":"<p>El Coordinador de Protecci\u00f3n Civil en el municipio de Huamantla, Orlando Rafael Castillo L\u00f3pez, comparti\u00f3 para este espacio informativo, sobre los diversos incidentes que se tuvieron el fin de semana en el lugar, como parte del Operativo Semana Santa 2024 \u201cbueno como resultado, no fueron muchos incidentes, todos fueron incidentes menores, en cuestiones de que [&hellip;]<\/p>\n","protected":false},"author":7,"featured_media":89323,"comment_status":"open","ping_status":"open","sticky":false,"template":"","format":"standard","meta":{"om_disable_all_campaigns":false,"_monsterinsights_skip_tracking":false,"_monsterinsights_sitenote_active":false,"_monsterinsights_sitenote_note":"","_monsterinsights_sitenote_category":0,"jnews-multi-image_gallery":[],"jnews_single_post":{"subtitle":"","format":"standard","video":"","gallery":"","source_name":"","source_url":"","via_name":"","via_url":"","override_template":"0","override":[{"template":"1","single_blog_custom":"","parallax":"1","fullscreen":"1","layout":"right-sidebar","sidebar":"default-sidebar","second_sidebar":"default-sidebar","sticky_sidebar":"1","share_position":"top","share_float_style":"share-monocrhome","show_share_counter":"1","show_view_counter":"1","show_featured":"1","show_post_meta":"1","show_post_author":"1","show_post_author_image":"1","show_post_date":"1","post_date_format":"default","post_date_format_custom":"Y\/m\/d","show_post_category":"1","show_post_reading_time":"0","post_reading_time_wpm":"300","show_zoom_button":"0","zoom_button_out_step":"2","zoom_button_in_step":"3","show_post_tag":"1","show_prev_next_post":"1","show_popup_post":"1","number_popup_post":"1","show_author_box":"1","show_post_related":"0","show_inline_post_related":"0"}],"override_image_size":"0","image_override":[{"single_post_thumbnail_size":"crop-500","single_post_gallery_size":"crop-500"}],"trending_post":"0","trending_post_position":"meta","trending_post_label":"Trending","sponsored_post":"0","sponsored_post_label":"Sponsored by","sponsored_post_name":"","sponsored_post_url":"","sponsored_post_logo_enable":"0","sponsored_post_logo":"","sponsored_post_desc":"","disable_ad":"0"},"jnews_primary_category":{"id":""},"footnotes":""},"categories":[1],"tags":[],"class_list":["post-89379","post","type-post","status-publish","format-standard","has-post-thumbnail","hentry","category-uncategorized"],"aioseo_notices":[],"_links":{"self":[{"href":"https:\/\/estado29.mx\/index.php?rest_route=\/wp\/v2\/posts\/89379","targetHints":{"allow":["GET"]}}],"collection":[{"href":"https:\/\/estado29.mx\/index.php?rest_route=\/wp\/v2\/posts"}],"about":[{"href":"https:\/\/estado29.mx\/index.php?rest_route=\/wp\/v2\/types\/post"}],"author":[{"embeddable":true,"href":"https:\/\/estado29.mx\/index.php?rest_route=\/wp\/v2\/users\/7"}],"replies":[{"embeddable":true,"href":"https:\/\/estado29.mx\/index.php?rest_route=%2Fwp%2Fv2%2Fcomments&post=89379"}],"version-history":[{"count":1,"href":"https:\/\/estado29.mx\/index.php?rest_route=\/wp\/v2\/posts\/89379\/revisions"}],"predecessor-version":[{"id":89380,"href":"https:\/\/estado29.mx\/index.php?rest_route=\/wp\/v2\/posts\/89379\/revisions\/89380"}],"wp:featuredmedia":[{"embeddable":true,"href":"https:\/\/estado29.mx\/index.php?rest_route=\/wp\/v2\/media\/89323"}],"wp:attachment":[{"href":"https:\/\/estado29.mx\/index.php?rest_route=%2Fwp%2Fv2%2Fmedia&parent=89379"}],"wp:term":[{"taxonomy":"category","embeddable":true,"href":"https:\/\/estado29.mx\/index.php?rest_route=%2Fwp%2Fv2%2Fcategories&post=89379"},{"taxonomy":"post_tag","embeddable":true,"href":"https:\/\/estado29.mx\/index.php?rest_route=%2Fwp%2Fv2%2Ftags&post=89379"}],"curies":[{"name":"wp","href":"https:\/\/api.w.org\/{rel}","templated":true}]}}